{"id":958515,"date":"2026-05-26T19:12:43","date_gmt":"2026-05-26T19:12:43","guid":{"rendered":"https:\/\/www.europesays.com\/fr\/958515\/"},"modified":"2026-05-26T19:12:43","modified_gmt":"2026-05-26T19:12:43","slug":"un-proces-public-souvre-a-paris-pour-des-agressions-sexuelles-sur-des-enfants","status":"publish","type":"post","link":"https:\/\/www.europesays.com\/fr\/958515\/","title":{"rendered":"Un proc\u00e8s public s&rsquo;ouvre \u00e0 Paris pour des agressions sexuelles sur des enfants"},"content":{"rendered":"<p>Des associations de parents en France ont attir\u00e9 l\u2019attention sur les scandales d\u2019abus longtemps ignor\u00e9s dans les \u00e9coles, alors qu\u2019un proc\u00e8s public exceptionnel s\u2019ouvrait mardi contre un animateur du p\u00e9riscolaire accus\u00e9 d\u2019avoir agress\u00e9 sexuellement neuf jeunes enfants \u00e0 Paris.<\/p>\n<p>Inspir\u00e9s par la d\u00e9cision de Gis\u00e8le Pelicot de rendre public son proc\u00e8s poignant de viol et de soumission chimique, les parents des enfants ont accept\u00e9 que les d\u00e9bats soient publics. En France, les proc\u00e8s impliquant des mineurs se d\u00e9roulent g\u00e9n\u00e9ralement \u00e0 huis clos.<\/p>\n<p>Selon leurs avocats, certains parents ont d\u00e9clar\u00e9 suivre l\u2019exemple de Gis\u00e8le Pelicot et sa devise pour que \u00abla honte change de camp\u00bb et qu\u2019elle retombe sur les agresseurs, plut\u00f4t que sur les victimes.<\/p>\n<p>L\u2019affaire parisienne a \u00e9clat\u00e9 en avril\u00a02025 apr\u00e8s que plusieurs enfants ont racont\u00e9 \u00e0 leurs parents qu\u2019ils auraient \u00e9t\u00e9 victimes d\u2019agressions sexuelles dans une \u00e9cole maternelle.<\/p>\n<p>L\u2019accus\u00e9, \u00e2g\u00e9 de 36\u00a0ans et dont l\u2019identit\u00e9 n\u2019a pas \u00e9t\u00e9 r\u00e9v\u00e9l\u00e9e, est accus\u00e9 d\u2019avoir agress\u00e9 des enfants alors qu\u2019il les surveillait dans les toilettes, pendant les pauses du midi et lors du service de garde apr\u00e8s l\u2019\u00e9cole, entre ao\u00fbt\u00a02024 et avril\u00a02025. Il a ni\u00e9 avoir commis des s\u00e9vices sexuels sur des enfants.<\/p>\n<p>Les enfants \u00e9taient \u00e2g\u00e9s de 3\u00a0\u00e0 5\u00a0ans \u00e0 l\u2019\u00e9poque. Ils ne sont pas tenus d\u2019assister au proc\u00e8s. Un juge a lu leurs t\u00e9moignages aux enqu\u00eateurs.<\/p>\n<p>L\u2019homme est \u00e9galement accus\u00e9 d\u2019avoir harcel\u00e9 sexuellement deux coll\u00e8gues et d\u2019avoir agress\u00e9 sexuellement l\u2019une d\u2019entre elles. Il risque jusqu\u2019\u00e0 10\u00a0ans de prison. Son avocat n\u2019a pas souhait\u00e9 s\u2019exprimer aupr\u00e8s de l\u2019Associated Press avant le proc\u00e8s.<\/p>\n<p>Barka Zerouali, cofondateur du collectif #MeTooEcole, a affirm\u00e9 lors d\u2019une manifestation devant le tribunal qu\u2019il \u00e9tait temps que le pays se r\u00e9veille. Les manifestants brandissaient une banderole sur laquelle on pouvait lire: \u00abParce qu\u2019aucun enfant ne devrait avoir peur d\u2019aller \u00e0 l\u2019\u00e9cole\u00bb.<\/p>\n<p>Les familles ont d\u00e9clar\u00e9 que le traumatisme caus\u00e9 par les agressions pr\u00e9sum\u00e9es \u00e9tait aggrav\u00e9 par ce qu\u2019elles ont d\u00e9crit comme une lutte pour \u00eatre prises au s\u00e9rieux par les autorit\u00e9s. Un premier signal d\u2019alarme lanc\u00e9 par une m\u00e8re plusieurs mois auparavant aurait \u00e9t\u00e9 ignor\u00e9 par l\u2019\u00e9cole.<\/p>\n<p>Rebecca Royer, avocate repr\u00e9sentant plusieurs familles, a indiqu\u00e9 qu\u2019elle esp\u00e9rait voir un v\u00e9ritable tournant dans la protection de l\u2019enfance. Ses clients demandent que le gouvernement et les municipalit\u00e9s mettent en \u0153uvre des mesures et des ressources pour prot\u00e9ger les enfants.<\/p>\n<p>Des affaires similaires \u00e0 Paris et dans toute la France ont attir\u00e9 l\u2019attention des m\u00e9dias ces derniers mois.<\/p>\n<p>La procureure de Paris, Laure Beccuau, a d\u00e9clar\u00e9 la semaine derni\u00e8re que des enqu\u00eates \u00e9taient en cours pour 84\u00a0\u00e9coles maternelles, une vingtaine d\u2019\u00e9coles primaires et une dizaine de garderies dans la capitale.<\/p>\n<p>Le maire de Paris, Emmanuel Gr\u00e9goire, a indiqu\u00e9 que 78\u00a0membres du personnel scolaire et p\u00e9riscolaire avaient \u00e9t\u00e9 suspendus dans la capitale depuis le d\u00e9but de l\u2019ann\u00e9e 2026, dont 31\u00a0pour des soup\u00e7ons de violences sexuelles.<\/p>\n<p>Alors que les enseignants des \u00e9coles publiques sont employ\u00e9s par l\u2019\u00c9tat en France, les aides-\u00e9ducateurs et les animateurs p\u00e9riscolaires sont recrut\u00e9s par les municipalit\u00e9s.<\/p>\n<p>\u00c9lu en mars, M.\u00a0Gr\u00e9goire a fait de la lutte contre les abus des enfants une \u00abpriorit\u00e9 absolue\u00bb et a d\u00e9voil\u00e9 un plan de 20\u00a0millions d\u2019euros (soit environ 32\u00a0millions\u00a0$\u00a0CAN) visant \u00e0 rem\u00e9dier au \u00abdysfonctionnement majeur\u00bb du syst\u00e8me de surveillance scolaire de la ville. Il s\u2019est engag\u00e9 \u00e0 suspendre imm\u00e9diatement tout employ\u00e9 scolaire soup\u00e7onn\u00e9 d\u2019abus d\u2019enfant.<\/p>\n<p>Avant son \u00e9lection, M.\u00a0Gr\u00e9goire avait r\u00e9v\u00e9l\u00e9 publiquement avoir \u00e9t\u00e9 victime d\u2019abus sexuels lorsqu\u2019il \u00e9tait enfant, alors qu\u2019il fr\u00e9quentait l\u2019\u00e9cole primaire entre ses 9\u00a0et 10\u00a0ans.<\/p>\n<p>La maltraitance des enfants est devenue un enjeu majeur de la campagne pour la mairie apr\u00e8s qu\u2019une s\u00e9rie d\u2019all\u00e9gations impliquant des \u00e9coles publiques a \u00e9t\u00e9 r\u00e9v\u00e9l\u00e9e plus t\u00f4t cette ann\u00e9e.<\/p>\n<p>___<\/p>\n<p>Les journalistes de l\u2019Associated Press Nicolas Garriga et Masha Macpherson ont contribu\u00e9 \u00e0 cette d\u00e9p\u00eache.<\/p>\n","protected":false},"excerpt":{"rendered":"Des associations de parents en France ont attir\u00e9 l\u2019attention sur les scandales d\u2019abus longtemps ignor\u00e9s dans les \u00e9coles,&hellip;\n","protected":false},"author":2,"featured_media":958516,"comment_status":"","ping_status":"","sticky":false,"template":"","format":"standard","meta":{"footnotes":"","_share_on_mastodon":"0"},"categories":[1888],"tags":[1111,1928,11,1927,1777,674,1011,27,32214,1854,20106,15225,12,1926,626,1925,25],"class_list":["post-958515","post","type-post","status-publish","format-standard","has-post-thumbnail","category-paris","tag-actu","tag-actu-paris","tag-actualites","tag-actualites-paris","tag-eu","tag-europe","tag-fr","tag-france","tag-https-lactualite-com-sujet-education","tag-https-lactualite-com-sujet-international","tag-https-lactualite-com-sujet-justice","tag-https-lactualite-com-sujet-social","tag-news","tag-news-paris","tag-paris","tag-paris-news","tag-republique-francaise"],"share_on_mastodon":{"url":"https:\/\/pubeurope.com\/@fr\/116642470150979554","error":""},"_links":{"self":[{"href":"https:\/\/www.europesays.com\/fr\/wp-json\/wp\/v2\/posts\/958515","targetHints":{"allow":["GET"]}}],"collection":[{"href":"https:\/\/www.europesays.com\/fr\/wp-json\/wp\/v2\/posts"}],"about":[{"href":"https:\/\/www.europesays.com\/fr\/wp-json\/wp\/v2\/types\/post"}],"author":[{"embeddable":true,"href":"https:\/\/www.europesays.com\/fr\/wp-json\/wp\/v2\/users\/2"}],"replies":[{"embeddable":true,"href":"https:\/\/www.europesays.com\/fr\/wp-json\/wp\/v2\/comments?post=958515"}],"version-history":[{"count":0,"href":"https:\/\/www.europesays.com\/fr\/wp-json\/wp\/v2\/posts\/958515\/revisions"}],"wp:featuredmedia":[{"embeddable":true,"href":"https:\/\/www.europesays.com\/fr\/wp-json\/wp\/v2\/media\/958516"}],"wp:attachment":[{"href":"https:\/\/www.europesays.com\/fr\/wp-json\/wp\/v2\/media?parent=958515"}],"wp:term":[{"taxonomy":"category","embeddable":true,"href":"https:\/\/www.europesays.com\/fr\/wp-json\/wp\/v2\/categories?post=958515"},{"taxonomy":"post_tag","embeddable":true,"href":"https:\/\/www.europesays.com\/fr\/wp-json\/wp\/v2\/tags?post=958515"}],"curies":[{"name":"wp","href":"https:\/\/api.w.org\/{rel}","templated":true}]}}