{"id":95856,"date":"2025-05-13T03:52:09","date_gmt":"2025-05-13T03:52:09","guid":{"rendered":"https:\/\/www.europesays.com\/fr\/95856\/"},"modified":"2025-05-13T03:52:09","modified_gmt":"2025-05-13T03:52:09","slug":"a-rouen-le-public-decouvre-zeus-star-des-jo","status":"publish","type":"post","link":"https:\/\/www.europesays.com\/fr\/95856\/","title":{"rendered":"A Rouen, le public d\u00e9couvre \u00ab\u00a0Zeus\u00a0\u00bb, star des JO"},"content":{"rendered":"\n<p align=\"justify\">Embl\u00e8me de la c\u00e9r\u00e9monie d&rsquo;ouverture de JO de Paris 2024, \u00ab\u00a0Zeus\u00a0\u00bb a pris ses quartiers \u00e0 Rouen. <strong>Ce cheval m\u00e9tallique est visible jusqu&rsquo;au 23 mai en bords de Seine, sur l\u2019Agora Sequana<\/strong>, et il y avait d\u00e9j\u00e0 pas mal de monde lors de l&rsquo;inauguration. Un public ravi de se replonger dans l&rsquo;ambiance des jeux. \u00ab\u00a0C&rsquo;est super de retrouver ce cheval en fonctionnement avec la musique des JO qui est jou\u00e9e en m\u00eame temps, c&rsquo;est vraiment tr\u00e8s po\u00e9tique [\u2026] <strong>Il est \u00e9l\u00e9gant, il est vraiment magnifique, il n&rsquo;y a pas d&rsquo;autres mots<\/strong>\u00a0\u00bb se r\u00e9jouissent Christian et Annie.<\/p>\n<p><strong>\u00ab\u00a0Une belle r\u00e9alisation\u00a0\u00bb<\/strong><\/p>\n<p align=\"justify\">Un sentiment partag\u00e9 par J\u00e9r\u00f4me et Ga\u00eblle, ainsi que leurs deux enfants Cl\u00e9ment et Gladys, qui multiplient les poses photo devant le cheval mis en mouvement : \u00ab\u00a0Il est joli. C&rsquo;est aussi beau en vrai qu&rsquo;\u00e0 la t\u00e9l\u00e9vision, c&rsquo;est magnifique. Le mouvement est fluide, l&rsquo;entreprise qui l&rsquo;a fabriqu\u00e9 est chouette.<strong> <\/strong>C&rsquo;est une belle r\u00e9alisation\u00a0\u00bb. Le m\u00e9canisme s\u2019actionnera chaque jour \u00e0 intervalle r\u00e9gulier : <strong>durant une minute, toutes les quatre minutes, de 10h \u00e0 19h<\/strong>.<\/p>\n<p> <strong>\u00ab\u00a0Une image importante\u00a0\u00bb<\/strong><\/p>\n<p align=\"justify\">Et l&rsquo;id\u00e9e de concevoir un cheval m\u00e9tallique pour apporter le drapeau olympique depuis la Seine, c&rsquo;est un certain Thomas Jolly qui en a eu l&rsquo;id\u00e9e. \u00ab\u00a0<strong>On s&rsquo;est dit qu&rsquo;un cheval avec sur son dos une femme puissante, une femme en armure, serait certainement une image importante parce que d&rsquo;abord la d\u00e9esse Sequana est une femme qui s&rsquo;est battue contre la violence d&rsquo;un homme<\/strong>. Que c&rsquo;\u00e9tait aussi une \u00e9vocation de Jeanne d&rsquo;Arc, de loin, mais quand m\u00eame d&rsquo;une femme qui porte avec elle l&rsquo;\u00e9mancipation, la libert\u00e9\u00a0\u00bb explique le directeur artistique des c\u00e9r\u00e9monies, originaire de Rouen et invit\u00e9 surprise de cette inauguration.<\/p>\n","protected":false},"excerpt":{"rendered":"Embl\u00e8me de la c\u00e9r\u00e9monie d&rsquo;ouverture de JO de Paris 2024, \u00ab\u00a0Zeus\u00a0\u00bb a pris ses quartiers \u00e0 Rouen. Ce&hellip;\n","protected":false},"author":2,"featured_media":95857,"comment_status":"","ping_status":"","sticky":false,"template":"","format":"standard","meta":{"footnotes":""},"categories":[9587],"tags":[1111,11,20905,13522,20902,1777,674,1011,27,13526,20903,7941,12,5161,25,9590,13527,18228,20904],"class_list":{"0":"post-95856","1":"post","2":"type-post","3":"status-publish","4":"format-standard","5":"has-post-thumbnail","7":"category-rouen","8":"tag-actu","9":"tag-actualites","10":"tag-agora-sequana","11":"tag-cheval-jo-rouen","12":"tag-cheval-metallique-jo-rouen","13":"tag-eu","14":"tag-europe","15":"tag-fr","16":"tag-france","17":"tag-info-rouen","18":"tag-jo-rouen","19":"tag-jo-paris-2024","20":"tag-news","21":"tag-normandie","22":"tag-republique-francaise","23":"tag-rouen","24":"tag-seine","25":"tag-thomas-jolly","26":"tag-zeus-cheval-jo"},"share_on_mastodon":{"url":"https:\/\/pubeurope.com\/@fr\/114498498851420839","error":""},"_links":{"self":[{"href":"https:\/\/www.europesays.com\/fr\/wp-json\/wp\/v2\/posts\/95856","targetHints":{"allow":["GET"]}}],"collection":[{"href":"https:\/\/www.europesays.com\/fr\/wp-json\/wp\/v2\/posts"}],"about":[{"href":"https:\/\/www.europesays.com\/fr\/wp-json\/wp\/v2\/types\/post"}],"author":[{"embeddable":true,"href":"https:\/\/www.europesays.com\/fr\/wp-json\/wp\/v2\/users\/2"}],"replies":[{"embeddable":true,"href":"https:\/\/www.europesays.com\/fr\/wp-json\/wp\/v2\/comments?post=95856"}],"version-history":[{"count":0,"href":"https:\/\/www.europesays.com\/fr\/wp-json\/wp\/v2\/posts\/95856\/revisions"}],"wp:featuredmedia":[{"embeddable":true,"href":"https:\/\/www.europesays.com\/fr\/wp-json\/wp\/v2\/media\/95857"}],"wp:attachment":[{"href":"https:\/\/www.europesays.com\/fr\/wp-json\/wp\/v2\/media?parent=95856"}],"wp:term":[{"taxonomy":"category","embeddable":true,"href":"https:\/\/www.europesays.com\/fr\/wp-json\/wp\/v2\/categories?post=95856"},{"taxonomy":"post_tag","embeddable":true,"href":"https:\/\/www.europesays.com\/fr\/wp-json\/wp\/v2\/tags?post=95856"}],"curies":[{"name":"wp","href":"https:\/\/api.w.org\/{rel}","templated":true}]}}