{"id":95860,"date":"2025-05-13T03:55:11","date_gmt":"2025-05-13T03:55:11","guid":{"rendered":"https:\/\/www.europesays.com\/fr\/95860\/"},"modified":"2025-05-13T03:55:11","modified_gmt":"2025-05-13T03:55:11","slug":"a-rennes-deux-ans-ferme-pour-une-agression-au-couteau-en-pleine-rue","status":"publish","type":"post","link":"https:\/\/www.europesays.com\/fr\/95860\/","title":{"rendered":"\u00c0 Rennes, deux ans ferme pour une agression au couteau en pleine rue"},"content":{"rendered":"<p>Il est 8\u00a0h\u00a030, ce mardi 11\u00a0mars 2025. Un homme d\u00e9tale, sous la menace de deux autres qui le poursuivent, avenue Jules-Ferry \u00e0 Rennes (Ille-et-Vilaine). Il est rou\u00e9 de coups quand ses deux agresseurs se portent \u00e0 sa hauteur. La sc\u00e8ne, particuli\u00e8rement violente, ne passe pas inaper\u00e7ue. Les appels t\u00e9l\u00e9phoniques affluent \u00e0 police secours. Des usagers du m\u00e9tro, des \u00e9tudiants qui rejoignent la fac de droit, toute proche, un ouvrier sur un chantier d\u00e9crivent un homme qui se fait <strong>\u00ab\u00a0d\u00e9foncer, massacrer,\u00a0\u00bb <\/strong>\u00e0 coups de poing, de pied.<\/p>\n<p>Pire\u00a0: un coup de couteau lui est ass\u00e9n\u00e9, par-derri\u00e8re. Il est touch\u00e9 au poumon. Dix jours d\u2019incapacit\u00e9 totale de travail (ITT) lui seront prescrits, en attendant les r\u00e9percussions psychologiques qui n\u2019ont pas encore \u00e9t\u00e9 \u00e9valu\u00e9es.<\/p>\n<p>Tout est parti du centre d\u2019h\u00e9bergement et de r\u00e9insertion sociale Saint-Beno\u00eet-Labre, rue du Bois-Rondel. La victime et son plus jeune agresseur de 22\u00a0ans y vivent. Le troisi\u00e8me homme y a \u00e9t\u00e9, un temps, h\u00e9berg\u00e9. Ce mardi matin, il y revient, en \u00e9tat d\u2019ivresse. C\u2019est, a priori, lui qui allume la m\u00e8che du passage \u00e0 tabac. Une banale histoire de cigarette refus\u00e9e, d\u2019injures \u00e9chang\u00e9es.<\/p>\n<p>Au-del\u00e0 des r\u00e9quisitions<\/p>\n<p>Arr\u00eat\u00e9s le matin m\u00eame de l\u2019agression, Souleymane Barry Barry, 25\u00a0ans, et Abdul Salam Diallo, 22\u00a0ans, d\u00e9tenus depuis les faits, ont comparu, lundi, devant le tribunal correctionnel. Les deux hommes reconnaissent que le d\u00e9rapage est all\u00e9 trop loin, mais ils en attribuent la responsabilit\u00e9 \u00e0 leur victime. <strong>\u00ab\u00a0Je lui ai<\/strong> <strong>, simplement, dit bonjour, <\/strong>assure Souleymane Barry Barry. <strong>C\u2019est lui qui <\/strong> <strong>m\u2019a insult\u00e9\u00a0! Il est dangereux\u00a0!\u00a0\u00bb <\/strong><\/p>\n<p>Le r\u00e9cit des nombreux t\u00e9moins, comme les images de vid\u00e9osurveillance, contredisent cette version. La victime, elle-m\u00eame, a craint pour sa vie face \u00e0 ce d\u00e9cha\u00eenement de violence. Ses deux agresseurs, lundi, ont \u00e9t\u00e9 lourdement condamn\u00e9s. En effet, le tribunal est all\u00e9 au-del\u00e0 des r\u00e9quisitions de la procureure de la R\u00e9publique qui r\u00e9clamait entre six et neuf mois de prison ferme. Souleymane Barry Barry a \u00e9t\u00e9 condamn\u00e9 \u00e0 36\u00a0mois de prison dont 12\u00a0avec sursis probatoire. Abdul Salam Diallo, l\u2019auteur du coup de couteau, dont l\u2019alt\u00e9ration du discernement a pourtant \u00e9t\u00e9 retenue pour schizophr\u00e9nie, \u00e9cope de la m\u00eame peine. Les deux hommes sont maintenus en d\u00e9tention.<\/p>\n<p>\u00a0<\/p>\n","protected":false},"excerpt":{"rendered":"Il est 8\u00a0h\u00a030, ce mardi 11\u00a0mars 2025. Un homme d\u00e9tale, sous la menace de deux autres qui le&hellip;\n","protected":false},"author":2,"featured_media":95861,"comment_status":"","ping_status":"","sticky":false,"template":"","format":"standard","meta":{"footnotes":""},"categories":[2821],"tags":[1111,11,1120,1764,829,5264,1777,674,9095,1011,27,12,19940,584,25,3640],"class_list":{"0":"post-95860","1":"post","2":"type-post","3":"status-publish","4":"format-standard","5":"has-post-thumbnail","7":"category-rennes","8":"tag-actu","9":"tag-actualites","10":"tag-agression","11":"tag-ans","12":"tag-bretagne","13":"tag-couteau","14":"tag-eu","15":"tag-europe","16":"tag-ferme","17":"tag-fr","18":"tag-france","19":"tag-news","20":"tag-pleine","21":"tag-rennes","22":"tag-republique-francaise","23":"tag-rue"},"share_on_mastodon":{"url":"https:\/\/pubeurope.com\/@fr\/114498510681604183","error":""},"_links":{"self":[{"href":"https:\/\/www.europesays.com\/fr\/wp-json\/wp\/v2\/posts\/95860","targetHints":{"allow":["GET"]}}],"collection":[{"href":"https:\/\/www.europesays.com\/fr\/wp-json\/wp\/v2\/posts"}],"about":[{"href":"https:\/\/www.europesays.com\/fr\/wp-json\/wp\/v2\/types\/post"}],"author":[{"embeddable":true,"href":"https:\/\/www.europesays.com\/fr\/wp-json\/wp\/v2\/users\/2"}],"replies":[{"embeddable":true,"href":"https:\/\/www.europesays.com\/fr\/wp-json\/wp\/v2\/comments?post=95860"}],"version-history":[{"count":0,"href":"https:\/\/www.europesays.com\/fr\/wp-json\/wp\/v2\/posts\/95860\/revisions"}],"wp:featuredmedia":[{"embeddable":true,"href":"https:\/\/www.europesays.com\/fr\/wp-json\/wp\/v2\/media\/95861"}],"wp:attachment":[{"href":"https:\/\/www.europesays.com\/fr\/wp-json\/wp\/v2\/media?parent=95860"}],"wp:term":[{"taxonomy":"category","embeddable":true,"href":"https:\/\/www.europesays.com\/fr\/wp-json\/wp\/v2\/categories?post=95860"},{"taxonomy":"post_tag","embeddable":true,"href":"https:\/\/www.europesays.com\/fr\/wp-json\/wp\/v2\/tags?post=95860"}],"curies":[{"name":"wp","href":"https:\/\/api.w.org\/{rel}","templated":true}]}}