{"id":95863,"date":"2025-05-13T03:57:19","date_gmt":"2025-05-13T03:57:19","guid":{"rendered":"https:\/\/www.europesays.com\/fr\/95863\/"},"modified":"2025-05-13T03:57:19","modified_gmt":"2025-05-13T03:57:19","slug":"oberhausbergen-moderne-metisse-le-bal-populaire-version-ultrabal-electrisera-le-preo-scene-jeudi-15-mai","status":"publish","type":"post","link":"https:\/\/www.europesays.com\/fr\/95863\/","title":{"rendered":"Oberhausbergen. Moderne, m\u00e9tiss\u00e9, le bal populaire version Ultrabal \u00e9lectrisera le Pr\u00e9O Sc\u00e8ne jeudi 15\u00a0mai"},"content":{"rendered":"<p>On aura l\u2019occasion, jeudi 15\u00a0mai, de d\u00e9couvrir \u00e0 Oberhausbergen <a href=\"https:\/\/www.dna.fr\/culture-loisirs\/2025\/05\/12\/la-valse-a-mille-temps-de-l-ultrabal\" target=\"_blank\" rel=\"nofollow noopener\">l\u2019Ultrabal, qui enflamme depuis plusieurs ann\u00e9es les sc\u00e8nes<\/a> avec son concept unique\u00a0: r\u00e9inventer le bal populaire en y m\u00ealant audace, \u00e9nergie et m\u00e9tissages musicaux. Sous la direction du chef d\u2019orchestre survolt\u00e9 Fixi, une brigade explosive de musiciennes et musiciens de talent s\u2019unit pour cr\u00e9er une f\u00eate \u00e0 la fois r\u00e9tro et r\u00e9solument moderne.<\/p>\n<p>  Tourbillon musical<\/p>\n<p>Durant plus de deux heures, un v\u00e9ritable tourbillon musical attend les spectateurs, entre compositions originales et classiques incontournables des ann\u00e9es 1930 \u00e0 aujourd\u2019hui. \u00c9dith Piaf, Harry Belafonte, France Gall, The Bangles ou encore Donna Summer se c\u00f4toient dans des r\u00e9interpr\u00e9tations \u00e9lectrisantes. Ce r\u00e9pertoire d\u00e9brid\u00e9, revisit\u00e9 avec la fougue et les couleurs uniques de l\u2019Ultrabal, mariant chanson et dub, s\u00e9ga et hip-hop, musette et \u00e9lectro, invite \u00e0 la danse et \u00e0 la liesse. Une fiesta explosive qui va transformer, le temps d\u2019une soir\u00e9e, le Pr\u00e9O Sc\u00e8ne en piste de danse g\u00e9ante.<\/p>\n<p class=\"note\">L\u2019Ultrabal, jeudi 15\u00a0mai \u00e0 20\u00a0h au Pr\u00e9O Sc\u00e8ne, 5, rue du G\u00e9n\u00e9ral-de-Gaulle \u00e0 Oberhausbergen. Tarifs et informations au 03\u00a088\u00a056\u00a090\u00a039 ou sur www.le-preo.frhttps:\/\/www.youtube.com\/watch?v=1xQY4yU4UEQ&amp;t=5s<\/p>\n","protected":false},"excerpt":{"rendered":"On aura l\u2019occasion, jeudi 15\u00a0mai, de d\u00e9couvrir \u00e0 Oberhausbergen l\u2019Ultrabal, qui enflamme depuis plusieurs ann\u00e9es les sc\u00e8nes avec&hellip;\n","protected":false},"author":2,"featured_media":95864,"comment_status":"","ping_status":"","sticky":false,"template":"","format":"standard","meta":{"footnotes":""},"categories":[2820],"tags":[1111,11,2389,2649,1687,2880,1777,674,107,1011,27,775,12,17351,4043,25,953,3140,640,3265],"class_list":{"0":"post-95863","1":"post","2":"type-post","3":"status-publish","4":"format-standard","5":"has-post-thumbnail","7":"category-strasbourg","8":"tag-actu","9":"tag-actualites","10":"tag-alsace","11":"tag-bas-rhin","12":"tag-culture-loisirs","13":"tag-edition-strasbourg","14":"tag-eu","15":"tag-europe","16":"tag-fil-info","17":"tag-fr","18":"tag-france","19":"tag-grand-est","20":"tag-news","21":"tag-oberhausbergen","22":"tag-repas-et-the-dansant","23":"tag-republique-francaise","24":"tag-soiree","25":"tag-spectacle","26":"tag-strasbourg","27":"tag-strasbourg-nord"},"share_on_mastodon":{"url":"https:\/\/pubeurope.com\/@fr\/114498518774478733","error":""},"_links":{"self":[{"href":"https:\/\/www.europesays.com\/fr\/wp-json\/wp\/v2\/posts\/95863","targetHints":{"allow":["GET"]}}],"collection":[{"href":"https:\/\/www.europesays.com\/fr\/wp-json\/wp\/v2\/posts"}],"about":[{"href":"https:\/\/www.europesays.com\/fr\/wp-json\/wp\/v2\/types\/post"}],"author":[{"embeddable":true,"href":"https:\/\/www.europesays.com\/fr\/wp-json\/wp\/v2\/users\/2"}],"replies":[{"embeddable":true,"href":"https:\/\/www.europesays.com\/fr\/wp-json\/wp\/v2\/comments?post=95863"}],"version-history":[{"count":0,"href":"https:\/\/www.europesays.com\/fr\/wp-json\/wp\/v2\/posts\/95863\/revisions"}],"wp:featuredmedia":[{"embeddable":true,"href":"https:\/\/www.europesays.com\/fr\/wp-json\/wp\/v2\/media\/95864"}],"wp:attachment":[{"href":"https:\/\/www.europesays.com\/fr\/wp-json\/wp\/v2\/media?parent=95863"}],"wp:term":[{"taxonomy":"category","embeddable":true,"href":"https:\/\/www.europesays.com\/fr\/wp-json\/wp\/v2\/categories?post=95863"},{"taxonomy":"post_tag","embeddable":true,"href":"https:\/\/www.europesays.com\/fr\/wp-json\/wp\/v2\/tags?post=95863"}],"curies":[{"name":"wp","href":"https:\/\/api.w.org\/{rel}","templated":true}]}}