{"id":958677,"date":"2026-05-26T21:18:22","date_gmt":"2026-05-26T21:18:22","guid":{"rendered":"https:\/\/www.europesays.com\/fr\/958677\/"},"modified":"2026-05-26T21:18:22","modified_gmt":"2026-05-26T21:18:22","slug":"avant-premiere-les-feux-de-lamour-du-27-mai-2026-episode-9485","status":"publish","type":"post","link":"https:\/\/www.europesays.com\/fr\/958677\/","title":{"rendered":"Avant-premi\u00e8re &#8211; Les feux de l&rsquo;amour du 27 mai 2026 &#8211; Episode 9485"},"content":{"rendered":"<p class=\"default-2\">Les familles Newman, Abbott, Baldwin et Winters sont au c\u0153ur des intrigues \u00e0 Genoa City. Leurs rivalit\u00e9s, amours, espoirs et craintes s&rsquo;entrem\u00ealent dans ce feuilleton quotidien. Les habitants de cette ville vivent des moments intenses, entre conflits et passions, offrant aux t\u00e9l\u00e9spectateurs un aper\u00e7u captivant de leur vie tumultueuse.<\/p>\n<p>Avant-premi\u00e8re<\/p>\n<p>Romance, Drame36m<\/p>\n<p class=\"strong-4 flex h-5 w-fit items-center rounded-3px bg-tertiary text-primary py-0 px-1\">Sous-titres pour malentendants disponibles<\/p>\n<p>Casting: Eric Braeden, Melody Thomas Scott, Peter Bergman, Sharon Case, Joshua Morrow, Eileen Davidson, Doug DavidsonPubli\u00e9 le 25 mai 2026 \u00e0 10:55<\/p>\n","protected":false},"excerpt":{"rendered":"Les familles Newman, Abbott, Baldwin et Winters sont au c\u0153ur des intrigues \u00e0 Genoa City. Leurs rivalit\u00e9s, amours,&hellip;\n","protected":false},"author":2,"featured_media":874310,"comment_status":"","ping_status":"","sticky":false,"template":"","format":"standard","meta":{"footnotes":"","_share_on_mastodon":"0"},"categories":[1356],"tags":[101240,101237,58,3348,59,16019,1011,27,101239,101236,101238,252,1364,101235],"class_list":["post-958677","post","type-post","status-publish","format-standard","has-post-thumbnail","category-television","tag-abbott","tag-daytime-drama","tag-divertissement","tag-drame","tag-entertainment","tag-feuilleton","tag-fr","tag-france","tag-genoa-city","tag-serie-us","tag-soap-opera","tag-television","tag-tv","tag-victor-newman"],"share_on_mastodon":{"url":"https:\/\/pubeurope.com\/@fr\/116642965551297066","error":""},"_links":{"self":[{"href":"https:\/\/www.europesays.com\/fr\/wp-json\/wp\/v2\/posts\/958677","targetHints":{"allow":["GET"]}}],"collection":[{"href":"https:\/\/www.europesays.com\/fr\/wp-json\/wp\/v2\/posts"}],"about":[{"href":"https:\/\/www.europesays.com\/fr\/wp-json\/wp\/v2\/types\/post"}],"author":[{"embeddable":true,"href":"https:\/\/www.europesays.com\/fr\/wp-json\/wp\/v2\/users\/2"}],"replies":[{"embeddable":true,"href":"https:\/\/www.europesays.com\/fr\/wp-json\/wp\/v2\/comments?post=958677"}],"version-history":[{"count":0,"href":"https:\/\/www.europesays.com\/fr\/wp-json\/wp\/v2\/posts\/958677\/revisions"}],"wp:featuredmedia":[{"embeddable":true,"href":"https:\/\/www.europesays.com\/fr\/wp-json\/wp\/v2\/media\/874310"}],"wp:attachment":[{"href":"https:\/\/www.europesays.com\/fr\/wp-json\/wp\/v2\/media?parent=958677"}],"wp:term":[{"taxonomy":"category","embeddable":true,"href":"https:\/\/www.europesays.com\/fr\/wp-json\/wp\/v2\/categories?post=958677"},{"taxonomy":"post_tag","embeddable":true,"href":"https:\/\/www.europesays.com\/fr\/wp-json\/wp\/v2\/tags?post=958677"}],"curies":[{"name":"wp","href":"https:\/\/api.w.org\/{rel}","templated":true}]}}