{"id":95868,"date":"2025-05-13T04:00:13","date_gmt":"2025-05-13T04:00:13","guid":{"rendered":"https:\/\/www.europesays.com\/fr\/95868\/"},"modified":"2025-05-13T04:00:13","modified_gmt":"2025-05-13T04:00:13","slug":"a-nice-le-musee-massena-regarde-loin-vers-la-mer","status":"publish","type":"post","link":"https:\/\/www.europesays.com\/fr\/95868\/","title":{"rendered":"\u00c0 Nice, le mus\u00e9e Mass\u00e9na regarde loin vers la mer"},"content":{"rendered":"<p class=\"editor-content__paragraph\">Le saviez-vous\u00a0? <strong>2025\u00a0est l\u2019\u00ab\u00a0ann\u00e9e de la mer\u00a0\u00bb<\/strong>. Teint\u00e9e d\u2019un bleu po\u00e9tique, cette initiative gouvernementale est surtout politique et \u00e9cologique, comme l\u2019explique la ministre Agn\u00e8s Pannier-Runacher, qui annonce que <strong>ce grand appel \u00e0 projets<\/strong> entend \u00ab\u00a0donner un \u00e9lan nouveau et durable \u00e0 toutes nos actions en lien avec l\u2019oc\u00e9an\u00a0\u00bb, et rappeler que la mer est <strong>\u00ab\u00a0notre bien commun, vitale<\/strong> pour notre pays comme pour l\u2019humanit\u00e9\u00a0\u00bb.<\/p>\n<p class=\"editor-content__paragraph\"><strong>\u00c0 Nice<\/strong>, c\u2019est bien s\u00fbr toute la ville qui se tourne vers la mer, la contemple sur la Promenade des Anglais et la ch\u00e9rit depuis l\u2019Antiquit\u00e9. Install\u00e9 dans un jardin luxuriant <strong>face \u00e0 la M\u00e9diterran\u00e9e<\/strong>, le <strong>mus\u00e9e Mass\u00e9na<\/strong> profite donc de cette ann\u00e9e tr\u00e8s sp\u00e9ciale pour interroger les relations que la ville a entretenues avec elle depuis plus de 2\u00a0000\u00a0ans, au fil de l\u2019exposition <strong>\u00ab\u00a0Nice, du rivage \u00e0 la mer\u00a0\u00bb<\/strong>, sous le commissariat de Jean-Jacques Aillagon.<\/p>\n<p>Nice \u00e0 travers des si\u00e8cles d\u2019histoire<\/p>\n<p>    <img loading=\"lazy\" decoding=\"async\" class=\"image__img\" src=\"https:\/\/www.europesays.com\/fr\/wp-content\/uploads\/2025\/05\/dufy-964x1204.jpg\" alt=\"Raoul Dufy, Nature morte aux poissons et aux fruits\" width=\"964\" height=\"1204\"\/><\/p>\n<p>Raoul Dufy, Nature morte aux poissons et aux fruits, 1920\u20131922<\/p>\n<p>    i<\/p>\n<p class=\"legende__cartel\">Mus\u00e9e des Beaux-Arts Jules Ch\u00e9ret<\/p>\n<p class=\"editor-content__paragraph\">Chronologique, le parcours est d\u00e9coup\u00e9 en<strong> sept chapitres<\/strong>, et d\u00e9bute alors que Nice est encore une colonie grecque, sous la coupe de Marseille. Un peu plus tard, les Romains la nomment <strong>Cemenelum<\/strong>, et font d\u2019elle le chef-lieu des Alpes maritimes romaines. D\u2019embl\u00e9e, son inscription au sein de ces deux civilisations t\u00e9moigne de <strong>l\u2019importance du rayonnement de la ville<\/strong>, par-del\u00e0 les flots de la M\u00e9diterran\u00e9e.<\/p>\n<p class=\"editor-content__paragraph\">Puis Nice est marqu\u00e9e par les trois grandes religions monoth\u00e9istes m\u00e9diterran\u00e9ennes\u00a0: d\u2019abord le <strong>christianisme<\/strong> (la ville est d\u2019ailleurs associ\u00e9e \u00e0 la l\u00e9gende de la martyre sainte R\u00e9parate, dont le corps aurait \u00e9t\u00e9 transport\u00e9 de C\u00e9sar\u00e9e \u00e0 Nice sur une barque), puis assez rapidement <strong>le juda\u00efsme<\/strong>, et plus r\u00e9cemment<strong> l\u2019islam<\/strong>, dont une importante communaut\u00e9 habite d\u00e9sormais la ville.<\/p>\n<p>        \u00c0 lire aussi :<br \/>\n        <a class=\"renvoi-explicite__link\" href=\"https:\/\/www.beauxarts.com\/lifestyle\/nice-la-riviera-des-arts\/\" target=\"_blank\" rel=\"noopener\">Nice, la riviera des arts<\/a><\/p>\n<p>Une mer culturelle, commerciale et enjeu de pouvoir<\/p>\n<p class=\"editor-content__paragraph\">Jusqu\u2019ici envisag\u00e9e \u00e0 travers les <strong>flux d\u2019\u00e9changes culturels<\/strong>, la mer change d\u2019aspect avec les chapitres consacr\u00e9s \u00e0 <strong>ses dangers<\/strong>, li\u00e9s aux affrontements entre les diff\u00e9rentes puissances politiques qui voguent sur ses flots, ainsi qu\u2019\u00e0 <strong>son commerce<\/strong>, avec l\u2019am\u00e9nagement tardif du port Lympia au XVIIe si\u00e8cle. \u00c9tudi\u00e9e par les scientifiques, la mer int\u00e9resse des naturalistes ni\u00e7ois d\u00e8s le XIXe si\u00e8cle, dont les pionniers <strong>Antoine Risso<\/strong> ou <strong>Jean-Baptiste V\u00e9rany<\/strong>. Leur collection enrichit aujourd\u2019hui le mus\u00e9um de la ville.<\/p>\n<p>    <img loading=\"lazy\" decoding=\"async\" class=\"image__img\" src=\"https:\/\/www.europesays.com\/fr\/wp-content\/uploads\/2025\/05\/sans-titre-964x352.jpg\" alt=\"Alexis Mossa, \u00c0 gauche : \u00ab\u00a0Casino de la Jet\u00e9e, promenade\u00a0\u00bb ; \u00c0 droite : \u00ab\u00a0Entr\u00e9e du port de Nice\u00a0\u00bb\" width=\"964\" height=\"352\"\/><\/p>\n<p>Alexis Mossa, \u00c0 gauche\u00a0: \u00ab\u00a0Casino de la Jet\u00e9e, promenade\u00a0\u00bb\u00a0; \u00c0 droite\u00a0: \u00ab\u00a0Entr\u00e9e du port de Nice\u00a0\u00bb<\/p>\n<p>    i<\/p>\n<p class=\"editor-content__paragraph\">Parall\u00e8lement, Nice devient <strong>lieu de vill\u00e9giature<\/strong>. On vient de loin pour s\u2019y reposer et s\u2019y distraire, et petit \u00e0 petit la ville se transforme, accueille de luxueux \u00e9quipements (h\u00f4tels, casino), notamment durant la Belle \u00c9poque. <strong>Peinte par <a href=\"https:\/\/www.beauxarts.com\/grand-format\/raoul-dufy-en-3-minutes\/\" target=\"_blank\" rel=\"noopener\">Raoul Dufy<\/a> ou Alexis Mossa<\/strong>, la ville resplendit, belle et d\u00e9sir\u00e9e. Mais il est d\u00e9j\u00e0 temps de s\u2019int\u00e9resser \u00e0 la pollution et au <strong>r\u00e9chauffement climatique<\/strong>, ainsi qu\u2019aux d\u00e9fis qu\u2019ils posent \u00e0 la ville contemporaine devant prot\u00e9ger sa mer. Comme le dit <strong>Paul Val\u00e9ry<\/strong> \u00e0 l\u2019origine de la cr\u00e9ation en 1933\u00a0du Centre universitaire m\u00e9diterran\u00e9en. \u00ab\u00a0L\u2019ordre, en toute mati\u00e8re, est n\u00e9 sur ses bords. Notre \u00e9poque excessive gagnerait \u00e0 ne pas l\u2019oublier.\u00a0\u00bb<\/p>\n<p>        \u00c0 lire aussi :<br \/>\n        <a class=\"renvoi-explicite__link\" href=\"https:\/\/www.beauxarts.com\/expos\/a-la-villa-arson-lart-au-service-de-la-protection-des-oceans\/\" target=\"_blank\" rel=\"noopener\">\u00c0 la Villa Arson, l\u2019art au service de la protection des oc\u00e9ans<\/a><\/p>\n<p>  Arrow<\/p>\n<p>Nice, du rivage \u00e0 la mer<\/p>\n<p>Du 8 mai 2025 au 21 septembre 2025<\/p>\n<p class=\"annexe-content__infos\">Mus\u00e9e Mass\u00e9na \u2022 65 Rue de France \u2022 06000 Nice<br \/><a href=\"http:\/\/www.nice.fr\/fr\/culture\/musees-et-galeries\/musee-massena-le-musee\" target=\"_blank\" rel=\"noopener\">www.nice.fr<\/a><\/p>\n","protected":false},"excerpt":{"rendered":"Le saviez-vous\u00a0? 2025\u00a0est l\u2019\u00ab\u00a0ann\u00e9e de la mer\u00a0\u00bb. Teint\u00e9e d\u2019un bleu po\u00e9tique, cette initiative gouvernementale est surtout politique et&hellip;\n","protected":false},"author":2,"featured_media":95869,"comment_status":"","ping_status":"","sticky":false,"template":"","format":"standard","meta":{"footnotes":""},"categories":[2819],"tags":[1111,11,1777,674,1011,27,12,2401,4579,882,25],"class_list":{"0":"post-95868","1":"post","2":"type-post","3":"status-publish","4":"format-standard","5":"has-post-thumbnail","7":"category-nice","8":"tag-actu","9":"tag-actualites","10":"tag-eu","11":"tag-europe","12":"tag-fr","13":"tag-france","14":"tag-news","15":"tag-nice","16":"tag-partenaire","17":"tag-provence-alpes-cote-dazur","18":"tag-republique-francaise"},"share_on_mastodon":{"url":"https:\/\/pubeurope.com\/@fr\/114498530484123481","error":""},"_links":{"self":[{"href":"https:\/\/www.europesays.com\/fr\/wp-json\/wp\/v2\/posts\/95868","targetHints":{"allow":["GET"]}}],"collection":[{"href":"https:\/\/www.europesays.com\/fr\/wp-json\/wp\/v2\/posts"}],"about":[{"href":"https:\/\/www.europesays.com\/fr\/wp-json\/wp\/v2\/types\/post"}],"author":[{"embeddable":true,"href":"https:\/\/www.europesays.com\/fr\/wp-json\/wp\/v2\/users\/2"}],"replies":[{"embeddable":true,"href":"https:\/\/www.europesays.com\/fr\/wp-json\/wp\/v2\/comments?post=95868"}],"version-history":[{"count":0,"href":"https:\/\/www.europesays.com\/fr\/wp-json\/wp\/v2\/posts\/95868\/revisions"}],"wp:featuredmedia":[{"embeddable":true,"href":"https:\/\/www.europesays.com\/fr\/wp-json\/wp\/v2\/media\/95869"}],"wp:attachment":[{"href":"https:\/\/www.europesays.com\/fr\/wp-json\/wp\/v2\/media?parent=95868"}],"wp:term":[{"taxonomy":"category","embeddable":true,"href":"https:\/\/www.europesays.com\/fr\/wp-json\/wp\/v2\/categories?post=95868"},{"taxonomy":"post_tag","embeddable":true,"href":"https:\/\/www.europesays.com\/fr\/wp-json\/wp\/v2\/tags?post=95868"}],"curies":[{"name":"wp","href":"https:\/\/api.w.org\/{rel}","templated":true}]}}