{"id":95892,"date":"2025-05-13T04:12:15","date_gmt":"2025-05-13T04:12:15","guid":{"rendered":"https:\/\/www.europesays.com\/fr\/95892\/"},"modified":"2025-05-13T04:12:15","modified_gmt":"2025-05-13T04:12:15","slug":"de-tous-ceux-que-jai-photographies-cest-gainsbourg-qui-ma-le-plus-marque","status":"publish","type":"post","link":"https:\/\/www.europesays.com\/fr\/95892\/","title":{"rendered":"\u00ab\u00a0De tous ceux que j\u2019ai photographi\u00e9s, c\u2019est Gainsbourg qui m\u2019a le plus marqu\u00e9\u00a0\u00bb"},"content":{"rendered":"<p class=\"point\">\u00ab\u00a0Je suis n\u00e9 avec la musique. Mais pas le rock. Mon p\u00e8re (Ren\u00e9 Terrasson) \u00e9tait metteur en sc\u00e8ne et directeur d\u2019op\u00e9ra. Il a fini sa carri\u00e8re \u00e0 la t\u00eate de l\u2019Op\u00e9ra du Rhin. J\u2019ai toujours entendu des vocalises dans ma jeunesse. Je connaissais mieux Wagner <a href=\"https:\/\/www.leprogres.fr\/societe\/2015\/12\/30\/lemmy-le-moteur-a-rendu-l-ame\" target=\"_blank\" rel=\"nofollow noopener\">que Mot\u00f6rhead<\/a> , mais pour moi, c\u2018\u00e9tait \u00e0 peu pr\u00e8s le m\u00eame climat\u2026\u00a0\u00bb<\/p>\n<p>De l\u2019Ecole des Beaux-Arts de Paris au rock<\/p>\n<p>\u00ab\u00a0Quand j\u2018\u00e9tais aux Beaux-Arts, je faisais de la mosa\u00efque, c\u2019est-\u00e0-dire que je cassais du granit,\u00a0etc. Quand je suis sorti de l\u00e0, je n\u2019avais pas de motivation pour soit enseigner, soit me retrouver dans un atelier. J\u2019avais envie&#8230;<\/p>\n","protected":false},"excerpt":{"rendered":"\u00ab\u00a0Je suis n\u00e9 avec la musique. Mais pas le rock. Mon p\u00e8re (Ren\u00e9 Terrasson) \u00e9tait metteur en sc\u00e8ne&hellip;\n","protected":false},"author":2,"featured_media":95893,"comment_status":"","ping_status":"","sticky":false,"template":"","format":"standard","meta":{"footnotes":""},"categories":[1889],"tags":[1111,11,2430,1687,2757,1777,674,2271,1011,27,2428,2756,873,12,25,2429,3151],"class_list":{"0":"post-95892","1":"post","2":"type-post","3":"status-publish","4":"format-standard","5":"has-post-thumbnail","7":"category-lyon","8":"tag-actu","9":"tag-actualites","10":"tag-auvergne-rhone-alpes","11":"tag-culture-loisirs","12":"tag-edition-lyon-villeurbanne","13":"tag-eu","14":"tag-europe","15":"tag-exposition-arts-plastiques","16":"tag-fr","17":"tag-france","18":"tag-lyon","19":"tag-lyon-bassin","20":"tag-musique","21":"tag-news","22":"tag-republique-francaise","23":"tag-rhone","24":"tag-selection-de-la-redaction-69"},"share_on_mastodon":{"url":"https:\/\/pubeurope.com\/@fr\/114498577573721927","error":""},"_links":{"self":[{"href":"https:\/\/www.europesays.com\/fr\/wp-json\/wp\/v2\/posts\/95892","targetHints":{"allow":["GET"]}}],"collection":[{"href":"https:\/\/www.europesays.com\/fr\/wp-json\/wp\/v2\/posts"}],"about":[{"href":"https:\/\/www.europesays.com\/fr\/wp-json\/wp\/v2\/types\/post"}],"author":[{"embeddable":true,"href":"https:\/\/www.europesays.com\/fr\/wp-json\/wp\/v2\/users\/2"}],"replies":[{"embeddable":true,"href":"https:\/\/www.europesays.com\/fr\/wp-json\/wp\/v2\/comments?post=95892"}],"version-history":[{"count":0,"href":"https:\/\/www.europesays.com\/fr\/wp-json\/wp\/v2\/posts\/95892\/revisions"}],"wp:featuredmedia":[{"embeddable":true,"href":"https:\/\/www.europesays.com\/fr\/wp-json\/wp\/v2\/media\/95893"}],"wp:attachment":[{"href":"https:\/\/www.europesays.com\/fr\/wp-json\/wp\/v2\/media?parent=95892"}],"wp:term":[{"taxonomy":"category","embeddable":true,"href":"https:\/\/www.europesays.com\/fr\/wp-json\/wp\/v2\/categories?post=95892"},{"taxonomy":"post_tag","embeddable":true,"href":"https:\/\/www.europesays.com\/fr\/wp-json\/wp\/v2\/tags?post=95892"}],"curies":[{"name":"wp","href":"https:\/\/api.w.org\/{rel}","templated":true}]}}