{"id":95894,"date":"2025-05-13T04:14:12","date_gmt":"2025-05-13T04:14:12","guid":{"rendered":"https:\/\/www.europesays.com\/fr\/95894\/"},"modified":"2025-05-13T04:14:12","modified_gmt":"2025-05-13T04:14:12","slug":"30-000-foyers-prives-delectricite-dj-snake-vu-dans-le-rer-ecole-coranique-linfo-en-ile-de-france","status":"publish","type":"post","link":"https:\/\/www.europesays.com\/fr\/95894\/","title":{"rendered":"30 000 foyers priv\u00e9s d&rsquo;\u00e9lectricit\u00e9, DJ Snake vu dans le RER, \u00e9cole \u00ab\u00a0coranique\u00a0\u00bb&#8230; l&rsquo;info en Ile-de-France"},"content":{"rendered":"<p>            Par<br \/>\n        <strong><br \/>\n            <a href=\"https:\/\/actu.fr\/auteur\/jerome-lemonnier\" title=\"Consulter tous les articles de J\u00e9r\u00f4me Lemonnier\" rel=\"nofollow noopener\" target=\"_blank\">J\u00e9r\u00f4me Lemonnier<\/a><br \/>\n        <\/strong><\/p>\n<p>        Publi\u00e9 le<\/p>\n<p>            12 mai 2025 \u00e0 12h05        <\/p>\n<p>Ce<b>\u00a0dimanche 11\u00a0mai 2025 dans la soir\u00e9e<\/b>, vous \u00e9tiez peut-\u00eatre en train de manger, de<b>\u00a0regarder la t\u00e9l\u00e9,\u00a0<\/b>ou de lire tranquillement dans votre lit, lorsque vous avez \u00e9t\u00e9 soudainement\u00a0<b>plong\u00e9s dans le noir<\/b>\u2026 Si c\u2019est le cas, vous faites partie des\u00a0<b>30\u2009000 foyers<\/b>\u00a0de\u00a0<a href=\"https:\/\/actu.fr\/la-republique-de-seine-et-marne\/https:\/\/actu.fr\/la-republique-de-seine-et-marne\/\" rel=\"nofollow noopener\" target=\"_blank\">Seine-et-Marne<\/a>, de\u00a0<a href=\"https:\/\/actu.fr\/essonne\/\" rel=\"nofollow noopener\" target=\"_blank\">l\u2019Essonne<\/a>\u00a0et du\u00a0<a href=\"https:\/\/actu.fr\/ile-de-france\/val-de-marne_94\" rel=\"nofollow noopener\" target=\"_blank\">Val-de-Marne<\/a>\u00a0\u00e0 avoir \u00e9t\u00e9 touch\u00e9s par\u00a0<b>une importante coupure\u00a0<\/b><a href=\"https:\/\/actu.fr\/tag\/electricitehttps:\/\/actu.fr\/tag\/electricite\" rel=\"nofollow noopener\" target=\"_blank\">d\u2019\u00e9lectricit\u00e9<\/a>\u00a0intervenue \u00e0\u00a0<b>22h43<\/b>.<\/p>\n<p class=\" wall-content wall-content\">C\u2019est un fan, incr\u00e9dule d\u2019avoir rencontr\u00e9 le musicien dans le train, qui a post\u00e9 la photo sur les r\u00e9seaux sociaux. Entour\u00e9 d\u2019un service d\u2019ordre et des proches, DJ Snake a emprunt\u00e9, depuis\u00a0<a href=\"https:\/\/actu.fr\/ile-de-france\/ermont_95219\" rel=\"nofollow noopener\" target=\"_blank\">Ermont<\/a>\u00a0(<a href=\"https:\/\/actu.fr\/la-gazette-du-val-d-oise\/\" rel=\"nofollow noopener\" target=\"_blank\">Val-d\u2019Oise<\/a>) la ligne H pour rejoindre la gare du Nord puis le\u00a0<strong>RER B<\/strong>\u00a0pour descendre \u00e0\u00a0<strong>Stade de France<\/strong>\u00a0(Saint-Denis).\u00a0<\/p>\n<p class=\" wall-content\">Fin 2021, la soci\u00e9t\u00e9 Gypsi Motel exploitait un \u00ab\u2009d\u00e9bit de boissons \u00e0 consommer sur place\u2009\u00bb au 36, quai d\u2019Austerlitz (13e), sur les quais de Seine \u00e0\u00a0<a href=\"https:\/\/actu.fr\/paris\/dernieres-actus\" rel=\"nofollow noopener\" target=\"_blank\">Paris<\/a>, et voulait pouvoir servir de l\u2019alcool dans son nouvel \u00e9tablissement au 5, rue de Berri, pr\u00e8s des\u00a0<a href=\"https:\/\/actu.fr\/tag\/champs-elysees\" rel=\"nofollow noopener\" target=\"_blank\">Champs-\u00c9lys\u00e9es<\/a>\u00a0(8e). Mais, le 6 novembre 2023, le\u00a0<a href=\"https:\/\/actu.fr\/tag\/laurent-nunez\" rel=\"nofollow noopener\" target=\"_blank\">pr\u00e9fet de Police de Paris<\/a>\u00a0a fait savoir \u00e0 son g\u00e9rant\u00a0 que \u00ab\u2009l\u2019exploitation\u2009\u00bb de cette licence IV, relative \u00e0 la d\u00e9livrance d\u2019<a href=\"https:\/\/actu.fr\/tag\/alcool\" rel=\"nofollow noopener\" target=\"_blank\">alcool<\/a>, \u00e0 cette nouvelle adresse \u00e9tait \u00ab\u2009interdite\u2009\u00bb : elle allait \u00eatre \u00ab\u2009implant\u00e9e \u00e0 proximit\u00e9 de cinq \u00e9tablissements titulaires d\u2019une licence de la m\u00eame cat\u00e9gorie\u2009\u00bb, dans une \u00ab\u2009zone prot\u00e9g\u00e9e\u2009\u00bb en mati\u00e8re d\u2019implantation de bars et restaurants. La soci\u00e9t\u00e9 n\u2019en est pas rest\u00e9e l\u00e0.\u00a0<\/p>\n<p class=\" wall-content\">Depuis mercredi 7\u00a0mai 2025, les \u00e9l\u00e8ves de\u00a0<strong>l\u2019Institut Lissen<\/strong>\u00a0trouvent porte close. \u00c0 la suite d\u2019un contr\u00f4le inopin\u00e9 de la sous-commission d\u00e9partementale pour la s\u00e9curit\u00e9 contre les risques d\u2019<a href=\"https:\/\/actu.fr\/tag\/incendie\" rel=\"nofollow noopener\" target=\"_blank\">incendie<\/a>, la\u00a0<a href=\"https:\/\/actu.fr\/tag\/prefecture-des-hauts-de-seine\" rel=\"nofollow noopener\" target=\"_blank\">pr\u00e9fecture des Hauts-de-Seine<\/a>\u00a0a pris la d\u00e9cision de fermer cet \u00e9tablissement \u00ab\u2009qui dispense des cours de langue aux enfants et aux adultes les mercredis, samedis et dimanches\u2009\u00bb, d\u00e9taille l\u2019arr\u00eat\u00e9 publi\u00e9 dans la foul\u00e9e.<\/p>\n<p class=\" wall-content\">\u00c7a y est, c\u2019est d\u00e9cid\u00e9, vous avez d\u00e9cid\u00e9 de devenir\u00a0<strong>ch\u00e2telain<\/strong>. Mais o\u00f9 trouver une\u00a0<strong>belle demeure<\/strong>\u00a0qui conviendra \u00e0 vos attentes ? Ne cherchez plus\u2009: \u00e0\u00a0<a href=\"https:\/\/actu.fr\/ile-de-france\/saint-cyr-sous-dourdan_91546\" rel=\"nofollow noopener\" target=\"_blank\">Saint-Cyr-sous-Dourdan<\/a>\u00a0(<a href=\"https:\/\/actu.fr\/essonne\/\" rel=\"nofollow noopener\" target=\"_blank\">Essonne<\/a>), le\u00a0<strong>ch\u00e2teau de Bandeville<\/strong>\u00a0et son domaine seront mis en vente lors d\u2019une s\u00e9ance d\u2019<strong>ench\u00e8res publiques<\/strong>\u00a0qui aura lieu mercredi 25\u00a0juin 2025 au\u00a0<a href=\"https:\/\/actu.fr\/tag\/tribunal-devry\" rel=\"nofollow noopener\" target=\"_blank\">tribunal judiciaire d\u2019\u00c9vry-Courcouronnes<\/a>, indique le site sp\u00e9cialis\u00e9\u00a0<a href=\"https:\/\/www.vench.fr\/vente-159511-un-chateau-de-style-louis-xiii-saint-cyr-sous-dourdan.html\" rel=\"nofollow noopener\" target=\"_blank\">Vench<\/a>. Cette vente fait suite \u00e0 une\u00a0<strong>saisie<\/strong>\u00a0par la justice dans le cadre d\u2019un jugement prononc\u00e9 en 2021.<\/p>\n<p>Les 5 infos \u00e0 retenir ce lundi 12 mai 2025<\/p>\n<p class=\"expresso-item wall-content\"><strong>Ile-de-France. <\/strong><a title=\"Lire l&#039;article\" href=\"https:\/\/actu.fr\/ile-de-france\/chevry-cossigny_77114\/coupure-delectricite-une-panne-prive-30-000-foyers-de-courant-en-seine-et-marne-essonne-et-val-de-marne_62621516.html\" rel=\"nofollow noopener\" target=\"_blank\"><strong>Coupure d\u2019\u00e9lectricit\u00e9 : une panne prive 30 000 foyers de courant en Seine-et-Marne, Essonne et Val-de-Marne<\/strong><\/a><br \/>Dimanche 11 mai 2025 dans la soir\u00e9e, 30 000 foyers ont \u00e9t\u00e9 priv\u00e9s d\u2019\u00e9lectricit\u00e9 plusieurs heures apr\u00e8s une panne survenue sur un poste \u00e0 tr\u00e8s haute tension \u00e0 Chevry-Cossigny.<\/p>\n<p class=\"expresso-item wall-content\"><strong>Paris. <\/strong><a title=\"Lire l&#039;article\" href=\"https:\/\/actu.fr\/ile-de-france\/paris_75056\/paris-aucune-tolerance-pour-le-restaurateur-qui-voulait-transferer-sa-licence-iv-sur-les-champs-elysees_62608300.html\" rel=\"nofollow noopener\" target=\"_blank\"><strong>Aucune tol\u00e9rance pour le restaurateur qui voulait transf\u00e9rer sa licence IV sur les Champs-\u00c9lys\u00e9es<\/strong><\/a><br \/>Le tribunal administratif de Paris a d\u00e9savou\u00e9 une soci\u00e9t\u00e9 qui voulait pouvoir transf\u00e9rer son autorisation de vendre de l\u2019alcool d\u2019un \u00e9tablissement du 13e au 8e. Explications.<\/p>\n<p class=\"expresso-item wall-content\"><strong>Hauts-de-Seine. <\/strong><a title=\"Lire l&#039;article\" href=\"https:\/\/actu.fr\/ile-de-france\/colombes_92025\/hauts-de-seine-presente-comme-une-ecole-coranique-un-centre-de-langues-ferme-d-office-par-la-prefecture_62621830.html\" rel=\"nofollow noopener\" target=\"_blank\"><strong>Pr\u00e9sent\u00e9 comme une \u00ab\u00a0\u00e9cole coranique\u00a0\u00bb, un centre de langues ferm\u00e9 d\u2019office par la pr\u00e9fecture<\/strong><\/a><br \/>La pr\u00e9fecture des Hauts-de-Seine a ordonn\u00e9 la fermeture de l\u2019Institut Lissen \u00e0 Colombes, mercredi 7 mai 2025. Plusieurs manquements ont \u00e9t\u00e9 mis en avant.<\/p>\n<p class=\"expresso-item wall-content\"><strong>Essonne. <\/strong><a title=\"Lire l&#039;article\" href=\"https:\/\/actu.fr\/ile-de-france\/saint-cyr-sous-dourdan_91546\/1500-m-37-hectares-de-terrain-en-essonne-ce-chateau-exceptionnel-sera-bientot-mis-en-vente-aux-enchere_62614926.html\" rel=\"nofollow noopener\" target=\"_blank\"><strong>1500 m\u00b2, 37 hectares de terrain\u2026 ce ch\u00e2teau exceptionnel sera bient\u00f4t mis en vente aux ench\u00e8res<\/strong><\/a><br \/>Le ch\u00e2teau de Bandeville, datant du XVIIe si\u00e8cle et class\u00e9 monument historique, est mis \u00e0 la vente fin juin apr\u00e8s avoir \u00e9t\u00e9 saisi par la justice.<\/p>\n<p class=\"expresso-item wall-content\"><strong>Val-D\u2019Oise. <\/strong><a title=\"Lire l&#039;article\" href=\"https:\/\/actu.fr\/societe\/dj-snake-a-pris-le-train-depuis-ermont-pour-son-concert-au-stade-de-france-avec-ses-80-000-fans_62621694.html\" rel=\"nofollow noopener\" target=\"_blank\"><strong>DJ Snake a pris le train depuis Ermont pour son concert au Stade de France avec ses 80 000 fans<\/strong><\/a><br \/>Originaire d\u2019Ermont (Val-d\u2019Oise) et du quartier des Ch\u00eanes, DJ Snake a choisi la ligne H et le RER pour rejoindre le Stade de France, o\u00f9 l\u2019attendaient 80 000 fans.<\/p>\n<p>Retrouvez-nous sur les r\u00e9seaux sociaux<\/p>\n<p class=\" wall-content\"><strong>Paris<\/strong>\u2009: retrouvez\u00a0actu\u00a0Paris\u00a0sur\u00a0<a href=\"https:\/\/www.facebook.com\/actufr.paris\/\" rel=\"nofollow noopener\" target=\"_blank\">Facebook<\/a>\u00a0et\u00a0<a href=\"https:\/\/twitter.com\/actufrparis\" rel=\"nofollow noopener\" target=\"_blank\">Twitter<\/a>\u2009;<br \/><strong>Seine-et-Marne<\/strong>\u2009: retrouvez\u00a0La R\u00e9publique de Seine-et-Marne\u00a0(sud) sur\u00a0<a href=\"https:\/\/www.facebook.com\/RepubliqueSeineMarne\/\" rel=\"nofollow noopener\" target=\"_blank\">Facebook<\/a>\u00a0et\u00a0<a href=\"https:\/\/twitter.com\/LaRep77\" rel=\"nofollow noopener\" target=\"_blank\">Twitter<\/a>\u2009;\u00a0La Marne\u00a0(nord) sur\u00a0<a href=\"https:\/\/www.facebook.com\/journallarmarne\/?__tn__=%2Cd%2CP-R&amp;eid=ARDLZc91LaHbXzDwChLLLQJVMBLx_ABJremTC2-RG0CYvg0f4f8CLvbV5G1Lli4g_6QoXDcKkU1_LX1W\" rel=\"nofollow noopener\" target=\"_blank\">Facebook<\/a>\u00a0et\u00a0<a href=\"https:\/\/twitter.com\/JournalLaMarne\" rel=\"nofollow noopener\" target=\"_blank\">Twitter<\/a>\u2009; et\u00a0Le Pays Briard\u00a0sur\u00a0<a href=\"https:\/\/www.facebook.com\/LePaysBriard\/?ref=bookmarks\" rel=\"nofollow noopener\" target=\"_blank\">Facebook<\/a>\u00a0et\u00a0<a href=\"https:\/\/twitter.com\/LePaysBriard\" rel=\"nofollow noopener\" target=\"_blank\">Twitter<\/a>\u2009;<br \/><strong>Yvelines\u2009:<\/strong>\u00a0retrouvez\u00a078actu\u00a0sur\u00a0<a href=\"https:\/\/www.facebook.com\/78actu\/\" rel=\"nofollow noopener\" target=\"_blank\">Facebook<\/a>\u00a0et\u00a0<a href=\"https:\/\/x.com\/78actu\" rel=\"nofollow\">Twitter<\/a>\u2009;<br \/><strong>Essonne\u2009:<\/strong>\u00a0retrouvez\u00a0actu Essonne\u00a0sur\u00a0<a href=\"https:\/\/www.facebook.com\/actuessonne\/?ref=br_rs\" rel=\"nofollow noopener\" target=\"_blank\">Facebook<\/a>\u00a0et\u00a0<a href=\"https:\/\/twitter.com\/ActuEssonne\" rel=\"nofollow noopener\" target=\"_blank\">Twitter<\/a>\u2009;<br \/><strong>Hauts-de-Seine\u2009:<\/strong>\u00a0retrouvez\u00a0actu\u00a0Hauts-de-Seine\u00a0sur\u00a0<a href=\"https:\/\/www.facebook.com\/actufr.hautsdeseine\/\" rel=\"nofollow noopener\" target=\"_blank\">Facebook<\/a>\u00a0et\u00a0<a href=\"https:\/\/twitter.com\/actufr92\" rel=\"nofollow noopener\" target=\"_blank\">Twitter<\/a>\u2009;<br \/><strong>Seine-Saint-Denis\u2009:<\/strong>\u00a0retrouvez actu Seine-Saint-Denis sur\u00a0<a href=\"https:\/\/www.facebook.com\/actufr.seinesaintdenis\/\" rel=\"nofollow noopener\" target=\"_blank\">Facebook<\/a>\u00a0et\u00a0<a href=\"https:\/\/x.com\/Actufr93\" rel=\"nofollow\">Twitter<\/a>\u2009;<br \/><strong>Val-de-Marne\u2009:\u00a0<\/strong>retrouvez actu Val-de-Marne sur\u00a0<a href=\"https:\/\/www.facebook.com\/actu94.valdemarne\/\" rel=\"nofollow noopener\" target=\"_blank\">Facebook<\/a>\u00a0et\u00a0<a href=\"https:\/\/x.com\/actufr94\" rel=\"nofollow\">Twitter<\/a>\u2009;<br \/><strong>Val-d\u2019Oise\u2009:<\/strong>\u00a0retrouvez La Gazette du Val-d\u2019Oise sur\u00a0<a href=\"https:\/\/x.com\/actufr94\" rel=\"nofollow\">Twitter<\/a><\/p>\n<p class=\" wall-content\">Suivez toute l\u2019actualit\u00e9 de vos villes et m\u00e9dias favoris en vous inscrivant \u00e0 <a href=\"https:\/\/moncompte.actu.fr\" title=\"D\u00e9couvez Mon Actu\" rel=\"nofollow noopener\" data-trk=\"{&quot;cta&quot;:{&quot;action&quot;:&quot;https:\\\/\\\/moncompte.actu.fr&quot;,&quot;category&quot;:&quot;mon compte&quot;,&quot;from&quot;:&quot;article footer&quot;,&quot;name&quot;:&quot;Mon actu&quot;,&quot;type&quot;:&quot;cta&quot;}}\" target=\"_blank\">Mon Actu<\/a>.<\/p>\n<p>                    <script async src=\"https:\/\/platform.twitter.com\/widgets.js\" charset=\"utf-8\"><\/script><\/p>\n","protected":false},"excerpt":{"rendered":"Par J\u00e9r\u00f4me Lemonnier Publi\u00e9 le 12 mai 2025 \u00e0 12h05 Ce\u00a0dimanche 11\u00a0mai 2025 dans la soir\u00e9e, vous \u00e9tiez&hellip;\n","protected":false},"author":2,"featured_media":95895,"comment_status":"","ping_status":"","sticky":false,"template":"","format":"standard","meta":{"footnotes":""},"categories":[1592],"tags":[1111,11,3674,1777,674,1011,27,662,12,626,1072,25,104],"class_list":{"0":"post-95894","1":"post","2":"type-post","3":"status-publish","4":"format-standard","5":"has-post-thumbnail","7":"category-ile-de-france","8":"tag-actu","9":"tag-actualites","10":"tag-enedis","11":"tag-eu","12":"tag-europe","13":"tag-fr","14":"tag-france","15":"tag-ile-de-france","16":"tag-news","17":"tag-paris","18":"tag-police","19":"tag-republique-francaise","20":"tag-societe"},"share_on_mastodon":{"url":"https:\/\/pubeurope.com\/@fr\/114498585527076180","error":""},"_links":{"self":[{"href":"https:\/\/www.europesays.com\/fr\/wp-json\/wp\/v2\/posts\/95894","targetHints":{"allow":["GET"]}}],"collection":[{"href":"https:\/\/www.europesays.com\/fr\/wp-json\/wp\/v2\/posts"}],"about":[{"href":"https:\/\/www.europesays.com\/fr\/wp-json\/wp\/v2\/types\/post"}],"author":[{"embeddable":true,"href":"https:\/\/www.europesays.com\/fr\/wp-json\/wp\/v2\/users\/2"}],"replies":[{"embeddable":true,"href":"https:\/\/www.europesays.com\/fr\/wp-json\/wp\/v2\/comments?post=95894"}],"version-history":[{"count":0,"href":"https:\/\/www.europesays.com\/fr\/wp-json\/wp\/v2\/posts\/95894\/revisions"}],"wp:featuredmedia":[{"embeddable":true,"href":"https:\/\/www.europesays.com\/fr\/wp-json\/wp\/v2\/media\/95895"}],"wp:attachment":[{"href":"https:\/\/www.europesays.com\/fr\/wp-json\/wp\/v2\/media?parent=95894"}],"wp:term":[{"taxonomy":"category","embeddable":true,"href":"https:\/\/www.europesays.com\/fr\/wp-json\/wp\/v2\/categories?post=95894"},{"taxonomy":"post_tag","embeddable":true,"href":"https:\/\/www.europesays.com\/fr\/wp-json\/wp\/v2\/tags?post=95894"}],"curies":[{"name":"wp","href":"https:\/\/api.w.org\/{rel}","templated":true}]}}