{"id":95898,"date":"2025-05-13T04:16:19","date_gmt":"2025-05-13T04:16:19","guid":{"rendered":"https:\/\/www.europesays.com\/fr\/95898\/"},"modified":"2025-05-13T04:16:19","modified_gmt":"2025-05-13T04:16:19","slug":"paris-une-adolescente-se-tue-en-tombant-du-toit-du-pantheon-la-piste-du-suicide-privilegiee","status":"publish","type":"post","link":"https:\/\/www.europesays.com\/fr\/95898\/","title":{"rendered":"Paris : une adolescente se tue en tombant du toit du Panth\u00e9on, la piste du suicide privil\u00e9gi\u00e9e"},"content":{"rendered":"<p>Une jeune fille \u00e2g\u00e9e de 17 ans est d\u00e9c\u00e9d\u00e9e dimanche dans le 5\u1d49 arrondissement apr\u00e8s une chute du toit du Panth\u00e9on, pourtant normalement interdit au public.La piste du suicide est privil\u00e9gi\u00e9e.Une enqu\u00eate a \u00e9t\u00e9 ouverte par le parquet de Paris.<\/p>\n<p data-module=\"article-paragraph\" class=\"jsx-362436225 Paragraph Paragraph__End\">Drame dimanche apr\u00e8s-midi en plein c\u0153ur du quartier latin. Selon des sources polici\u00e8res, vers 18 heures, une adolescente de 17 ans est tomb\u00e9e du toit du Panth\u00e9on, en haut de la rue Soufflot dans le 5\u1d49 arrondissement.\u00a0Imm\u00e9diatement alert\u00e9s des faits, les sapeurs-pompiers de Paris se sont rendus sur place pour porter secours \u00e0 la jeune victime qui \u00e9tait en urgence absolue \u00e0 leur arriv\u00e9e apr\u00e8s avoir chut\u00e9 de plus de 60 m\u00e8tres. Malgr\u00e9 les soins prodigu\u00e9s, celle-ci a succomb\u00e9 \u00e0 ses blessures.\u00a0<\/p>\n<p>Le corps de la victime transf\u00e9r\u00e9 \u00e0 l&rsquo;institut m\u00e9dico-l\u00e9gal<\/p>\n<p data-module=\"article-paragraph\" class=\"jsx-362436225 Paragraph\">Une enqu\u00eate a \u00e9t\u00e9 ouverte par le parquet de Paris apr\u00e8s ces faits et confi\u00e9e au commissariat central des 5\u1d49 et 6\u1d49 arrondissement.\u00a0En d\u00e9but de soir\u00e9e, le magistrat de permanence s\u2019est rendu place du Panth\u00e9on ainsi qu\u2019une \u00e9quipe de la Brigade des Mineurs en qualit\u00e9 d\u2019observateur.\u00a0\u00a0<\/p>\n<p data-module=\"article-paragraph\" class=\"jsx-362436225 Paragraph Paragraph__End\">\u00c0 21h30, le corps a \u00e9t\u00e9 transport\u00e9 par les pompes fun\u00e8bres \u00e0 l\u2019Institut m\u00e9dico-l\u00e9gal de Paris pour y \u00eatre autopsi\u00e9.\u00a0<\/p>\n<p>La piste du suicide privil\u00e9gi\u00e9e<\/p>\n<p data-module=\"article-paragraph\" class=\"jsx-362436225 Paragraph Paragraph__End\">Selon les m\u00eames sources polici\u00e8res, l&rsquo;acte de cette adolescente serait volontaire. En effet, un peu plus t\u00f4t dans l&rsquo;apr\u00e8s-midi, sa m\u00e8re s\u2019\u00e9tait rendue au commissariat du 19\u1d49 arrondissement pour d\u00e9clarer la disparition inqui\u00e9tante de sa fille apr\u00e8s avoir d\u00e9couvert \u00e0 son domicile une lettre comportant des propos suicidaires. Aucun mobile n&rsquo;a \u00e9t\u00e9 avanc\u00e9 pour l&rsquo;heure.<\/p>\n<ul class=\"jsx-3657663356 ReadMoreArticle__List flex flex-column\">\n<li class=\"jsx-3657663356\"><a href=\"https:\/\/www.tf1info.fr\/justice-faits-divers\/video-affaire-xavier-dupont-de-ligonnes-l-hypothese-la-plus-probable-est-celle-du-suicide-2370090.html\" rel=\"nofollow noopener\" class=\"jsx-4233824444 Link flex\" target=\"_blank\"><img decoding=\"async\" src=\"https:\/\/www.europesays.com\/fr\/wp-content\/uploads\/2025\/05\/dupont-de-ligonnes-tf1-da463b-0@1x.jpeg\" alt=\"Lire aussi\" loading=\"lazy\" importance=\"low\" fetchpriority=\"low\" class=\"\"\/>\n<p class=\"jsx-3657663356 ReadMoreArticle__Title\">Lire aussi<\/p>\n<p class=\"jsx-3657663356\">Affaire Xavier Dupont de Ligonn\u00e8s : \u00ab\u00a0L&rsquo;hypoth\u00e8se la plus probable est celle du suicide\u00a0\u00bb<\/p>\n<p><\/a><\/li>\n<\/ul>\n<p data-module=\"article-paragraph\" class=\"jsx-362436225 Paragraph\">Sollicit\u00e9 par TF1info ce lundi matin, le parquet de Paris n&rsquo;avait pas r\u00e9pondu \u00e0 notre demande d&rsquo;informations \u00e0 la mi-journ\u00e9e. Le service communication du Panth\u00e9on, joint lui aussi, indique que l&rsquo;acc\u00e8s par lequel est pass\u00e9e la jeune fille \u00ab\u00a0est interdit au public\u00a0\u00bb. Il pr\u00e9cise que celle-ci a \u00ab\u00a0escalad\u00e9 des barri\u00e8res pour y acc\u00e9der\u00a0\u00bb.\u00a0<\/p>\n<p data-module=\"article-paragraph\" class=\"jsx-362436225 Paragraph Paragraph__End\">Les investigations se poursuivent.\u00a0<\/p>\n<p>A.S avec Rapha\u00ebl Maillochon<\/p>\n","protected":false},"excerpt":{"rendered":"Une jeune fille \u00e2g\u00e9e de 17 ans est d\u00e9c\u00e9d\u00e9e dimanche dans le 5\u1d49 arrondissement apr\u00e8s une chute du&hellip;\n","protected":false},"author":2,"featured_media":95899,"comment_status":"","ping_status":"","sticky":false,"template":"","format":"standard","meta":{"footnotes":""},"categories":[1888],"tags":[1111,1928,11,1927,1921,1777,674,1011,27,1922,303,2954,12,1926,626,1925,1072,25,133,2953],"class_list":{"0":"post-95898","1":"post","2":"type-post","3":"status-publish","4":"format-standard","5":"has-post-thumbnail","7":"category-paris","8":"tag-actu","9":"tag-actu-paris","10":"tag-actualites","11":"tag-actualites-paris","12":"tag-article-video","13":"tag-eu","14":"tag-europe","15":"tag-fr","16":"tag-france","17":"tag-info","18":"tag-justice","19":"tag-justice-et-faits-divers","20":"tag-news","21":"tag-news-paris","22":"tag-paris","23":"tag-paris-news","24":"tag-police","25":"tag-republique-francaise","26":"tag-video","27":"tag-video-police"},"share_on_mastodon":{"url":"https:\/\/pubeurope.com\/@fr\/114498593392267004","error":""},"_links":{"self":[{"href":"https:\/\/www.europesays.com\/fr\/wp-json\/wp\/v2\/posts\/95898","targetHints":{"allow":["GET"]}}],"collection":[{"href":"https:\/\/www.europesays.com\/fr\/wp-json\/wp\/v2\/posts"}],"about":[{"href":"https:\/\/www.europesays.com\/fr\/wp-json\/wp\/v2\/types\/post"}],"author":[{"embeddable":true,"href":"https:\/\/www.europesays.com\/fr\/wp-json\/wp\/v2\/users\/2"}],"replies":[{"embeddable":true,"href":"https:\/\/www.europesays.com\/fr\/wp-json\/wp\/v2\/comments?post=95898"}],"version-history":[{"count":0,"href":"https:\/\/www.europesays.com\/fr\/wp-json\/wp\/v2\/posts\/95898\/revisions"}],"wp:featuredmedia":[{"embeddable":true,"href":"https:\/\/www.europesays.com\/fr\/wp-json\/wp\/v2\/media\/95899"}],"wp:attachment":[{"href":"https:\/\/www.europesays.com\/fr\/wp-json\/wp\/v2\/media?parent=95898"}],"wp:term":[{"taxonomy":"category","embeddable":true,"href":"https:\/\/www.europesays.com\/fr\/wp-json\/wp\/v2\/categories?post=95898"},{"taxonomy":"post_tag","embeddable":true,"href":"https:\/\/www.europesays.com\/fr\/wp-json\/wp\/v2\/tags?post=95898"}],"curies":[{"name":"wp","href":"https:\/\/api.w.org\/{rel}","templated":true}]}}