{"id":95900,"date":"2025-05-13T04:17:09","date_gmt":"2025-05-13T04:17:09","guid":{"rendered":"https:\/\/www.europesays.com\/fr\/95900\/"},"modified":"2025-05-13T04:17:09","modified_gmt":"2025-05-13T04:17:09","slug":"a-paris-emue-aux-larmes-line-renaud-offre-ses-archives-a-letat","status":"publish","type":"post","link":"https:\/\/www.europesays.com\/fr\/95900\/","title":{"rendered":"\u00e0 Paris, \u00e9mue aux larmes, Line Renaud, offre ses archives \u00e0 l\u2019\u00c9tat"},"content":{"rendered":"<p>            Par<br \/>\n        <strong><br \/>\n            <a href=\"https:\/\/actu.fr\/auteur\/ines-cussac-actu-fr\" title=\"Consulter tous les articles de In\u00e8s Cussac\" rel=\"nofollow noopener\" target=\"_blank\">In\u00e8s Cussac<\/a><br \/>\n        <\/strong><\/p>\n<p>        Publi\u00e9 le<\/p>\n<p>            13 mai 2025 \u00e0 6h04        <\/p>\n<p>C\u2019est \u00ab\u2009un panth\u00e9on de papier et d\u2019\u00e9critures\u2009\u00bb qui entre aux Archives nationales. Ce lundi 12\u00a0mai 2025, <a href=\"https:\/\/actu.fr\/loisirs-culture\/line-renaud-le-cinema-c-est-fini-l-actrice-fait-ses-adieux-au-grand-ecran_59798597.html\" rel=\"nofollow noopener\" target=\"_blank\">l\u2019actrice Line Renaud<\/a> avait rendez-vous rue de Valois, au minist\u00e8re de la Culture, pour faire don officiellement de <strong>ses correspondances, papiers et documents personnels et professionnels<\/strong> \u00e0 l\u2019\u00c9tat. Devant un parterre de journalistes et entour\u00e9e de ses amis proches, Dany Boon et Muriel Robin notamment, la c\u00e9l\u00e8bre meneuse de revues des ann\u00e9es 1960 s\u2019est \u00e9mue de cette c\u00e9r\u00e9monie. \u00ab\u2009Voir aujourd\u2019hui mes archives rejoindre les Archives nationales m\u2019\u00e9meut plus que tout\u2009\u00bb, a-t-elle indiqu\u00e9 devant <a href=\"https:\/\/actu.fr\/ile-de-france\/paris_75056\/en-plein-conseil-de-paris-remi-feraud-et-d-autres-elus-se-paient-rachida-dati-et-ses-bijoux-caches_62493065.html\" rel=\"nofollow noopener\" target=\"_blank\">la ministre Rachida Dati<\/a>. \u00ab\u2009Une vie, une carri\u00e8re, \u00e7a se construit. Pas seule, je dois tout au public. Le public a toujours \u00e9t\u00e9 ma famille et Dieu merci il l\u2019est encore. D\u2019ailleurs, les archives que je vous confie ne sont pas seulement les miennes. Elles sont la chronique d\u2019une \u00e9poque.\u2009\u00bb<\/p>\n<p>Succ\u00e8s, engagement et relations<\/p>\n<p class=\" wall-content\">L\u2019ensemble documentaire offert par Line Renaud retrace en effet plusieurs pans de la vie personnelle et professionnelle de la com\u00e9dienne de 96\u00a0ans et de son mari, le parolier Loulou Gast\u00e9. Comme cette lettre adress\u00e9e \u00e0 sa maman en 1945, \u00e0 son arriv\u00e9e \u00e0 Paris. \u00ab\u2009<strong>Toute sa carri\u00e8re est dedans<\/strong>. Elle promet \u00e0 sa m\u00e8re tout ce qu\u2019elle allait faire pour r\u00e9aliser son r\u00eave\u2009\u00bb, r\u00e9sume Michael Carton. Il \u0153uvre depuis 15\u00a0ans aux c\u00f4t\u00e9s de Line Renaud pour collecter les \u00e9l\u00e9ments pouvant constituer un patrimoine historique de la chanson, de la danse, du music-hall ou encore du th\u00e9\u00e2tre ou du cin\u00e9ma fran\u00e7ais. \u00ab\u2009Tout \u00e9tait conserv\u00e9 dans des bureaux \u00e0 Paris, dans sa maison \u00e0 Rueil et \u00e0 Las Vegas\u2009\u00bb, explique-t-il derri\u00e8re ses lunettes carr\u00e9es. Lui, comme les biographes de l\u2019actrice Bernard Stora, J\u00e9r\u00e9my Picard et David Lelait, sont les \u00ab\u2009garants\u2009\u00bb de son histoire. \u00ab\u2009Mes tr\u00e8s chers amis, en prenant soin de ma m\u00e9moire, vous m\u2019offrez une grande paix. Le jour venu, <strong>je partirai le c\u0153ur tranquille<\/strong>\u2009\u00bb, a remerci\u00e9 Line Renaud, des tr\u00e9molos dans la voix.<\/p>\n<p class=\" wall-content\">Dans le salon du prince J\u00e9r\u00f4me Napol\u00e9on, au premier \u00e9tage du minist\u00e8re o\u00f9 se d\u00e9roulait l\u2019\u00e9v\u00e9nement auquel \u00e9tait d\u2019ailleurs invit\u00e9e <a href=\"https:\/\/actu.fr\/ile-de-france\/paris_75056\/serie-phare-de-netflix-emily-in-paris-ne-recule-devant-aucune-audace-et-s-offre-brigitte-macron_61592289.html\" rel=\"nofollow noopener\" target=\"_blank\">la Premi\u00e8re dame, Brigitte Macron<\/a>, trois vitrines sont install\u00e9es pour pr\u00e9senter une portion des archives de l\u2019\u00c9toile des neiges. L\u2019une t\u00e9moigne de la c\u00e9l\u00e9brit\u00e9 de la com\u00e9dienne, avec des affiches de spectacle au Casino de Paris par exemple et des partitions comme celle de\u00a0Ma cabane au Canada, de Loulou Gast\u00e9 datant de 1949 et qui vaudra l\u2019un des grands succ\u00e8s de Line Renaud.<\/p>\n<p>      <img   decoding=\"async\" loading=\"lazy\" src=\"https:\/\/www.europesays.com\/fr\/wp-content\/uploads\/2025\/05\/7912537a-ec15-4650-bb44-309f3dc7c80b-960x640.jpeg\" alt=\"Trois vitrines sont pr\u00e9sent\u00e9es au minist\u00e8re de la Culture pour retracer les succ\u00e8s, l'engagement et les relations de Line Renaud.\" width=\"960\" height=\"640\"\/><br \/>\n    Trois vitrines sont pr\u00e9sent\u00e9es au minist\u00e8re de la Culture pour retracer les succ\u00e8s, l\u2019engagement et les relations de Line Renaud. (\u00a9IC \/ actu Paris)<\/p>\n<p class=\" wall-content\">La deuxi\u00e8me vitrine retrace\u00a0l\u2019engagement pionnier de la com\u00e9dienne <strong>pour lutter contre le Sida<\/strong>. Un album photo, des courriers de t\u00e9moignages de personnes s\u00e9ropositives ou encore des remerciements de Pierre Berg\u00e9 ou Elizabeth Taylor pour son combat men\u00e9 avec force. \u00ab\u2009Vous \u00eates une femme d\u2019engagement\u2009\u00bb, a reconnu Rachida Dati dans son discours. \u00ab\u2009<a href=\"https:\/\/actu.fr\/societe\/sidaction-l-association-a-recu-3-9-millions-d-euros-de-promesses-de-dons-pour-son-edition-2025_62411233.html\" rel=\"nofollow noopener\" target=\"_blank\">Avec le Sidaction<\/a>, vous avez su montrer ce que le sens de la responsabilit\u00e9 suppose. Vous avez toujours rappel\u00e9 combien la renomm\u00e9e engageait celles et ceux qui en b\u00e9n\u00e9ficient.\u2009\u00bb<\/p>\n<p>\u00ab\u00a0Elle donne tout\u00a0\u00bb<\/p>\n<p class=\" wall-content\">Enfin, une troisi\u00e8me cat\u00e9gorie d\u2019archives rassemble les courriers et les photographies souvenir des relations de l\u2019actrice avec <strong>les personnalit\u00e9s politiques<\/strong> qui se sont succ\u00e9d\u00e9. Ainsi, par exemple, un clich\u00e9 de Line Renaud et Jacques Chirac t\u00e9moigne de leur longue amiti\u00e9. \u00ab\u2009\u00c0 la plus belle, \u00e0 la plus grande, \u00e0 la plus adorable, \u00e0 Line, notre joie. Avec toute notre immense affection, bonne ann\u00e9e (poil au\u2009?)\u00bb, avait not\u00e9 le pr\u00e9sident pour souhaiter une bonne ann\u00e9e 1988 \u00e0 la chanteuse.<\/p>\n<p>      <img   decoding=\"async\" loading=\"lazy\" src=\"https:\/\/www.europesays.com\/fr\/wp-content\/uploads\/2025\/05\/6e08595f-89a1-4c63-b5a7-a934980db4fd-960x640.jpeg\" alt=\"Parmi les archives, un agenda de 1978 est expos\u00e9 avec tous les rendez-vous de l'actrice.\" width=\"960\" height=\"640\"\/><br \/>\n    Parmi les archives, un agenda de 1978 est expos\u00e9 avec tous les rendez-vous de l\u2019actrice.<\/p>\n<p class=\" wall-content\">\u00ab\u2009Elle donne tout, elle ne cache rien\u2009\u00bb, ajoute\u00a0Michael Carton en montrant son agenda annot\u00e9 de toutes sortes de rendez-vous pour le mois de mai\u00a01978. \u00ab\u2009Sur 80 agendas, il ne doit m\u2019en manquer que trois ou quatre\u2009\u00bb, assure-t-il avant de pr\u00e9ciser\u2009: \u00ab\u2009Line n\u2019est pas pass\u00e9iste, <strong>mais elle aime bien tout conserver<\/strong>.\u2009\u00bb Une quarantaine de costumes viennent compl\u00e9ter ces \u00e9l\u00e9ments d\u00e9sormais plac\u00e9s dans le sanctuaire de l\u2019histoire, aux Archives nationales.<\/p>\n<p class=\" wall-content\">Suivez toute l\u2019actualit\u00e9 de vos villes et m\u00e9dias favoris en vous inscrivant \u00e0 <a href=\"https:\/\/moncompte.actu.fr\" title=\"D\u00e9couvez Mon Actu\" rel=\"nofollow noopener\" data-trk=\"{&quot;cta&quot;:{&quot;action&quot;:&quot;https:\\\/\\\/moncompte.actu.fr&quot;,&quot;category&quot;:&quot;mon compte&quot;,&quot;from&quot;:&quot;article footer&quot;,&quot;name&quot;:&quot;Mon actu&quot;,&quot;type&quot;:&quot;cta&quot;}}\" target=\"_blank\">Mon Actu<\/a>.<\/p>\n","protected":false},"excerpt":{"rendered":"Par In\u00e8s Cussac Publi\u00e9 le 13 mai 2025 \u00e0 6h04 C\u2019est \u00ab\u2009un panth\u00e9on de papier et d\u2019\u00e9critures\u2009\u00bb qui&hellip;\n","protected":false},"author":2,"featured_media":95901,"comment_status":"","ping_status":"","sticky":false,"template":"","format":"standard","meta":{"footnotes":""},"categories":[1888],"tags":[11,650,1777,674,1011,27,1652,12,626,417,25],"class_list":{"0":"post-95900","1":"post","2":"type-post","3":"status-publish","4":"format-standard","5":"has-post-thumbnail","7":"category-paris","8":"tag-actualites","9":"tag-cinema","10":"tag-eu","11":"tag-europe","12":"tag-fr","13":"tag-france","14":"tag-loisirs-culture","15":"tag-news","16":"tag-paris","17":"tag-rachida-dati","18":"tag-republique-francaise"},"share_on_mastodon":{"url":"https:\/\/pubeurope.com\/@fr\/114498597321552199","error":""},"_links":{"self":[{"href":"https:\/\/www.europesays.com\/fr\/wp-json\/wp\/v2\/posts\/95900","targetHints":{"allow":["GET"]}}],"collection":[{"href":"https:\/\/www.europesays.com\/fr\/wp-json\/wp\/v2\/posts"}],"about":[{"href":"https:\/\/www.europesays.com\/fr\/wp-json\/wp\/v2\/types\/post"}],"author":[{"embeddable":true,"href":"https:\/\/www.europesays.com\/fr\/wp-json\/wp\/v2\/users\/2"}],"replies":[{"embeddable":true,"href":"https:\/\/www.europesays.com\/fr\/wp-json\/wp\/v2\/comments?post=95900"}],"version-history":[{"count":0,"href":"https:\/\/www.europesays.com\/fr\/wp-json\/wp\/v2\/posts\/95900\/revisions"}],"wp:featuredmedia":[{"embeddable":true,"href":"https:\/\/www.europesays.com\/fr\/wp-json\/wp\/v2\/media\/95901"}],"wp:attachment":[{"href":"https:\/\/www.europesays.com\/fr\/wp-json\/wp\/v2\/media?parent=95900"}],"wp:term":[{"taxonomy":"category","embeddable":true,"href":"https:\/\/www.europesays.com\/fr\/wp-json\/wp\/v2\/categories?post=95900"},{"taxonomy":"post_tag","embeddable":true,"href":"https:\/\/www.europesays.com\/fr\/wp-json\/wp\/v2\/tags?post=95900"}],"curies":[{"name":"wp","href":"https:\/\/api.w.org\/{rel}","templated":true}]}}