{"id":959006,"date":"2026-05-27T00:38:44","date_gmt":"2026-05-27T00:38:44","guid":{"rendered":"https:\/\/www.europesays.com\/fr\/959006\/"},"modified":"2026-05-27T00:38:44","modified_gmt":"2026-05-27T00:38:44","slug":"om-losc-avant-son-nouveau-club-bruno-genesio-recoit-une-nouvelle-voiture","status":"publish","type":"post","link":"https:\/\/www.europesays.com\/fr\/959006\/","title":{"rendered":"OM, LOSC. Avant son nouveau club, Bruno Genesio re\u00e7oit une nouvelle voiture"},"content":{"rendered":"<p><img fetchpriority=\"high\" decoding=\"async\" width=\"620\" height=\"413\" src=\"https:\/\/www.europesays.com\/fr\/wp-content\/uploads\/2026\/05\/Bruno-Genesio-voiture-620x413.jpeg\" alt=\"OM, LOSC. Avant son nouveau club, Bruno Genesio re\u00e7oit une nouvelle voiture\" class=\"wp-image-403326\"  \/>\u00c7a roule pour Bruno G\u00e9n\u00e9sio.<\/p>\n<p>Quelques heures apr\u00e8s que le <a href=\"https:\/\/sportune.20minutes.fr\/football\/equipe\/losc-lille-losc\" rel=\"nofollow noopener\" target=\"_blank\">LOSC Lille<\/a> a officialis\u00e9 son d\u00e9part au terme de son contrat, Bruno Genesio a pris livraison d\u2019un nouveau v\u00e9hicule. C\u2019est le fondateur d\u2019Autolink Business, soci\u00e9t\u00e9 lyonnaise sp\u00e9cialis\u00e9e dans la gestion automobile pour une client\u00e8le professionnelle et haut de gamme, qui a annonc\u00e9 la nouvelle sur <a href=\"https:\/\/www.linkedin.com\/posts\/ali-ben-hamad-ba285494_autolinkbusiness-lyon-football-share-7464618081047302145-H3z0\/?utm_source=share&amp;utm_medium=member_desktop&amp;rcm=ACoAAAfFHVIBLJyaWYXBhu0lD8fDpUUbgZjwD_c\" rel=\"nofollow noopener\" target=\"_blank\">LinkedIn<\/a>.<\/p>\n<p>Il s\u2019agirait d\u2019un Lynk &amp; Co 01, SUV hybride rechargeable de la marque sino-su\u00e9doise n\u00e9e de la collaboration entre Geely et Volvo, positionn\u00e9 sur le segment premium. La relation entre Genesio et Autolink Business s\u2019inscrit dans la dur\u00e9e, le fondateur \u00e9voquant une \u00ab confiance renouvel\u00e9e au fil des ann\u00e9es \u00bb.<\/p>\n<p>Libre depuis son d\u00e9part de Lille, l\u2019ancien entra\u00eeneur de l\u2019<a href=\"https:\/\/sportune.20minutes.fr\/football\/equipe\/olympique-lyonnais-ol\" rel=\"nofollow noopener\" target=\"_blank\">Olympique Lyonnais<\/a> est pressenti pour prendre la t\u00eate de l\u2019<a href=\"https:\/\/sportune.20minutes.fr\/football\/equipe\/olympique-de-marseille-om\" rel=\"nofollow noopener\" target=\"_blank\">Olympique de Marseille<\/a>, o\u00f9 son nom circule avec insistance pour succ\u00e9der sur le banc phoc\u00e9en. Ces derni\u00e8res heures, il est aussi question de l\u2019int\u00e9r\u00eat de l\u2019<a href=\"https:\/\/sportune.20minutes.fr\/football\/equipe\/as-monaco-asm\" rel=\"nofollow noopener\" target=\"_blank\">AS Monaco<\/a> ou du a href=\u00a0\u00bbhttps:\/\/sportune.20minutes.fr\/football\/equipe\/paris-fc\u00a0\u00bb&gt;Paris FC, si Antoine Kombouar\u00e9 ne devait pas prolonger.<\/p>\n","protected":false},"excerpt":{"rendered":"\u00c7a roule pour Bruno G\u00e9n\u00e9sio. Quelques heures apr\u00e8s que le LOSC Lille a officialis\u00e9 son d\u00e9part au terme&hellip;\n","protected":false},"author":2,"featured_media":959007,"comment_status":"","ping_status":"","sticky":false,"template":"","format":"standard","meta":{"footnotes":"","_share_on_mastodon":"0"},"categories":[2],"tags":[11,8095,1011,27,2267,12,149,25,3888],"class_list":["post-959006","post","type-post","status-publish","format-standard","has-post-thumbnail","category-actualites","tag-actualites","tag-bruno-genesio","tag-fr","tag-france","tag-losc","tag-news","tag-om","tag-republique-francaise","tag-voitures"],"share_on_mastodon":{"url":"https:\/\/pubeurope.com\/@fr\/116643753183612427","error":""},"_links":{"self":[{"href":"https:\/\/www.europesays.com\/fr\/wp-json\/wp\/v2\/posts\/959006","targetHints":{"allow":["GET"]}}],"collection":[{"href":"https:\/\/www.europesays.com\/fr\/wp-json\/wp\/v2\/posts"}],"about":[{"href":"https:\/\/www.europesays.com\/fr\/wp-json\/wp\/v2\/types\/post"}],"author":[{"embeddable":true,"href":"https:\/\/www.europesays.com\/fr\/wp-json\/wp\/v2\/users\/2"}],"replies":[{"embeddable":true,"href":"https:\/\/www.europesays.com\/fr\/wp-json\/wp\/v2\/comments?post=959006"}],"version-history":[{"count":0,"href":"https:\/\/www.europesays.com\/fr\/wp-json\/wp\/v2\/posts\/959006\/revisions"}],"wp:featuredmedia":[{"embeddable":true,"href":"https:\/\/www.europesays.com\/fr\/wp-json\/wp\/v2\/media\/959007"}],"wp:attachment":[{"href":"https:\/\/www.europesays.com\/fr\/wp-json\/wp\/v2\/media?parent=959006"}],"wp:term":[{"taxonomy":"category","embeddable":true,"href":"https:\/\/www.europesays.com\/fr\/wp-json\/wp\/v2\/categories?post=959006"},{"taxonomy":"post_tag","embeddable":true,"href":"https:\/\/www.europesays.com\/fr\/wp-json\/wp\/v2\/tags?post=959006"}],"curies":[{"name":"wp","href":"https:\/\/api.w.org\/{rel}","templated":true}]}}