{"id":95904,"date":"2025-05-13T04:19:09","date_gmt":"2025-05-13T04:19:09","guid":{"rendered":"https:\/\/www.europesays.com\/fr\/95904\/"},"modified":"2025-05-13T04:19:09","modified_gmt":"2025-05-13T04:19:09","slug":"multiples-echanges-diplomatiques-apres-que-trump-propose-de-se-joindre-a-une-reunion-ukraine-russie-13-05-2025-a-0543","status":"publish","type":"post","link":"https:\/\/www.europesays.com\/fr\/95904\/","title":{"rendered":"Multiples \u00e9changes diplomatiques apr\u00e8s que Trump propose de se joindre \u00e0 une r\u00e9union Ukraine-Russie &#8211; 13\/05\/2025 \u00e0 05:43"},"content":{"rendered":"<p>\n La proposition du pr\u00e9sident am\u00e9ricain<br \/>\nDonald Trump de se joindre \u00e0 de potentielles discussions<br \/>\ndirectes entre l&rsquo;Ukraine et la Russie cette semaine a \u00e9t\u00e9 suivie<br \/>\nlundi de multiples \u00e9changes entre repr\u00e9sentants de haut rang<br \/>\nam\u00e9ricain et europ\u00e9ens avec l&rsquo;objectif d&rsquo;avancer vers une issue<br \/>\nau conflit.\n<\/p>\n<p>\n S&rsquo;exprimant lundi devant des journalistes \u00e0 la Maison<br \/>\nblanche, Donald Trump a d\u00e9clar\u00e9 qu&rsquo;il ne fallait \u00ab\u00a0pas<br \/>\nsous-estimer\u00a0\u00bb la r\u00e9union de jeudi en Turquie, en r\u00e9f\u00e9rence \u00e0 la<br \/>\nproposition du pr\u00e9sident russe Vladimir Poutine d&rsquo;organiser le<br \/>\n15 mai \u00e0 Istanbul des n\u00e9gociations de paix avec l&rsquo;Ukraine.\n<\/p>\n<p>\n Le pr\u00e9sident ukrainien Volodimir Zelensky a dit \u00eatre pr\u00eat \u00e0<br \/>\nse rendre \u00e0 Istanbul pour de telles discussions, tout en<br \/>\ndemandant \u00e0 la Russie de respecter un cessez-le-feu de 30 jours,<br \/>\n\u00e9galement r\u00e9clam\u00e9 par les Europ\u00e9ens, qui servirait selon lui de<br \/>\nbase \u00e0 ces pourparlers.\n<\/p>\n<p>\n Moscou et Kyiv n&rsquo;ont plus pris part \u00e0 des discussions<br \/>\ndirectes depuis les premi\u00e8res semaines du conflit, d\u00e9clench\u00e9 par<br \/>\nce que les alli\u00e9s de l&rsquo;Ukraine d\u00e9noncent comme une invasion<br \/>\nlanc\u00e9e par la Russie le 24 f\u00e9vrier 2022. Le Kremlin a pr\u00e9sent\u00e9<br \/>\nson offensive comme une \u00ab\u00a0op\u00e9ration militaire sp\u00e9ciale\u00a0\u00bb.\n<\/p>\n<p>\n Vladimir Poutine et Volodimir Zelensky, qui ne cachent pas<br \/>\nleur m\u00e9pris mutuel, ne se sont plus retrouv\u00e9s dans la m\u00eame pi\u00e8ce<br \/>\ndepuis d\u00e9cembre 2019 et un sommet en format \u00ab\u00a0Normandie\u00a0\u00bb \u00e0 Paris.\n<\/p>\n<p>\n Lundi, apr\u00e8s les commentaires inattendus de Donald Trump, le<br \/>\nsecr\u00e9taire d&rsquo;Etat am\u00e9ricain Marco Rubio a discut\u00e9 de la \u00ab\u00a0voie \u00e0<br \/>\nsuivre vers un cessez-le-feu\u00a0\u00bb en Ukraine avec plusieurs<br \/>\nhomologues europ\u00e9ens, dont le ministre fran\u00e7ais des Affaires<br \/>\n\u00e9trang\u00e8res, Jean-No\u00ebl Barrot, et le secr\u00e9taire britannique au<br \/>\nForeign Office, David Lammy, a rapport\u00e9 le d\u00e9partement d&rsquo;Etat.\n<\/p>\n<p>\n La cheffe de la diplomatie europ\u00e9enne Kaja Kallas et le<br \/>\nministre ukrainien des Affaires \u00e9trang\u00e8res Andre\u00ef Sybiha ont<br \/>\n\u00e9galement particip\u00e9 \u00e0 cet \u00e9change t\u00e9l\u00e9phonique, selon le<br \/>\ncompte-rendu des services de Marco Rubio.\n<\/p>\n<p>\n De son c\u00f4t\u00e9, Moscou a fait savoir que le ministre russe des<br \/>\nAffaires \u00e9trang\u00e8res, Sergue\u00ef Lavrov, a \u00e9voqu\u00e9 lundi soir avec<br \/>\nson homologue turc Hakan Fidan les discussions directes avec<br \/>\nKyiv.\n<\/p>\n<p>\n Aucun commentaire n&rsquo;a \u00e9t\u00e9 effectu\u00e9 par la Russie \u00e0 propos de<br \/>\nla proposition de Donald Trump, ni de la r\u00e9ponse apport\u00e9e par<br \/>\nVolodimir Zelensky \u00e0 la proposition de pourparlers directs<br \/>\nformul\u00e9e dimanche par Vladimir Poutine.\n<\/p>\n<p>\n Donald Trump d\u00e9bute mardi une tourn\u00e9e dans le Golfe. Son<br \/>\nprogramme pr\u00e9voit jeudi une visite aux Emirats arabes unis.\n<\/p>\n<p>\n L&rsquo;Ukraine et ses alli\u00e9s europ\u00e9ens ont cherch\u00e9 ces derniers<br \/>\njours \u00e0 accentuer la pression sur la Russie pour qu&rsquo;elle accepte<br \/>\nun cessez-le-feu de 30 jours sans conditions pr\u00e9alables \u00e0<br \/>\ncompter de lundi.\n<\/p>\n<p>\n En symbole de soutien, le pr\u00e9sident fran\u00e7ais Emmanuel<br \/>\nMacron, le nouveau chancelier allemand Friedrich Merz, le<br \/>\nPremier ministre britannique Keir Starmer et le Premier ministre<br \/>\npolonais Donald Tusk ont effectu\u00e9 samedi une visite \u00e0 Kyiv.\n<\/p>\n<p>\n L&rsquo;Union europ\u00e9enne a pr\u00e9venu qu&rsquo;elle \u00e9tait dispos\u00e9e \u00e0<br \/>\nprendre des sanctions contre la Russie en cas de refus de tr\u00eave<br \/>\navec l&rsquo;Ukraine.\n<\/p>\n<p>\n Le Kremlin a d\u00e9nonc\u00e9 les demandes occidentales et<br \/>\nukrainiennes comme des \u00ab\u00a0ultimatums\u00a0\u00bb selon lui inacceptables.\n<\/p>\n<p>\n D&rsquo;apr\u00e8s l&rsquo;arm\u00e9e ukrainienne, les affrontements avec les<br \/>\ntroupes russes pr\u00e8s de certaines lignes de front dans l&rsquo;Est<br \/>\nukrainien ont \u00e9t\u00e9 lundi aussi intenses qu&rsquo;en l&rsquo;absence de<br \/>\ncessez-le-feu.\n<\/p>\n<p>\n (Costas Pitas, Steve Holland, Tom Balmforth, Yuliia Dysa et<br \/>\nLidia Kelly; r\u00e9dig\u00e9 par Jean Terzian)<\/p>\n","protected":false},"excerpt":{"rendered":"La proposition du pr\u00e9sident am\u00e9ricain Donald Trump de se joindre \u00e0 de potentielles discussions directes entre l&rsquo;Ukraine et&hellip;\n","protected":false},"author":2,"featured_media":2486,"comment_status":"","ping_status":"","sticky":false,"template":"","format":"standard","meta":{"footnotes":""},"categories":[1591],"tags":[400,11,398,408,405,1887,403,402,399,404,12,1885,1886,132,401,406,407],"class_list":{"0":"post-95904","1":"post","2":"type-post","3":"status-publish","4":"format-standard","5":"has-post-thumbnail","7":"category-russie","8":"tag-action-cac-40","9":"tag-actualites","10":"tag-bourse-de-paris","11":"tag-boursorama","12":"tag-cotations","13":"tag-federation-de-russie","14":"tag-indices-devises","15":"tag-investir","16":"tag-investissement","17":"tag-marche-boursier","18":"tag-news","19":"tag-russia","20":"tag-russian-federation","21":"tag-russie","22":"tag-sicav","23":"tag-trackers","24":"tag-warrants"},"share_on_mastodon":{"url":"https:\/\/pubeurope.com\/@fr\/114498605103863559","error":""},"_links":{"self":[{"href":"https:\/\/www.europesays.com\/fr\/wp-json\/wp\/v2\/posts\/95904","targetHints":{"allow":["GET"]}}],"collection":[{"href":"https:\/\/www.europesays.com\/fr\/wp-json\/wp\/v2\/posts"}],"about":[{"href":"https:\/\/www.europesays.com\/fr\/wp-json\/wp\/v2\/types\/post"}],"author":[{"embeddable":true,"href":"https:\/\/www.europesays.com\/fr\/wp-json\/wp\/v2\/users\/2"}],"replies":[{"embeddable":true,"href":"https:\/\/www.europesays.com\/fr\/wp-json\/wp\/v2\/comments?post=95904"}],"version-history":[{"count":0,"href":"https:\/\/www.europesays.com\/fr\/wp-json\/wp\/v2\/posts\/95904\/revisions"}],"wp:featuredmedia":[{"embeddable":true,"href":"https:\/\/www.europesays.com\/fr\/wp-json\/wp\/v2\/media\/2486"}],"wp:attachment":[{"href":"https:\/\/www.europesays.com\/fr\/wp-json\/wp\/v2\/media?parent=95904"}],"wp:term":[{"taxonomy":"category","embeddable":true,"href":"https:\/\/www.europesays.com\/fr\/wp-json\/wp\/v2\/categories?post=95904"},{"taxonomy":"post_tag","embeddable":true,"href":"https:\/\/www.europesays.com\/fr\/wp-json\/wp\/v2\/tags?post=95904"}],"curies":[{"name":"wp","href":"https:\/\/api.w.org\/{rel}","templated":true}]}}