{"id":95913,"date":"2025-05-13T04:24:09","date_gmt":"2025-05-13T04:24:09","guid":{"rendered":"https:\/\/www.europesays.com\/fr\/95913\/"},"modified":"2025-05-13T04:24:09","modified_gmt":"2025-05-13T04:24:09","slug":"la-pologne-un-miracle-economique-au-coeur-de-leurope-lexpress","status":"publish","type":"post","link":"https:\/\/www.europesays.com\/fr\/95913\/","title":{"rendered":"La Pologne, un miracle \u00e9conomique au c\u0153ur de l\u2019Europe \u2013 L&rsquo;Express"},"content":{"rendered":"<p class=\"paragraph article-body-paragraph article__item   article-body-paragraph--first \">Au d\u00e9but des ann\u00e9es 2000, <a href=\"https:\/\/www.lexpress.fr\/monde\/europe\/droits-de-douane-americains-comment-leurope-passe-a-loffensive-pour-proteger-ses-entreprises-W5HOCLHGNNDZVNESONMGNAEFPE\/\" target=\"_self\" rel=\"noopener\">l\u2019Union europ\u00e9enne <\/a>pr\u00e9pare une directive pour lib\u00e9raliser les services : en clair, permettre \u00e0 une entreprise europ\u00e9enne, de fournir un service dans un autre Etat membre, mais en respectant les conditions de son pays d\u2019origine. Par exemple, un plombier polonais peut venir travailler en France, avec le droit en vigueur en Pologne.<\/p>\n<p class=\"paragraph article-body-paragraph article__item   \">Cette all\u00e9gorie devient l\u2019exemple type de ce projet europ\u00e9en, qui suscite l\u2019opposition de nombreux Etats. Apr\u00e8s quelques ann\u00e9es et d\u2019\u00e2pres n\u00e9gociations, la directive est adopt\u00e9e.<\/p>\n<p><strong class=\"article-body-link-list__item text-gray-800 article-body-link-list__item--one-item\">LIRE AUSSI : <a class=\"article-body-link-list__item-link\" href=\"https:\/\/www.lexpress.fr\/economie\/politique-economique\/pologne-les-secrets-dun-miracle-economique-dans-une-europe-en-berne-G6JKW5VRPNE2LBCAICLZ2K7SJQ\/\" target=\"_blank\" rel=\"noreferrer noopener\">Pologne : les secrets d&rsquo;un miracle \u00e9conomique dans une Europe en berne<\/a><\/strong><\/p>\n<p class=\"paragraph article-body-paragraph article__item   \">Depuis, en France notamment, le clich\u00e9 du plombier polonais colle \u00e0 l\u2019image de ce pays de l\u2019est de l\u2019Europe. Et pourtant, l\u2019ancien membre du bloc sovi\u00e9tique a su se d\u00e9faire de son pass\u00e9 communiste, et n\u2019a rien \u00e0 envier aux principales \u00e9conomies europ\u00e9ennes.<\/p>\n<\/p>\n<p class=\"paragraph article-body-paragraph article__item   \"><a href=\"https:\/\/play.acast.com\/s\/la-loupe\" target=\"_blank\" rel=\"noopener\"><b>RETROUVEZ TOUS LES EPISODES DE LA LOUPE<\/b><\/a><\/p>\n<p class=\"paragraph article-body-paragraph article__item   \">Ecoutez cet \u00e9pisode et abonnez-vous \u00e0 La Loupe sur <a href=\"https:\/\/podcasts.apple.com\/fr\/podcast\/la-loupe\/id1570855740?l=en\" target=\"_blank\" rel=\"noopener\">Apple Podcasts<\/a>, <a href=\"https:\/\/open.spotify.com\/show\/3HNRGEtjT3UrOpc6vsfRdt?si=SJAyStSURPa44FNMao3B4A&amp;dl_branch=1\" target=\"_blank\" rel=\"noopener\">Spotify<\/a>, <a href=\"https:\/\/deezer.page.link\/An7W7pizXJcAqLQy7\" target=\"_blank\" rel=\"noopener\">Deezer<\/a>, <a href=\"https:\/\/podcasts.google.com\/feed\/aHR0cHM6Ly9yc3MuYWNhc3QuY29tL2xhLWxvdXBl?sa=X&amp;ved=0CBUQ27cFahcKEwj49sutipnxAhUAAAAAHQAAAAAQAg\" target=\"_blank\" rel=\"noopener\">Google Podcasts<\/a>, <a href=\"https:\/\/podcastaddict.com\/podcast\/3380332\" target=\"_blank\" rel=\"noopener\">Podcast Addict<\/a> et <a href=\"https:\/\/music.amazon.fr\/podcasts\/11c4e8d8-2cb7-47fb-a0c7-276f11d5cbce\/LA-LOUPE\" target=\"_blank\" rel=\"noopener\">Amazon Music<\/a>.<\/p>\n<p class=\"paragraph article-body-paragraph article__item   \"><a href=\"https:\/\/infos.lexpress.fr\/renderers\/inscription_laloupe\" target=\"_blank\" rel=\"noopener\">Inscrivez-vous \u00e0 notre newsletter<\/a>.<\/p>\n<p class=\"paragraph article-body-paragraph article__item   \">Cet \u00e9pisode a \u00e9t\u00e9 \u00e9crit et pr\u00e9sent\u00e9 par Charlotte Baris, r\u00e9alis\u00e9 par Jules Krot et mont\u00e9 par Emeline Dulio.<\/p>\n<p class=\"paragraph article-body-paragraph article__item   \">Cr\u00e9dits : France 2, France 3, INA<\/p>\n<p class=\"paragraph article-body-paragraph article__item   \">Musique et habillage : Emmanuel Herschon\/Studio Torrent<\/p>\n<p class=\"paragraph article-body-paragraph article__item   \">Logo : J\u00e9r\u00e9my Cambour<\/p>\n<p class=\"paragraph article-body-paragraph article__item   \">Comment \u00e9couter un podcast ? <a href=\"https:\/\/www.lexpress.fr\/actualite\/medias\/comment-ecouter-un-podcast-depuis-votre-smartphone-ou-votre-ordinateur_2152856.html\" target=\"_blank\" rel=\"noopener\">Suivez le guide<\/a>.<\/p>\n<p class=\"paragraph article-body-paragraph article__item   \"><b>Pour aller plus loin :<\/b><\/p>\n<p class=\"paragraph article-body-paragraph article__item   \"><a href=\"https:\/\/www.lexpress.fr\/idees-et-debats\/les-secrets-des-miracles-economiques-du-vietnam-et-de-la-pologne-BYNWVMQMHVCXNATIHNNZSRRHNA\/\" target=\"_self\" rel=\"noopener\"><b>Les secrets des miracles \u00e9conomiques du Vietnam et de la Pologne<\/b><\/a><\/p>\n<p class=\"paragraph article-body-paragraph article__item   \"><a href=\"https:\/\/www.lexpress.fr\/monde\/europe\/traite-de-nancy-la-relation-entre-la-france-et-la-pologne-va-changer-de-braquet-36T2PZKWNRA3BJWBDGSGH4VGCE\/\" target=\"_self\" rel=\"noopener\"><b>Trait\u00e9 de Nancy : \u00ab\u00a0La relation entre la France et la Pologne va changer de braquet\u00a0\u00bb<\/b><\/a><\/p>\n<p class=\"paragraph article-body-paragraph article__item    article__text__endpicto\"><a href=\"https:\/\/www.lexpress.fr\/monde\/europe\/pologne-grece-comment-ces-pays-europeens-se-rearment-deja-7LXBBWOGM5HENACR4F45D75ZGI\/\" target=\"_self\" rel=\"noopener\"><b>Pologne, Gr\u00e8ce\u2026 Comment ces pays europ\u00e9ens se r\u00e9arment d\u00e9j\u00e0<\/b><\/a><\/p>\n","protected":false},"excerpt":{"rendered":"Au d\u00e9but des ann\u00e9es 2000, l\u2019Union europ\u00e9enne pr\u00e9pare une directive pour lib\u00e9raliser les services : en clair, permettre&hellip;\n","protected":false},"author":2,"featured_media":95914,"comment_status":"","ping_status":"","sticky":false,"template":"","format":"standard","meta":{"footnotes":""},"categories":[1586],"tags":[11,1777,674,1011,27,2926,74,12,2927,25],"class_list":{"0":"post-95913","1":"post","2":"type-post","3":"status-publish","4":"format-standard","5":"has-post-thumbnail","7":"category-europe","8":"tag-actualites","9":"tag-eu","10":"tag-europe","11":"tag-fr","12":"tag-france","13":"tag-la-loupe","14":"tag-monde","15":"tag-news","16":"tag-podcasts","17":"tag-republique-francaise"},"share_on_mastodon":{"url":"https:\/\/pubeurope.com\/@fr\/114498624806135032","error":""},"_links":{"self":[{"href":"https:\/\/www.europesays.com\/fr\/wp-json\/wp\/v2\/posts\/95913","targetHints":{"allow":["GET"]}}],"collection":[{"href":"https:\/\/www.europesays.com\/fr\/wp-json\/wp\/v2\/posts"}],"about":[{"href":"https:\/\/www.europesays.com\/fr\/wp-json\/wp\/v2\/types\/post"}],"author":[{"embeddable":true,"href":"https:\/\/www.europesays.com\/fr\/wp-json\/wp\/v2\/users\/2"}],"replies":[{"embeddable":true,"href":"https:\/\/www.europesays.com\/fr\/wp-json\/wp\/v2\/comments?post=95913"}],"version-history":[{"count":0,"href":"https:\/\/www.europesays.com\/fr\/wp-json\/wp\/v2\/posts\/95913\/revisions"}],"wp:featuredmedia":[{"embeddable":true,"href":"https:\/\/www.europesays.com\/fr\/wp-json\/wp\/v2\/media\/95914"}],"wp:attachment":[{"href":"https:\/\/www.europesays.com\/fr\/wp-json\/wp\/v2\/media?parent=95913"}],"wp:term":[{"taxonomy":"category","embeddable":true,"href":"https:\/\/www.europesays.com\/fr\/wp-json\/wp\/v2\/categories?post=95913"},{"taxonomy":"post_tag","embeddable":true,"href":"https:\/\/www.europesays.com\/fr\/wp-json\/wp\/v2\/tags?post=95913"}],"curies":[{"name":"wp","href":"https:\/\/api.w.org\/{rel}","templated":true}]}}