{"id":959145,"date":"2026-05-27T02:13:27","date_gmt":"2026-05-27T02:13:27","guid":{"rendered":"https:\/\/www.europesays.com\/fr\/959145\/"},"modified":"2026-05-27T02:13:27","modified_gmt":"2026-05-27T02:13:27","slug":"roland-garros-gael-monfils-avait-tout-techniquement-pour-etre-extraordinaire-mais-malheureusement-il-etait-pauvre-tactiquement-federer-lui-a-rappele-15-milliards-de-fois-estime-benoit-maylin","status":"publish","type":"post","link":"https:\/\/www.europesays.com\/fr\/959145\/","title":{"rendered":"Roland Garros > \u00ab\u00a0Ga\u00ebl Monfils avait tout techniquement pour \u00eatre extraordinaire mais, malheureusement, il \u00e9tait pauvre tactiquement. Federer lui a rappel\u00e9 15 milliards de fois\u00a0\u00bb, estime Beno\u00eet Maylin"},"content":{"rendered":"<p><a href=\"https:\/\/www.welovetennis.fr\/wp-content\/uploads\/2026\/05\/Monfils-triste-RG-2026.jpeg\" data-caption=\"\" rel=\"nofollow noopener\" target=\"_blank\"><img loading=\"lazy\" decoding=\"async\" width=\"696\" height=\"380\" class=\"entry-thumb td-modal-image lazy\" src=\"data:image\/svg+xml,%3Csvg%20xmlns=\" http:=\"\" data-src=\"https:\/\/www.europesays.com\/fr\/wp-content\/uploads\/2026\/05\/Monfils-triste-RG-2026-696x380.jpeg\" data- data- alt=\"\" title=\"Monfils triste RG 2026\"\/><\/a><\/p>\n<p>Alors que Ga\u00ebl Monfils a fait ses adieux \u00e0 Roland\u2010Garros ce lundi soir suite \u00e0 sa d\u00e9faite d\u00e8s le premier tour face \u00e0 Hugo Gaston, l\u2019heure est plus ou moins au\u00a0bilan.<\/p>\n<p>Et quand on \u00e9voque \u00ab\u202fLa Monf\u202f\u00bb, impos\u00adsible de rester impas\u00adsible, surtout du c\u00f4t\u00e9 de notre confr\u00e8re Beno\u00eet Maylin, autant impres\u00adsionn\u00e9 par les qualit\u00e9s athl\u00e9\u00adtiques du Parisien que frustr\u00e9 par ses d\u00e9fauts tactiques.\u00a0<\/p>\n<blockquote class=\"twitter-tweet\">\n<p lang=\"fr\" dir=\"ltr\">\ud83e\udd2f \u00ab\u202fMonfils est un mec qui nous a fait croire \u00e0 Paris qu\u2019il pour\u00adrait y arriver. Il avait tout tech\u00adni\u00adque\u00adment pour \u00eatre extra\u00ador\u00addi\u00adnaire mais tacti\u00adque\u00adment c\u2019\u00e9tait pauvre. Son probl\u00e8me c\u2019\u00e9tait pas le tennis, c\u2019\u00e9tait la tronche.\u202f\u00bb<\/p>\n<p>\ud83d\udde3\ufe0f <a href=\"https:\/\/twitter.com\/BenoitMaylin?ref_src=twsrc%5Etfw\" data-wpel-link=\"external\" target=\"_blank\" rel=\"nofollow external noopener\">@BenoitMaylin<\/a> <a href=\"https:\/\/t.co\/mlrsDM5RQA\" data-wpel-link=\"external\" target=\"_blank\" rel=\"nofollow external noopener\">pic.twitter.com\/mlrsDM5RQA<\/a><\/p>\n<p>\u2014 Sans Filet \ud83d\udd1e (@SansFilet) <a href=\"https:\/\/twitter.com\/SansFilet\/status\/2059226277261815918?ref_src=twsrc%5Etfw\" data-wpel-link=\"external\" target=\"_blank\" rel=\"nofollow external noopener\">May 26,\u00a02026<\/a><\/p><\/blockquote>\n<p><strong>\u00ab\u202fMonfils est un mec qui nous a fait croire \u00e0 Paris qu\u2019il pour\u00adrait y arriver. Il avait tout tech\u00adni\u00adque\u00adment pour \u00eatre extra\u00ador\u00addi\u00adnaire mais tacti\u00adque\u00adment c\u2019\u00e9tait pauvre. Son probl\u00e8me c\u2019\u00e9tait pas le tennis, c\u2019\u00e9tait la tronche. C\u2019a toujours \u00e9t\u00e9 le bordel dans sa t\u00eate, on l\u2019a toujours dit. Federer lui a rappel\u00e9 15 milliards de fois\u00a0: \u2018Range tes tiroirs, range ta chambre et tu vas voir que tout d\u2019un coup cela va s\u2019\u00e9claircir, tu vas avoir une luci\u00addit\u00e9 sur le\u00a0court\u2019.\u202f\u00bb<\/strong><\/p>\n<p class=\"post-published-date\" style=\"color: silver; font-size: 75%; text-align: left;\">Publi\u00e9 le mardi 26 mai 2026 \u00e0 19:47<\/p>\n<p><a href=\"https:\/\/www.welovetennis.fr\/author\/tsuscillon\" data-wpel-link=\"internal\" rel=\"nofollow noopener\" target=\"_blank\"><img loading=\"lazy\" decoding=\"async\" alt=\"\" src=\"data:image\/svg+xml,%3Csvg%20xmlns=\" http:=\"\" data-src=\"https:\/\/www.europesays.com\/fr\/wp-content\/uploads\/2026\/05\/1779848007_854_f61d6310189fcf678f92c1d7654c07221abc3d712df3fe26393003e95faa2d83.jpeg\" data- class=\"avatar avatar-96 photo lazy\" height=\"96\" width=\"96\"\/><\/a><br \/>\nA propos de l\u2019auteur<br \/>\n<a href=\"https:\/\/www.welovetennis.fr\/author\/tsuscillon\" data-wpel-link=\"internal\" rel=\"nofollow noopener\" target=\"_blank\">Thomas S<\/a><\/p>\n<p class=\"wlt-author-bio\">Pr\u00e9f\u00e9rant sacri\u00adfier des apr\u00e8s\u2010midis dehors avec les copains pour suivre Roland\u2010Garros \u00e0 la TV, Thomas a toujours eu le d\u00e9sir de vivre de sa passion. C\u2019est par l\u2019\u00e9cri\u00adture et le jour\u00adna\u00adlisme qu\u2019il concr\u00e9\u00adtise son r\u00eave en int\u00e9\u00adgrant la r\u00e9dac\u00adtion de We Love Tennis en avril 2017\u202fen tant que pigiste, avant de devenir r\u00e9dac\u00adteur en chef en ao\u00fbt 2021. Une aven\u00adture vou\u00e9e \u00e0 se pour\u00adsuivre aussi long\u00adtemps que possible.<\/p>\n<p>  <script async src=\"https:\/\/platform.twitter.com\/widgets.js\" charset=\"utf-8\"><\/script><\/p>\n","protected":false},"excerpt":{"rendered":"Alors que Ga\u00ebl Monfils a fait ses adieux \u00e0 Roland\u2010Garros ce lundi soir suite \u00e0 sa d\u00e9faite d\u00e8s&hellip;\n","protected":false},"author":2,"featured_media":959146,"comment_status":"","ping_status":"","sticky":false,"template":"","format":"standard","meta":{"footnotes":"","_share_on_mastodon":"0"},"categories":[9],"tags":[2199,1011,27,3770,60],"class_list":["post-959145","post","type-post","status-publish","format-standard","has-post-thumbnail","category-sports","tag-federer","tag-fr","tag-france","tag-monfils","tag-sports"],"share_on_mastodon":{"url":"https:\/\/pubeurope.com\/@fr\/116644125656302049","error":""},"_links":{"self":[{"href":"https:\/\/www.europesays.com\/fr\/wp-json\/wp\/v2\/posts\/959145","targetHints":{"allow":["GET"]}}],"collection":[{"href":"https:\/\/www.europesays.com\/fr\/wp-json\/wp\/v2\/posts"}],"about":[{"href":"https:\/\/www.europesays.com\/fr\/wp-json\/wp\/v2\/types\/post"}],"author":[{"embeddable":true,"href":"https:\/\/www.europesays.com\/fr\/wp-json\/wp\/v2\/users\/2"}],"replies":[{"embeddable":true,"href":"https:\/\/www.europesays.com\/fr\/wp-json\/wp\/v2\/comments?post=959145"}],"version-history":[{"count":0,"href":"https:\/\/www.europesays.com\/fr\/wp-json\/wp\/v2\/posts\/959145\/revisions"}],"wp:featuredmedia":[{"embeddable":true,"href":"https:\/\/www.europesays.com\/fr\/wp-json\/wp\/v2\/media\/959146"}],"wp:attachment":[{"href":"https:\/\/www.europesays.com\/fr\/wp-json\/wp\/v2\/media?parent=959145"}],"wp:term":[{"taxonomy":"category","embeddable":true,"href":"https:\/\/www.europesays.com\/fr\/wp-json\/wp\/v2\/categories?post=959145"},{"taxonomy":"post_tag","embeddable":true,"href":"https:\/\/www.europesays.com\/fr\/wp-json\/wp\/v2\/tags?post=959145"}],"curies":[{"name":"wp","href":"https:\/\/api.w.org\/{rel}","templated":true}]}}