{"id":95915,"date":"2025-05-13T04:25:17","date_gmt":"2025-05-13T04:25:17","guid":{"rendered":"https:\/\/www.europesays.com\/fr\/95915\/"},"modified":"2025-05-13T04:25:17","modified_gmt":"2025-05-13T04:25:17","slug":"le-parlement-en-guerre-contre-bruxelles","status":"publish","type":"post","link":"https:\/\/www.europesays.com\/fr\/95915\/","title":{"rendered":"le Parlement en guerre contre Bruxelles"},"content":{"rendered":"\n<p>Mis sur la touche, le Parlement europ\u00e9en sort les griffes. En d\u00e9but de semaine derni\u00e8re, la pr\u00e9sidente de l\u2019h\u00e9micycle europ\u00e9en, Roberta Metsola, a menac\u00e9 Bruxelles de saisir la Cour de justice de l\u2019Union europ\u00e9enne (CJUE). Les parlementaires europ\u00e9ens n\u2019ont pas appr\u00e9ci\u00e9 que la pr\u00e9sidente de la Commission europ\u00e9enne envisage de passer en force l\u2019adoption de SAFE (Security Action for Europe), un instrument qui pr\u00e9voit un pr\u00eat commun de 150 milliards d\u2019euros pour l\u2019achat d\u2019\u00e9quipements de d\u00e9fense fabriqu\u00e9s en Europe.<\/p>\n<p>En mars dernier, Ursula von der Leyen, avait effectivement annonc\u00e9 qu\u2019elle d\u00e9clencherait l&rsquo;article 122 du Trait\u00e9 sur le fonctionnement de l&rsquo;Union europ\u00e9enne (TFUE), pour contourner le d\u00e9bat parlementaire et faire adopter et envoyer directement la proposition au Conseil pour qu\u2019il soit adopt\u00e9. Invoquant \u00ab\u00a0l\u2019urgence\u00a0\u00bb et la \u00ab\u00a0rapidit\u00e9\u00a0\u00bb, \u00e0 l\u2019occasion de l\u2019annonce du plan de d\u00e9fense ReArm Europe de 800 milliards d\u2019euros, la patronne de la Commission estimait que cette proc\u00e9dure, v\u00e9ritable \u00ab\u00a049.3 europ\u00e9en\u00a0\u00bb, \u00e9tait \u00ab\u00a0la seule voie possible\u00a0\u00bb. Apr\u00e8s avoir maintenu l\u2019Europe dans sa d\u00e9pendance \u00e0 l\u2019Oncle Sam, la Commission n\u2019a rien trouv\u00e9 \u00e0 redire au fait de se passer de l\u2019avis des d\u00e9put\u00e9s europ\u00e9ens pour imposer son plan de r\u00e9armement.<\/p>\n<p>  <strong>\u00ab\u00a0Nous allons les traduire en justice\u00a0\u00bb<\/strong>  <\/p>\n<p>Ce n\u2019est pas la premi\u00e8re fois qu\u2019Ursula von der Leyen utilise cet outil. Mais apr\u00e8s la crise \u00e9nerg\u00e9tique d\u00e9clench\u00e9e par la guerre en Ukraine et l\u2019achat de vaccins contre le Covid, l\u2019agacement se fait sentir. \u00ab&amp;nbspParfois, [l\u2019utilisation de la proc\u00e9dure acc\u00e9l\u00e9r\u00e9e] n\u2019\u00e9tait pas tout \u00e0 fait justifi\u00e9, mais cette fois-ci, c\u2019est totalement injustifi\u00e9, et ce n\u2019est pas tr\u00e8s intelligent&amp;nbsp\u00bb, lance un haut responsable du Parlement <a href=\"https:\/\/www.euractiv.fr\/section\/defense\/news\/mis-a-lecart-sur-un-dossier-de-defense-le-parlement-europeen-se-tourne-vers-la-justice\/\" target=\"_blank\" rel=\"noopener\">\u00e0 Euractiv<\/a>. \u00ab\u00a0Nous allons les traduire en justice. [&#8230;] C\u2019est une question de principe.&amp;nbsp\u00bb Et un autre de d\u00e9clarer\u00a0: \u00ab&amp;nbspNous le ferons, et rien n\u2019unit plus le Parlement qu\u2019une telle mesure.\u00a0\u00bb<\/p>\n<p>Visiblement embarrass\u00e9e, la Commission&#8230;<\/p>\n","protected":false},"excerpt":{"rendered":"Mis sur la touche, le Parlement europ\u00e9en sort les griffes. En d\u00e9but de semaine derni\u00e8re, la pr\u00e9sidente de&hellip;\n","protected":false},"author":2,"featured_media":95916,"comment_status":"","ping_status":"","sticky":false,"template":"","format":"standard","meta":{"footnotes":""},"categories":[1586],"tags":[11,2196,554,771,1777,674,1779,1011,27,10683,14,12,8552,25,1778,364],"class_list":{"0":"post-95915","1":"post","2":"type-post","3":"status-publish","4":"format-standard","5":"has-post-thumbnail","7":"category-europe","8":"tag-actualites","9":"tag-commission-europeenne","10":"tag-defense","11":"tag-defense-europeenne","12":"tag-eu","13":"tag-europe","14":"tag-european-union","15":"tag-fr","16":"tag-france","17":"tag-institutions-europeennes","18":"tag-international","19":"tag-news","20":"tag-parlement-europeen","21":"tag-republique-francaise","22":"tag-ue","23":"tag-union-europeenne"},"share_on_mastodon":{"url":"https:\/\/pubeurope.com\/@fr\/114498628701059269","error":""},"_links":{"self":[{"href":"https:\/\/www.europesays.com\/fr\/wp-json\/wp\/v2\/posts\/95915","targetHints":{"allow":["GET"]}}],"collection":[{"href":"https:\/\/www.europesays.com\/fr\/wp-json\/wp\/v2\/posts"}],"about":[{"href":"https:\/\/www.europesays.com\/fr\/wp-json\/wp\/v2\/types\/post"}],"author":[{"embeddable":true,"href":"https:\/\/www.europesays.com\/fr\/wp-json\/wp\/v2\/users\/2"}],"replies":[{"embeddable":true,"href":"https:\/\/www.europesays.com\/fr\/wp-json\/wp\/v2\/comments?post=95915"}],"version-history":[{"count":0,"href":"https:\/\/www.europesays.com\/fr\/wp-json\/wp\/v2\/posts\/95915\/revisions"}],"wp:featuredmedia":[{"embeddable":true,"href":"https:\/\/www.europesays.com\/fr\/wp-json\/wp\/v2\/media\/95916"}],"wp:attachment":[{"href":"https:\/\/www.europesays.com\/fr\/wp-json\/wp\/v2\/media?parent=95915"}],"wp:term":[{"taxonomy":"category","embeddable":true,"href":"https:\/\/www.europesays.com\/fr\/wp-json\/wp\/v2\/categories?post=95915"},{"taxonomy":"post_tag","embeddable":true,"href":"https:\/\/www.europesays.com\/fr\/wp-json\/wp\/v2\/tags?post=95915"}],"curies":[{"name":"wp","href":"https:\/\/api.w.org\/{rel}","templated":true}]}}