{"id":95921,"date":"2025-05-13T04:28:09","date_gmt":"2025-05-13T04:28:09","guid":{"rendered":"https:\/\/www.europesays.com\/fr\/95921\/"},"modified":"2025-05-13T04:28:09","modified_gmt":"2025-05-13T04:28:09","slug":"plus-de-70-departements-en-vigilance-ce-mardi-voici-ou-ca-va-tomber","status":"publish","type":"post","link":"https:\/\/www.europesays.com\/fr\/95921\/","title":{"rendered":"plus de 70 d\u00e9partements en vigilance ce mardi, voici o\u00f9 \u00e7a va tomber"},"content":{"rendered":"<p>            Par<br \/>\n        <strong><br \/>\n            <a href=\"https:\/\/actu.fr\/auteur\/redaction-actu\" title=\"Consulter tous les articles de R\u00e9daction Actu\" target=\"_blank\" rel=\"noopener\">R\u00e9daction Actu<\/a><br \/>\n        <\/strong><\/p>\n<p>        Publi\u00e9 le<\/p>\n<p>            13 mai 2025 \u00e0 6h20        <\/p>\n<p>La franche am\u00e9lioration du temps, \u00e7a sera pour ce jeudi 15\u00a0mai 2025, <a href=\"https:\/\/actu.fr\/meteo\/des-orages-presque-partout-et-un-grand-soleil-la-meteo-qui-attend-la-france-cette-semaine_62622385.html\" target=\"_blank\" rel=\"noopener\">comme nous l\u2019expliquons dans cet article.<\/a> D\u2019ici l\u00e0, <strong>les \u00e9clairs ne seront pas bien loin<\/strong>\u2009: la goutte froide (de l\u2019air froid en altitude) reste pr\u00e9sente en ce d\u00e9but de semaine.<\/p>\n<p class=\" wall-content\">Cons\u00e9quence\u2009: de possibles <a href=\"https:\/\/actu.fr\/tag\/orages\" target=\"_blank\" rel=\"noopener\">orages<\/a>, surtout sur les r\u00e9gions de l\u2019ouest de la France.\u00a0Dans son bulletin de 16\u2009h la veille, M\u00e9t\u00e9o France avait\u00a0d\u2019ores et d\u00e9j\u00e0 plac\u00e9 plus <strong>d\u2019une cinquantaine de d\u00e9partements en vigilance jaune<\/strong> pour des risques d\u2019orages pour la journ\u00e9e de ce mardi 13\u00a0mai 2025.<\/p>\n<p class=\" wall-content\">Une tendance m\u00e9t\u00e9o qui s\u2019est renforc\u00e9e pendant la nuit, avec d\u00e9sormais <strong>70 d\u00e9partements<\/strong> fran\u00e7ais en vigilance jaune pour orages \u2013 ainsi que la Haute-Savoie en jaune \u00ab\u2009avalanche\u2009\u00bb.<\/p>\n<p>Les d\u00e9partements plac\u00e9s en vigilance ce mardi 13 mai 2025<\/p>\n<p>Ain : orages<br \/>Allier : orages<br \/>Alpes-de-Haute-Provence : orages<br \/>Hautes-Alpes : orages<br \/>Alpes-Maritimes : orages<br \/>Ard\u00e8che : orages<br \/>Ari\u00e8ge : orages<br \/>Aube : orages<br \/>Aude : orages<br \/>Aveyron : orages<br \/>Bouches-du-Rh\u00f4ne : orages<br \/>Cantal : orages<br \/>Cher : orages<br \/>Haute-Corse : orages<br \/>C\u00f4te-d&rsquo;Or : orages<br \/>C\u00f4tes d&rsquo;Armor : orages<br \/>Creuse : orages<br \/>Doubs : orages<br \/>Eure : orages<br \/>Finist\u00e8re : orages<br \/>Gard : orages<br \/>Haute-Garonne : orages<br \/>Gers : orages<br \/>Gironde : orages<br \/>H\u00e9rault : orages<br \/>Ille-et-Vilaine : orages<br \/>Indre : orages<br \/>Indre-et-Loire : orages<br \/>Jura : orages<br \/>Landes : orages<br \/>Loire : orages<br \/>Haute-Loire : orages<br \/>Loire-Atlantique : orages<br \/>Lot-et-Garonne : orages<br \/>Loz\u00e8re : orages<br \/>Maine-et-Loire : orages<br \/>Manche : orages<br \/>Haute-Marne : orages<br \/>Mayenne : orages<br \/>Morbihan : orages<br \/>Ni\u00e8vre : orages<br \/>Oise : orages<br \/>Pas-de-Calais : orages<br \/>Puy-de-D\u00f4me : orages<br \/>Pyr\u00e9n\u00e9es-Atlantiques : orages<br \/>Hautes-Pyr\u00e9n\u00e9es : orages<br \/>Pyr\u00e9n\u00e9es-Orientales : orages<br \/>Haut-Rhin : orages<br \/>Rh\u00f4ne : orages<br \/>Haute-Sa\u00f4ne : orages<br \/>Sa\u00f4ne-et-Loire : orages<br \/>Sarthe : orages<br \/>Haute-Savoie : avalanches<br \/>Paris : orages<br \/>Seine-Maritime : orages<br \/>Seine-et-Marne : orages<br \/>Yvelines : orages<br \/>Somme : orages<br \/>Tarn : orages<br \/>Tarn-et-Garonne : orages<br \/>Var : orages<br \/>Vaucluse : orages<br \/>Vend\u00e9e : orages<br \/>Vosges : orages<br \/>Yonne : orages<br \/>Territoire de Belfort : orages<br \/>Essonne : orages<br \/>Hauts-de-Seine : orages<br \/>Seine-St-Denis : orages<br \/>Val-de-Marne : orages<br \/>Val-D&rsquo;Oise : orages<br \/>Andorre : orages<\/p>\n<p>O\u00f9 le ciel va gronder\u2009?<\/p>\n<p class=\" wall-content\">D\u2019ici le retour <a href=\"https:\/\/actu.fr\/meteo\/des-orages-presque-partout-et-un-grand-soleil-la-meteo-qui-attend-la-france-cette-semaine_62622385.html\" target=\"_blank\" rel=\"noopener\">d\u2019un temps sec et globalement ensoleill\u00e9 en fin de semaine<\/a>, de nouveaux orages devraient \u00e9clater ce mardi 13\u00a0mai 2025 dans l\u2019apr\u00e8s-midi, <strong>des Pyr\u00e9n\u00e9es \u00e0 la Bretagne<\/strong>.<\/p>\n<p>Vid\u00e9os : en ce moment sur Actu<\/p>\n<p class=\" wall-content\">Des averses parfois orageuses pourraient aussi se produire de la Bourgogne aux Alpes, et du Massif central aux Hauts-de-France \u2013 mais de fa\u00e7on assez al\u00e9atoire, avec des cumuls extr\u00eamement h\u00e9t\u00e9rog\u00e8nes, explique M\u00e9t\u00e9o France.<\/p>\n<p class=\" wall-content\">Si le d\u00e9but de journ\u00e9e de ce mardi 13\u00a0mai est calme et souvent ensoleill\u00e9, avec quelques brumes matinales vite dissip\u00e9es, sur la fa\u00e7ade de l\u2019Atlantique, le ciel deviendra vite mena\u00e7ant. Ces averses orageuses pourraient bien aussi <strong>\u00e9clater du bassin parisien \u00e0 la Bourgogne-Franche-Comt\u00e9<\/strong> dans l\u2019apr\u00e8s-midi.<\/p>\n<p class=\" wall-content\">Les pr\u00e9visions d\u2019orages ce mardi en France, selon le mod\u00e8le europ\u00e9en ECMWF (cartes issues de <a href=\"http:\/\/meteologix.com\" target=\"_blank\" rel=\"noopener\">M\u00e9t\u00e9ologix<\/a>)\u2009:<\/p>\n<p class=\" wall-content\"><img decoding=\"async\" loading=\"lazy\" class=\"alignnone size-medium_large\" src=\"https:\/\/www.europesays.com\/fr\/wp-content\/uploads\/2025\/05\/animiertes-gif-von-online-umwandeln-de-5.gif\" width=\"760\" height=\"760\"\/><\/p>\n<p>\u00c0 quand le retour d\u2019un temps calme\u2009?<\/p>\n<p class=\" wall-content\">Les temp\u00e9ratures ce mardi\u2009? Les minimales s\u2019\u00e9chelonneront <strong>entre 6 et 10\u00a0\u00b0C en g\u00e9n\u00e9ral<\/strong>, jusqu\u2019\u00e0 14\u00a0\u00b0C en bord de mer. Les maximales, en hausse, atteindront 17 \u00e0 20\u00a0\u00b0C sur les littoraux de la Manche et de l\u2019Atlantique, et 19 \u00e0 24\u00a0\u00b0C sur le reste du pays.<\/p>\n<p class=\" wall-content\">Il faudra donc attendre ce jeudi 15\u00a0mai pour qu\u2019un temps calme revienne quasiment partout, avec<strong> le comblement de cette goutte froide et le retour de l\u2019anticyclone<\/strong> sur le nord des \u00eeles Britanniques.<\/p>\n<p class=\" wall-content\">Le mercure continuera ainsi sa progression en fin de semaine (sauf des c\u00f4tes de la Manche aux Hauts-de-France en raison d\u2019un vent de nord \u00e0 nord-est), avec probablement des valeurs d\u00e9passant les 25\u00a0\u00b0C sur le Sud-Ouest et la basse vall\u00e9e du Rh\u00f4ne.<\/p>\n<p class=\" wall-content\">Suivez toute l\u2019actualit\u00e9 de vos villes et m\u00e9dias favoris en vous inscrivant \u00e0 <a href=\"https:\/\/moncompte.actu.fr\" title=\"D\u00e9couvez Mon Actu\" rel=\"nofollow noopener\" data-trk=\"{&quot;cta&quot;:{&quot;action&quot;:&quot;https:\\\/\\\/moncompte.actu.fr&quot;,&quot;category&quot;:&quot;mon compte&quot;,&quot;from&quot;:&quot;article footer&quot;,&quot;name&quot;:&quot;Mon actu&quot;,&quot;type&quot;:&quot;cta&quot;}}\" target=\"_blank\">Mon Actu<\/a>.<\/p>\n","protected":false},"excerpt":{"rendered":"Par R\u00e9daction Actu Publi\u00e9 le 13 mai 2025 \u00e0 6h20 La franche am\u00e9lioration du temps, \u00e7a sera pour&hellip;\n","protected":false},"author":2,"featured_media":95922,"comment_status":"","ping_status":"","sticky":false,"template":"","format":"standard","meta":{"footnotes":""},"categories":[4],"tags":[11,1011,27,2487,2357,12,4594,25],"class_list":{"0":"post-95921","1":"post","2":"type-post","3":"status-publish","4":"format-standard","5":"has-post-thumbnail","7":"category-france","8":"tag-actualites","9":"tag-fr","10":"tag-france","11":"tag-meteo","12":"tag-meteo-france","13":"tag-news","14":"tag-orages","15":"tag-republique-francaise"},"share_on_mastodon":{"url":"https:\/\/pubeurope.com\/@fr\/114498640465262078","error":""},"_links":{"self":[{"href":"https:\/\/www.europesays.com\/fr\/wp-json\/wp\/v2\/posts\/95921","targetHints":{"allow":["GET"]}}],"collection":[{"href":"https:\/\/www.europesays.com\/fr\/wp-json\/wp\/v2\/posts"}],"about":[{"href":"https:\/\/www.europesays.com\/fr\/wp-json\/wp\/v2\/types\/post"}],"author":[{"embeddable":true,"href":"https:\/\/www.europesays.com\/fr\/wp-json\/wp\/v2\/users\/2"}],"replies":[{"embeddable":true,"href":"https:\/\/www.europesays.com\/fr\/wp-json\/wp\/v2\/comments?post=95921"}],"version-history":[{"count":0,"href":"https:\/\/www.europesays.com\/fr\/wp-json\/wp\/v2\/posts\/95921\/revisions"}],"wp:featuredmedia":[{"embeddable":true,"href":"https:\/\/www.europesays.com\/fr\/wp-json\/wp\/v2\/media\/95922"}],"wp:attachment":[{"href":"https:\/\/www.europesays.com\/fr\/wp-json\/wp\/v2\/media?parent=95921"}],"wp:term":[{"taxonomy":"category","embeddable":true,"href":"https:\/\/www.europesays.com\/fr\/wp-json\/wp\/v2\/categories?post=95921"},{"taxonomy":"post_tag","embeddable":true,"href":"https:\/\/www.europesays.com\/fr\/wp-json\/wp\/v2\/tags?post=95921"}],"curies":[{"name":"wp","href":"https:\/\/api.w.org\/{rel}","templated":true}]}}