{"id":95923,"date":"2025-05-13T04:30:08","date_gmt":"2025-05-13T04:30:08","guid":{"rendered":"https:\/\/www.europesays.com\/fr\/95923\/"},"modified":"2025-05-13T04:30:08","modified_gmt":"2025-05-13T04:30:08","slug":"tvb-poitiers-la-salle-grenon-a-guichet-ferme-pour-la-finale-retour-les-places-sont-parties-en-20-25-minutes","status":"publish","type":"post","link":"https:\/\/www.europesays.com\/fr\/95923\/","title":{"rendered":"TVB-Poitiers\u00a0: la salle Grenon \u00e0 guichet ferm\u00e9 pour la finale retour, les places sont parties en \u00ab\u00a020-25 minutes\u00a0\u00bb"},"content":{"rendered":"<p>Comme pr\u00e9vu, elles se sont arrach\u00e9es en un rien de temps. Les places \u00e0 la vente pour la finale retour du championnat de France de volley entre Tours et Poitiers, ce samedi 17 mai, ont toutes trouv\u00e9 preneur. <\/p>\n<p>La billetterie du <strong>Tours Volley-Ball<\/strong> a surchauff\u00e9, ce lundi 12 mai. <strong>Il ne reste plus aucune place \u00e0 la vente pour la finale retour du championnat de France de volley entre le TVB et Poitiers<\/strong>, samedi 17 mai. Elles sont parties en \u00ab\u00a020-25 minutes\u00a0\u00bb, assure Fran\u00e7ois Bruneau, le pr\u00e9sident du club tourangeau. Il y avait, au total, environ 1.400 billets disponibles &#8211; pour une salle dont la capacit\u00e9 est de 3.000 places -, le reste \u00e9tant d\u00e9j\u00e0 acquis aux abonn\u00e9s et partenaires.<\/p>\n<p>Parmi les heureux d\u00e9tenteurs de ces places \u00e0 35 euros en moyenne, contre 25 depuis le d\u00e9but des playoffs, 68 sont issus du d\u00e9partement de la Vienne et chacun d&rsquo;entre eux a pu prendre plusieurs billets. Pour les supporters poitevins, le TVB avait r\u00e9serv\u00e9 50 places, plus 30 en tribune officielle, comme l&rsquo;avait fait l&rsquo;Alterna Stade Poitevin Volley-Ball pour <a class=\"IciLink ici-link IciArticleLink g-ici-body-regular-1 underline brand svelte-lu7k6w\" href=\"https:\/\/www.francebleu.fr\/sports\/basket-handball-volley\/finale-du-championnat-de-france-de-volley-tours-s-impose-au-match-aller-3-sets-a-1-face-a-poitiers-4078070\" rel=\"nofollow noopener\" target=\"_blank\">la finale aller, remport\u00e9e par Tours 3-1<\/a>, samedi 10 mai.<\/p>\n<p> \u00ab\u00a0Dress code\u00a0\u00bb oblige, il faut \u00eatre habill\u00e9 en bleu<\/p>\n<p>Pour valider un dixi\u00e8me sacre de champion de France, et ainsi \u00e9galer le record de Cannes, le Tours Volley-Ball demande \u00e0 ses supporters de mettre le feu \u00e0 Grenon. Et impose un \u00ab\u00a0dress code\u00a0\u00bb \u00e0 ses fans\u00a0: \u00eatre habill\u00e9 en bleu.<\/p>\n<p>L&rsquo;Alterna Stade Poitevin Volley-Ball, de son c\u00f4t\u00e9, esp\u00e8re soulever le troph\u00e9e pour la troisi\u00e8me fois de son histoire. Il faudra, pour cela\u00a0renverser, la vapeur en s&rsquo;imposant en territoire ennemi, puis gagner le \u00ab\u00a0golden set\u00a0\u00bb ou set en or, en bon fran\u00e7ais, qui se jouera en 15 points, sur le m\u00eame mod\u00e8le qu&rsquo;un tie-break.<\/p>\n<p>Un match \u00e0 vivre sur \u00ab\u00a0ici Touraine\u00a0\u00bb et \u00ab\u00a0ici Poitou\u00a0\u00bb<\/p>\n<p>Le derby \u00ab\u00a0Poitouraine\u00a0\u00bb va, lui aussi, se poursuivre sur les ondes. Comme \u00e0 l&rsquo;aller, vos radios \u00ab\u00a0ici Touraine\u00a0\u00bb et \u00ab\u00a0ici Poitou\u00a0\u00bb s&rsquo;associent pour retransmettre la rencontre, <strong>\u00e0 suivre en direct et en int\u00e9gralit\u00e9, d\u00e8s 19h<\/strong>, soit une heure avant le d\u00e9but de la rencontre. \u00c0 nos c\u00f4t\u00e9s, nous aurons <strong>un consultant de luxe, Eric Ngapeth, le papa d&rsquo;Earvin<\/strong>, qui avait jou\u00e9 toute la premi\u00e8re partie de saison avec Poitiers.<\/p>\n<p>Eric Ngapeth conna\u00eet bien les deux formations. Il en a \u00e9t\u00e9 l&rsquo;entra\u00eeneur. D&rsquo;abord \u00e0 Poitiers, entre 1998 et 2000. Puis \u00e0 Tours, de 2008 \u00e0 2011. Dans chacune des \u00e9quipes, il a soulev\u00e9 le troph\u00e9e de champion de France une fois.<\/p>\n<p> (function(w, d) {     if (w.FB &#038;&#038; w.FB.XFBML &#038;&#038; w.FB.XFBML.parse) {         if (&lsquo;undefined&rsquo; == typeof w.__fbTimeout) {             w.__fbTimeout = setTimeout(function() {                 w.FB.XFBML.parse();                 w.__fbTimeout = undefined;             }, 1000);         }     } else if (&lsquo;undefined&rsquo; == typeof w.__fbTimeout) {         if (d.querySelectorAll(&lsquo;#fb-root&rsquo;).length === 0) {             var fbRoot = d.createElement(&lsquo;div&rsquo;);             fbRoot.id = &lsquo;fb-root&rsquo;;             d.querySelector(&lsquo;body&rsquo;).append(fbRoot);         }         if (d.querySelectorAll(&lsquo;#facebook-jssdk&rsquo;).length === 0) {             var fbScript = d.createElement(&lsquo;script&rsquo;);             fbScript.id = &lsquo;facebook-jssdk&rsquo;;             fbScript.src=\u00a0\u00bb\/\/connect.facebook.net\/fr_FR\/sdk.js#xfbml=1&#038;version=v2.8&#038;appId=593991304071705&Prime;;             fbScript.async = 1;             d.querySelector(&lsquo;head&rsquo;).append(fbScript);         }     } })(window, window.document); \\u003C\/script>\\\u00a0\u00bb,\\\u00a0\u00bbprovider\\\u00a0\u00bb:\\\u00a0\u00bbfacebook\\\u00a0\u00bb,\\\u00a0\u00bbdidomiPurposes\\\u00a0\u00bb:\\\u00a0\u00bbPour afficher ce contenu Facebook, vous devez accepter les cookies \\u003Cb>R\u00e9seaux Sociaux\\u003C\/b>.\\u003Cbr>\\u003Cbr>Ces cookies permettent de partager ou r\u00e9agir directement sur les r\u00e9seaux sociaux auxquels vous \u00eates connect\u00e9s ou d&rsquo;int\u00e9grer du contenu initialement post\u00e9 sur ces r\u00e9seaux sociaux. Ils permettent aussi aux r\u00e9seaux sociaux d&rsquo;utiliser vos visites sur nos sites et applications \u00e0 des fins de personnalisation et de ciblage publicitaire.\\\u00a0\u00bb,\\\u00a0\u00bbdidomiVendorId\\\u00a0\u00bb:\\\u00a0\u00bbc:facebookc-rgacRMQm\\\u00a0\u00bb}},{\\\u00a0\u00bbtype\\\u00a0\u00bb:\\\u00a0\u00bbheading\\\u00a0\u00bb,\\\u00a0\u00bblevel\\\u00a0\u00bb:2,\\\u00a0\u00bbvalue\\\u00a0\u00bb:\\\u00a0\u00bb\\\\\\\u00a0\u00bbDress code\\\\\\\u00a0\u00bb oblige, il faut \u00eatre habill\u00e9 en bleu\\\u00a0\u00bb},{\\\u00a0\u00bbtype\\\u00a0\u00bb:\\\u00a0\u00bbtext\\\u00a0\u00bb,\\\u00a0\u00bbchildren\\\u00a0\u00bb:[{\\\u00a0\u00bbtype\\\u00a0\u00bb:\\\u00a0\u00bbtext\\\u00a0\u00bb,\\\u00a0\u00bbvalue\\\u00a0\u00bb:\\\u00a0\u00bbPour valider un dixi\u00e8me sacre de champion de France, et ainsi \u00e9galer le record de Cannes, le Tours Volley-Ball demande \u00e0 ses supporters de mettre le feu \u00e0 Grenon. Et impose un \\\\\\\u00a0\u00bbdress code\\\\\\\u00a0\u00bb \u00e0 ses fans\u00a0: \u00eatre habill\u00e9 en bleu.\\\u00a0\u00bb}]},{\\\u00a0\u00bbtype\\\u00a0\u00bb:\\\u00a0\u00bbtext\\\u00a0\u00bb,\\\u00a0\u00bbchildren\\\u00a0\u00bb:[{\\\u00a0\u00bbtype\\\u00a0\u00bb:\\\u00a0\u00bbtext\\\u00a0\u00bb,\\\u00a0\u00bbvalue\\\u00a0\u00bb:\\\u00a0\u00bbL&rsquo;Alterna Stade Poitevin Volley-Ball, de son c\u00f4t\u00e9, esp\u00e8re soulever le troph\u00e9e pour la troisi\u00e8me fois de son histoire. Il faudra, pour cela\u00a0renverser, la vapeur en s&rsquo;imposant en territoire ennemi, puis gagner le \\\\\\\u00a0\u00bbgolden set\\\\\\\u00a0\u00bb ou set en or, en bon fran\u00e7ais, qui se jouera en 15 points, sur le m\u00eame mod\u00e8le qu&rsquo;un tie-break.\\\u00a0\u00bb}]},{\\\u00a0\u00bbtype\\\u00a0\u00bb:\\\u00a0\u00bbheading\\\u00a0\u00bb,\\\u00a0\u00bblevel\\\u00a0\u00bb:2,\\\u00a0\u00bbvalue\\\u00a0\u00bb:\\\u00a0\u00bbUn match \u00e0 vivre sur \\\\\\\u00a0\u00bbici Touraine\\\\\\\u00a0\u00bb et \\\\\\\u00a0\u00bbici Poitou\\\\\\\u00a0\u00bb\\\u00a0\u00bb},{\\\u00a0\u00bbtype\\\u00a0\u00bb:\\\u00a0\u00bbtext\\\u00a0\u00bb,\\\u00a0\u00bbchildren\\\u00a0\u00bb:[{\\\u00a0\u00bbtype\\\u00a0\u00bb:\\\u00a0\u00bbtext\\\u00a0\u00bb,\\\u00a0\u00bbvalue\\\u00a0\u00bb:\\\u00a0\u00bbLe derby \\\\\\\u00a0\u00bbPoitouraine\\\\\\\u00a0\u00bb va, lui aussi, se poursuivre sur les ondes. Comme \u00e0 l&rsquo;aller, vos radios \\\\\\\u00a0\u00bbici Touraine\\\\\\\u00a0\u00bb et \\\\\\\u00a0\u00bbici Poitou\\\\\\\u00a0\u00bb s&rsquo;associent pour retransmettre la rencontre, \\u003Cstrong>\u00e0 suivre en direct et en int\u00e9gralit\u00e9, d\u00e8s 19h\\u003C\/strong>, soit une heure avant le d\u00e9but de la rencontre. \u00c0 nos c\u00f4t\u00e9s, nous aurons \\u003Cstrong>un consultant de luxe, Eric Ngapeth, le papa d&rsquo;Earvin\\u003C\/strong>, qui avait jou\u00e9 toute la premi\u00e8re partie de saison avec Poitiers.\\\u00a0\u00bb}]},{\\\u00a0\u00bbtype\\\u00a0\u00bb:\\\u00a0\u00bbtext\\\u00a0\u00bb,\\\u00a0\u00bbchildren\\\u00a0\u00bb:[{\\\u00a0\u00bbtype\\\u00a0\u00bb:\\\u00a0\u00bbtext\\\u00a0\u00bb,\\\u00a0\u00bbvalue\\\u00a0\u00bb:\\\u00a0\u00bbEric Ngapeth conna\u00eet bien les deux formations. Il en a \u00e9t\u00e9 l&rsquo;entra\u00eeneur. D&rsquo;abord \u00e0 Poitiers, entre 1998 et 2000. Puis \u00e0 Tours, de 2008 \u00e0 2011. Dans chacune des \u00e9quipes, il a soulev\u00e9 le troph\u00e9e de champion de France une fois.\\\u00a0\u00bb}]}],\\\u00a0\u00bbauthors\\\u00a0\u00bb:[{\\\u00a0\u00bbname\\\u00a0\u00bb:\\\u00a0\u00bbAdrien Bossard\\\u00a0\u00bb,\\\u00a0\u00bbpath\\\u00a0\u00bb:\\\u00a0\u00bbles-equipes\/adrien-bossard\\\u00a0\u00bb,\\\u00a0\u00bbvisualsq1x\\\u00a0\u00bb:{\\\u00a0\u00bburl\\\u00a0\u00bb:\\\u00a0\u00bbhttps:\/\/www.francebleu.fr\/s3\/cruiser-production\/2022\/10\/6d2fb444-f7e0-4052-a7be-fe0eb887b71d\/120x120_adrien_bossard_2.jpg\\\u00a0\u00bb,\\\u00a0\u00bburlWebp\\\u00a0\u00bb:\\\u00a0\u00bbhttps:\/\/www.francebleu.fr\/s3\/cruiser-production\/2022\/10\/6d2fb444-f7e0-4052-a7be-fe0eb887b71d\/120x120_adrien_bossard_2.webp\\\u00a0\u00bb,\\\u00a0\u00bbwidth\\\u00a0\u00bb:120},\\\u00a0\u00bbvisualsq2x\\\u00a0\u00bb:{\\\u00a0\u00bburl\\\u00a0\u00bb:\\\u00a0\u00bbhttps:\/\/www.francebleu.fr\/s3\/cruiser-production\/2022\/10\/6d2fb444-f7e0-4052-a7be-fe0eb887b71d\/200x200_adrien_bossard_2.jpg\\\u00a0\u00bb,\\\u00a0\u00bburlWebp\\\u00a0\u00bb:\\\u00a0\u00bbhttps:\/\/www.francebleu.fr\/s3\/cruiser-production\/2022\/10\/6d2fb444-f7e0-4052-a7be-fe0eb887b71d\/200x200_adrien_bossard_2.webp\\\u00a0\u00bb,\\\u00a0\u00bbwidth\\\u00a0\u00bb:200},\\\u00a0\u00bbvisualsq3x\\\u00a0\u00bb:{\\\u00a0\u00bburl\\\u00a0\u00bb:\\\u00a0\u00bbhttps:\/\/www.francebleu.fr\/s3\/cruiser-production-eu3\/2022\/10\/6d2fb444-f7e0-4052-a7be-fe0eb887b71d\/400x400_adrien_bossard_2.jpg\\\u00a0\u00bb,\\\u00a0\u00bburlWebp\\\u00a0\u00bb:\\\u00a0\u00bbhttps:\/\/www.francebleu.fr\/s3\/cruiser-production-eu3\/2022\/10\/6d2fb444-f7e0-4052-a7be-fe0eb887b71d\/400x400_adrien_bossard_2.webp\\\u00a0\u00bb,\\\u00a0\u00bbwidth\\\u00a0\u00bb:400,\\\u00a0\u00bbpreview\\\u00a0\u00bb:\\\u00a0\u00bb\/9j\/2wBDACgcHiMeGSgjISMtKygwPGRBPDc3PHtYXUlkkYCZlo+AjIqgtObDoKrarYqMyP\/L2u71\/\/\/\/m8H\/\/\/\/6\/+b9\/\/j\/2wBDASstLTw1PHZBQXb4pYyl+Pj4+Pj4+Pj4+Pj4+Pj4+Pj4+Pj4+Pj4+Pj4+Pj4+Pj4+Pj4+Pj4+Pj4+Pj4+Pj4+Pj\/wAARCAAqACoDASIAAhEBAxEB\/8QAGAAAAwEBAAAAAAAAAAAAAAAAAAECAwX\/xAAXEAEBAQEAAAAAAAAAAAAAAAAAAREC\/8QAFQEBAQAAAAAAAAAAAAAAAAAAAAH\/xAAUEQEAAAAAAAAAAAAAAAAAAAAA\/9oADAMBAAIRAxEAPwDr1Np1HVAaWptEorSUJlMRdZ9NKiwVnQqwkDh6kaqNSpgE1FXUUVNo0qQj\/9k=\\\u00a0\u00bb,\\\u00a0\u00bblegend\\\u00a0\u00bb:\\\u00a0\u00bbAdrien Bossard, journaliste\\\u00a0\u00bb},\\\u00a0\u00bbid\\\u00a0\u00bb:\\\u00a0\u00bb5bfb6c97-223e-4fc0-bc8d-878265275faf\\\u00a0\u00bb,\\\u00a0\u00bblocales\\\u00a0\u00bb:[{\\\u00a0\u00bbid\\\u00a0\u00bb:\\\u00a0\u00bb56\\\u00a0\u00bb,\\\u00a0\u00bbslug\\\u00a0\u00bb:\\\u00a0\u00bbfrance-bleu\\\u00a0\u00bb,\\\u00a0\u00bbtitle\\\u00a0\u00bb:\\\u00a0\u00bbici\\\u00a0\u00bb}],\\\u00a0\u00bbfirstName\\\u00a0\u00bb:\\\u00a0\u00bbAdrien\\\u00a0\u00bb,\\\u00a0\u00bblastName\\\u00a0\u00bb:\\\u00a0\u00bbBossard\\\u00a0\u00bb,\\\u00a0\u00bbcontrib\\\u00a0\u00bb:true,\\\u00a0\u00bbvisual\\\u00a0\u00bb:{\\\u00a0\u00bbid\\\u00a0\u00bb:\\\u00a0\u00bb6d2fb444-f7e0-4052-a7be-fe0eb887b71d\\\u00a0\u00bb,\\\u00a0\u00bbtype\\\u00a0\u00bb:\\\u00a0\u00bbimage\\\u00a0\u00bb,\\\u00a0\u00bbauthor\\\u00a0\u00bb:\\\u00a0\u00bb\\\u00a0\u00bb,\\\u00a0\u00bburl\\\u00a0\u00bb:\\\u00a0\u00bbhttps:\/\/www.francebleu.fr\/s3\/cruiser-production\/2022\/10\/6d2fb444-f7e0-4052-a7be-fe0eb887b71d\/140x140_adrien_bossard_2.jpg\\\u00a0\u00bb},\\\u00a0\u00bbconnections\\\u00a0\u00bb:[]}],\\\u00a0\u00bbgeopoints\\\u00a0\u00bb:[{\\\u00a0\u00bbcity\\\u00a0\u00bb:\\\u00a0\u00bbTours\\\u00a0\u00bb,\\\u00a0\u00bbregion\\\u00a0\u00bb:\\\u00a0\u00bbCentre-Val de Loire\\\u00a0\u00bb,\\\u00a0\u00bbdepartment\\\u00a0\u00bb:\\\u00a0\u00bbIndre-et-Loire\\\u00a0\u00bb,\\\u00a0\u00bbaddress\\\u00a0\u00bb:\\\u00a0\u00bbTours, France\\\u00a0\u00bb}],\\\u00a0\u00bbupdatedDate\\\u00a0\u00bb:1747060279,\\\u00a0\u00bbstationIds\\\u00a0\u00bb:[47,54],\\\u00a0\u00bbbody\\\u00a0\u00bb:[{\\\u00a0\u00bbtype\\\u00a0\u00bb:\\\u00a0\u00bbtext\\\u00a0\u00bb,\\\u00a0\u00bbchildren\\\u00a0\u00bb:[{\\\u00a0\u00bbtype\\\u00a0\u00bb:\\\u00a0\u00bbtext\\\u00a0\u00bb,\\\u00a0\u00bbvalue\\\u00a0\u00bb:\\\u00a0\u00bbLa billetterie du \\u003Cstrong>Tours Volley-Ball\\u003C\/strong> a surchauff\u00e9, ce lundi 12 mai. \\u003Cstrong>Il ne reste plus aucune place \u00e0 la vente pour la finale retour du championnat de France de volley entre le TVB et Poitiers\\u003C\/strong>, samedi 17 mai. Elles sont parties en \\u003Cem>\\\\\\\u00a0\u00bb20-25 minutes\\\\\\\u00a0\u00bb\\u003C\/em>, assure Fran\u00e7ois Bruneau, le pr\u00e9sident du club tourangeau. Il y avait, au total, environ 1.400 billets disponibles &#8211; pour une salle dont la capacit\u00e9 est de 3.000 places -, le reste \u00e9tant d\u00e9j\u00e0 acquis aux abonn\u00e9s et partenaires.\\\u00a0\u00bb}]},{\\\u00a0\u00bbtype\\\u00a0\u00bb:\\\u00a0\u00bbembed\\\u00a0\u00bb,\\\u00a0\u00bbdata\\\u00a0\u00bb:{\\\u00a0\u00bbhtml\\\u00a0\u00bb:\\\u00a0\u00bb\\\u00a0\u00bb,\\\u00a0\u00bbprovider\\\u00a0\u00bb:\\\u00a0\u00bbinread\\\u00a0\u00bb,\\\u00a0\u00bbforceDisplay\\\u00a0\u00bb:true}},{\\\u00a0\u00bbtype\\\u00a0\u00bb:\\\u00a0\u00bbtext\\\u00a0\u00bb,\\\u00a0\u00bbchildren\\\u00a0\u00bb:[{\\\u00a0\u00bbtype\\\u00a0\u00bb:\\\u00a0\u00bbtext\\\u00a0\u00bb,\\\u00a0\u00bbvalue\\\u00a0\u00bb:\\\u00a0\u00bbParmi les heureux d\u00e9tenteurs de ces places \u00e0 35 euros en moyenne, contre 25 depuis le d\u00e9but des playoffs, 68 sont issus du d\u00e9partement de la Vienne et chacun d&rsquo;entre eux a pu prendre plusieurs billets. Pour les supporters poitevins, le TVB avait r\u00e9serv\u00e9 50 places, plus 30 en tribune officielle, comme l&rsquo;avait fait l&rsquo;Alterna Stade Poitevin Volley-Ball pour \\\u00a0\u00bb},{\\\u00a0\u00bbtype\\\u00a0\u00bb:\\\u00a0\u00bblink\\\u00a0\u00bb,\\\u00a0\u00bbdata\\\u00a0\u00bb:{\\\u00a0\u00bbhref\\\u00a0\u00bb:\\\u00a0\u00bbhttps:\/\/www.francebleu.fr\/sports\/basket-handball-volley\/finale-du-championnat-de-france-de-volley-tours-s-impose-au-match-aller-3-sets-a-1-face-a-poitiers-4078070\\\u00a0\u00bb},\\\u00a0\u00bbvalue\\\u00a0\u00bb:\\\u00a0\u00bbla finale aller, remport\u00e9e par Tours 3-1\\\u00a0\u00bb},{\\\u00a0\u00bbtype\\\u00a0\u00bb:\\\u00a0\u00bbtext\\\u00a0\u00bb,\\\u00a0\u00bbvalue\\\u00a0\u00bb:\\\u00a0\u00bb, samedi 10 mai.\\\u00a0\u00bb}]},{\\\u00a0\u00bbtype\\\u00a0\u00bb:\\\u00a0\u00bbembed\\\u00a0\u00bb,\\\u00a0\u00bbdata\\\u00a0\u00bb:{\\\u00a0\u00bbhtml\\\u00a0\u00bb:\\\u00a0\u00bb\\u003Cdiv class=\\\\\\\u00a0\u00bbfb-post\\\\\\\u00a0\u00bb data-href=\\\\\\\u00a0\u00bbhttps:\/\/www.facebook.com\/toursvolleyball\/posts\/pfbid02o6NHiE2i1saZRjV6QWePNx8SU6EohC3Cc8bwEp9VWKvmUspnFk2gn1Eyz8sbECVfl\\\\\\\u00a0\u00bb data-width=\\\\\\\u00a0\u00bb560\\\\\\\u00a0\u00bb data-show-text=\\\\\\\u00a0\u00bbtrue\\\\\\\u00a0\u00bb >\\u003C\/div> \\u003Cscript> (function(w, d) {     if (w.FB &#038;&#038; w.FB.XFBML &#038;&#038; w.FB.XFBML.parse) {         if (&lsquo;undefined&rsquo; == typeof w.__fbTimeout) {             w.__fbTimeout = setTimeout(function() {                 w.FB.XFBML.parse();                 w.__fbTimeout = undefined;             }, 1000);         }     } else if (&lsquo;undefined&rsquo; == typeof w.__fbTimeout) {         if (d.querySelectorAll(&lsquo;#fb-root&rsquo;).length === 0) {             var fbRoot = d.createElement(&lsquo;div&rsquo;);             fbRoot.id = &lsquo;fb-root&rsquo;;             d.querySelector(&lsquo;body&rsquo;).append(fbRoot);         }         if (d.querySelectorAll(&lsquo;#facebook-jssdk&rsquo;).length === 0) {             var fbScript = d.createElement(&lsquo;script&rsquo;);             fbScript.id = &lsquo;facebook-jssdk&rsquo;;             fbScript.src=\u00a0\u00bb\/\/connect.facebook.net\/fr_FR\/sdk.js#xfbml=1&#038;version=v2.8&#038;appId=593991304071705&Prime;;             fbScript.async = 1;             d.querySelector(&lsquo;head&rsquo;).append(fbScript);         }     } })(window, window.document); \\u003C\/script>\\\u00a0\u00bb,\\\u00a0\u00bbprovider\\\u00a0\u00bb:\\\u00a0\u00bbfacebook\\\u00a0\u00bb,\\\u00a0\u00bbdidomiPurposes\\\u00a0\u00bb:\\\u00a0\u00bbPour afficher ce contenu Facebook, vous devez accepter les cookies \\u003Cb>R\u00e9seaux Sociaux\\u003C\/b>.\\u003Cbr>\\u003Cbr>Ces cookies permettent de partager ou r\u00e9agir directement sur les r\u00e9seaux sociaux auxquels vous \u00eates connect\u00e9s ou d&rsquo;int\u00e9grer du contenu initialement post\u00e9 sur ces r\u00e9seaux sociaux. Ils permettent aussi aux r\u00e9seaux sociaux d&rsquo;utiliser vos visites sur nos sites et applications \u00e0 des fins de personnalisation et de ciblage publicitaire.\\\u00a0\u00bb,\\\u00a0\u00bbdidomiVendorId\\\u00a0\u00bb:\\\u00a0\u00bbc:facebookc-rgacRMQm\\\u00a0\u00bb}},{\\\u00a0\u00bbtype\\\u00a0\u00bb:\\\u00a0\u00bbheading\\\u00a0\u00bb,\\\u00a0\u00bblevel\\\u00a0\u00bb:2,\\\u00a0\u00bbvalue\\\u00a0\u00bb:\\\u00a0\u00bb\\\\\\\u00a0\u00bbDress code\\\\\\\u00a0\u00bb oblige, il faut \u00eatre habill\u00e9 en bleu\\\u00a0\u00bb},{\\\u00a0\u00bbtype\\\u00a0\u00bb:\\\u00a0\u00bbtext\\\u00a0\u00bb,\\\u00a0\u00bbchildren\\\u00a0\u00bb:[{\\\u00a0\u00bbtype\\\u00a0\u00bb:\\\u00a0\u00bbtext\\\u00a0\u00bb,\\\u00a0\u00bbvalue\\\u00a0\u00bb:\\\u00a0\u00bbPour valider un dixi\u00e8me sacre de champion de France, et ainsi \u00e9galer le record de Cannes, le Tours Volley-Ball demande \u00e0 ses supporters de mettre le feu \u00e0 Grenon. Et impose un \\\\\\\u00a0\u00bbdress code\\\\\\\u00a0\u00bb \u00e0 ses fans\u00a0: \u00eatre habill\u00e9 en bleu.\\\u00a0\u00bb}]},{\\\u00a0\u00bbtype\\\u00a0\u00bb:\\\u00a0\u00bbtext\\\u00a0\u00bb,\\\u00a0\u00bbchildren\\\u00a0\u00bb:[{\\\u00a0\u00bbtype\\\u00a0\u00bb:\\\u00a0\u00bbtext\\\u00a0\u00bb,\\\u00a0\u00bbvalue\\\u00a0\u00bb:\\\u00a0\u00bbL&rsquo;Alterna Stade Poitevin Volley-Ball, de son c\u00f4t\u00e9, esp\u00e8re soulever le troph\u00e9e pour la troisi\u00e8me fois de son histoire. Il faudra, pour cela\u00a0renverser, la vapeur en s&rsquo;imposant en territoire ennemi, puis gagner le \\\\\\\u00a0\u00bbgolden set\\\\\\\u00a0\u00bb ou set en or, en bon fran\u00e7ais, qui se jouera en 15 points, sur le m\u00eame mod\u00e8le qu&rsquo;un tie-break.\\\u00a0\u00bb}]},{\\\u00a0\u00bbtype\\\u00a0\u00bb:\\\u00a0\u00bbheading\\\u00a0\u00bb,\\\u00a0\u00bblevel\\\u00a0\u00bb:2,\\\u00a0\u00bbvalue\\\u00a0\u00bb:\\\u00a0\u00bbUn match \u00e0 vivre sur \\\\\\\u00a0\u00bbici Touraine\\\\\\\u00a0\u00bb et \\\\\\\u00a0\u00bbici Poitou\\\\\\\u00a0\u00bb\\\u00a0\u00bb},{\\\u00a0\u00bbtype\\\u00a0\u00bb:\\\u00a0\u00bbtext\\\u00a0\u00bb,\\\u00a0\u00bbchildren\\\u00a0\u00bb:[{\\\u00a0\u00bbtype\\\u00a0\u00bb:\\\u00a0\u00bbtext\\\u00a0\u00bb,\\\u00a0\u00bbvalue\\\u00a0\u00bb:\\\u00a0\u00bbLe derby \\\\\\\u00a0\u00bbPoitouraine\\\\\\\u00a0\u00bb va, lui aussi, se poursuivre sur les ondes. Comme \u00e0 l&rsquo;aller, vos radios \\\\\\\u00a0\u00bbici Touraine\\\\\\\u00a0\u00bb et \\\\\\\u00a0\u00bbici Poitou\\\\\\\u00a0\u00bb s&rsquo;associent pour retransmettre la rencontre, \\u003Cstrong>\u00e0 suivre en direct et en int\u00e9gralit\u00e9, d\u00e8s 19h\\u003C\/strong>, soit une heure avant le d\u00e9but de la rencontre. \u00c0 nos c\u00f4t\u00e9s, nous aurons \\u003Cstrong>un consultant de luxe, Eric Ngapeth, le papa d&rsquo;Earvin\\u003C\/strong>, qui avait jou\u00e9 toute la premi\u00e8re partie de saison avec Poitiers.\\\u00a0\u00bb}]},{\\\u00a0\u00bbtype\\\u00a0\u00bb:\\\u00a0\u00bbtext\\\u00a0\u00bb,\\\u00a0\u00bbchildren\\\u00a0\u00bb:[{\\\u00a0\u00bbtype\\\u00a0\u00bb:\\\u00a0\u00bbtext\\\u00a0\u00bb,\\\u00a0\u00bbvalue\\\u00a0\u00bb:\\\u00a0\u00bbEric Ngapeth conna\u00eet bien les deux formations. Il en a \u00e9t\u00e9 l&rsquo;entra\u00eeneur. D&rsquo;abord \u00e0 Poitiers, entre 1998 et 2000. Puis \u00e0 Tours, de 2008 \u00e0 2011. Dans chacune des \u00e9quipes, il a soulev\u00e9 le troph\u00e9e de champion de France une fois.\\\u00a0\u00bb}]}],\\\u00a0\u00bbgeoInfos\\\u00a0\u00bb:[{\\\u00a0\u00bbregion\\\u00a0\u00bb:{\\\u00a0\u00bbslug\\\u00a0\u00bb:\\\u00a0\u00bbcentre-val-de-loire\\\u00a0\u00bb,\\\u00a0\u00bbtitle\\\u00a0\u00bb:\\\u00a0\u00bbCentre-Val de Loire\\\u00a0\u00bb,\\\u00a0\u00bbcities\\\u00a0\u00bb:[{\\\u00a0\u00bbtitle\\\u00a0\u00bb:\\\u00a0\u00bbBlois\\\u00a0\u00bb,\\\u00a0\u00bbpath\\\u00a0\u00bb:\\\u00a0\u00bb\/centre-val-de-loire\/loir-et-cher-41\/blois-41018\\\u00a0\u00bb},{\\\u00a0\u00bbtitle\\\u00a0\u00bb:\\\u00a0\u00bbBourges\\\u00a0\u00bb,\\\u00a0\u00bbpath\\\u00a0\u00bb:\\\u00a0\u00bb\/centre-val-de-loire\/cher-18\/bourges-18033\\\u00a0\u00bb},{\\\u00a0\u00bbtitle\\\u00a0\u00bb:\\\u00a0\u00bbChartres\\\u00a0\u00bb,\\\u00a0\u00bbpath\\\u00a0\u00bb:\\\u00a0\u00bb\/centre-val-de-loire\/eure-et-loir-28\/chartres-28085\\\u00a0\u00bb},{\\\u00a0\u00bbtitle\\\u00a0\u00bb:\\\u00a0\u00bbCh\u00e2teauroux\\\u00a0\u00bb,\\\u00a0\u00bbpath\\\u00a0\u00bb:\\\u00a0\u00bb\/centre-val-de-loire\/indre-36\/chateauroux-36044\\\u00a0\u00bb},{\\\u00a0\u00bbtitle\\\u00a0\u00bb:\\\u00a0\u00bbDreux\\\u00a0\u00bb,\\\u00a0\u00bbpath\\\u00a0\u00bb:\\\u00a0\u00bb\/centre-val-de-loire\/eure-et-loir-28\/dreux-28134\\\u00a0\u00bb},{\\\u00a0\u00bbtitle\\\u00a0\u00bb:\\\u00a0\u00bbJou\u00e9-l\u00e8s-Tours\\\u00a0\u00bb,\\\u00a0\u00bbpath\\\u00a0\u00bb:\\\u00a0\u00bb\/centre-val-de-loire\/indre-et-loire-37\/joue-les-tours-37122\\\u00a0\u00bb},{\\\u00a0\u00bbtitle\\\u00a0\u00bb:\\\u00a0\u00bbOlivet\\\u00a0\u00bb,\\\u00a0\u00bbpath\\\u00a0\u00bb:\\\u00a0\u00bb\/centre-val-de-loire\/loiret-45\/olivet-45232\\\u00a0\u00bb},{\\\u00a0\u00bbtitle\\\u00a0\u00bb:\\\u00a0\u00bbOrl\u00e9ans\\\u00a0\u00bb,\\\u00a0\u00bbpath\\\u00a0\u00bb:\\\u00a0\u00bb\/centre-val-de-loire\/loiret-45\/orleans-45234\\\u00a0\u00bb},{\\\u00a0\u00bbtitle\\\u00a0\u00bb:\\\u00a0\u00bbTours\\\u00a0\u00bb,\\\u00a0\u00bbpath\\\u00a0\u00bb:\\\u00a0\u00bb\/centre-val-de-loire\/indre-et-loire-37\/tours-37261\\\u00a0\u00bb},{\\\u00a0\u00bbtitle\\\u00a0\u00bb:\\\u00a0\u00bbVierzon\\\u00a0\u00bb,\\\u00a0\u00bbpath\\\u00a0\u00bb:\\\u00a0\u00bb\/centre-val-de-loire\/cher-18\/vierzon-18279\\\u00a0\u00bb}],\\\u00a0\u00bbdepartments\\\u00a0\u00bb:[{\\\u00a0\u00bbslug\\\u00a0\u00bb:\\\u00a0\u00bbcher-18\\\u00a0\u00bb,\\\u00a0\u00bbtitle\\\u00a0\u00bb:\\\u00a0\u00bbCher\\\u00a0\u00bb,\\\u00a0\u00bbtitleArticle\\\u00a0\u00bb:\\\u00a0\u00bbdu \\\u00a0\u00bb,\\\u00a0\u00bblocale\\\u00a0\u00bb:{\\\u00a0\u00bbnearest\\\u00a0\u00bb:[\\\u00a0\u00bbberry\\\u00a0\u00bb]},\\\u00a0\u00bbnearestDepartment\\\u00a0\u00bb:[\\\u00a0\u00bbloir-et-cher-41\\\u00a0\u00bb,\\\u00a0\u00bbloiret-45\\\u00a0\u00bb,\\\u00a0\u00bbnievre-58\\\u00a0\u00bb,\\\u00a0\u00bballier-03\\\u00a0\u00bb,\\\u00a0\u00bbcreuse-23\\\u00a0\u00bb,\\\u00a0\u00bbindre-36\\\u00a0\u00bb],\\\u00a0\u00bbcities\\\u00a0\u00bb:[{\\\u00a0\u00bbpath\\\u00a0\u00bb:\\\u00a0\u00bb\/centre-val-de-loire\/cher-18\/aubigny-sur-nere-18015\\\u00a0\u00bb,\\\u00a0\u00bbtitle\\\u00a0\u00bb:\\\u00a0\u00bbAubigny-sur-N\u00e8re\\\u00a0\u00bb},{\\\u00a0\u00bbpath\\\u00a0\u00bb:\\\u00a0\u00bb\/centre-val-de-loire\/cher-18\/bourges-18033\\\u00a0\u00bb,\\\u00a0\u00bbtitle\\\u00a0\u00bb:\\\u00a0\u00bbBourges\\\u00a0\u00bb},{\\\u00a0\u00bbpath\\\u00a0\u00bb:\\\u00a0\u00bb\/centre-val-de-loire\/cher-18\/mehun-sur-yevre-18141\\\u00a0\u00bb,\\\u00a0\u00bbtitle\\\u00a0\u00bb:\\\u00a0\u00bbMehun-sur-Y\u00e8vre\\\u00a0\u00bb},{\\\u00a0\u00bbpath\\\u00a0\u00bb:\\\u00a0\u00bb\/centre-val-de-loire\/cher-18\/saint-amand-montrond-18197\\\u00a0\u00bb,\\\u00a0\u00bbtitle\\\u00a0\u00bb:\\\u00a0\u00bbSaint-Amand-Montrond\\\u00a0\u00bb},{\\\u00a0\u00bbpath\\\u00a0\u00bb:\\\u00a0\u00bb\/centre-val-de-loire\/cher-18\/saint-doulchard-18205\\\u00a0\u00bb,\\\u00a0\u00bbtitle\\\u00a0\u00bb:\\\u00a0\u00bbSaint-Doulchard\\\u00a0\u00bb},{\\\u00a0\u00bbpath\\\u00a0\u00bb:\\\u00a0\u00bb\/centre-val-de-loire\/cher-18\/saint-florent-sur-cher-18207\\\u00a0\u00bb,\\\u00a0\u00bbtitle\\\u00a0\u00bb:\\\u00a0\u00bbSaint-Florent-sur-Cher\\\u00a0\u00bb},{\\\u00a0\u00bbpath\\\u00a0\u00bb:\\\u00a0\u00bb\/centre-val-de-loire\/cher-18\/saint-germain-du-puy-18213\\\u00a0\u00bb,\\\u00a0\u00bbtitle\\\u00a0\u00bb:\\\u00a0\u00bbSaint-Germain-du-Puy\\\u00a0\u00bb},{\\\u00a0\u00bbpath\\\u00a0\u00bb:\\\u00a0\u00bb\/centre-val-de-loire\/cher-18\/trouy-18267\\\u00a0\u00bb,\\\u00a0\u00bbtitle\\\u00a0\u00bb:\\\u00a0\u00bbTrouy\\\u00a0\u00bb},{\\\u00a0\u00bbpath\\\u00a0\u00bb:\\\u00a0\u00bb\/centre-val-de-loire\/cher-18\/vierzon-18279\\\u00a0\u00bb,\\\u00a0\u00bbtitle\\\u00a0\u00bb:\\\u00a0\u00bbVierzon\\\u00a0\u00bb},{\\\u00a0\u00bbpath\\\u00a0\u00bb:\\\u00a0\u00bb\/centre-val-de-loire\/cher-18\/dun-sur-auron-18087\\\u00a0\u00bb,\\\u00a0\u00bbtitle\\\u00a0\u00bb:\\\u00a0\u00bbDun-sur-Auron\\\u00a0\u00bb}]},{\\\u00a0\u00bbslug\\\u00a0\u00bb:\\\u00a0\u00bbeure-et-loir-28\\\u00a0\u00bb,\\\u00a0\u00bbtitle\\\u00a0\u00bb:\\\u00a0\u00bbEure-et-Loir\\\u00a0\u00bb,\\\u00a0\u00bbtitleArticle\\\u00a0\u00bb:\\\u00a0\u00bbde l&rsquo;\\\u00a0\u00bb,\\\u00a0\u00bblocale\\\u00a0\u00bb:{\\\u00a0\u00bbnearest\\\u00a0\u00bb:[\\\u00a0\u00bbmaine\\\u00a0\u00bb,\\\u00a0\u00bborleans\\\u00a0\u00bb,\\\u00a0\u00bbparis\\\u00a0\u00bb]},\\\u00a0\u00bbnearestDepartment\\\u00a0\u00bb:[\\\u00a0\u00bborne-61\\\u00a0\u00bb,\\\u00a0\u00bbeure-27\\\u00a0\u00bb,\\\u00a0\u00bbyvelines-78\\\u00a0\u00bb,\\\u00a0\u00bbessonne-91\\\u00a0\u00bb,\\\u00a0\u00bbloiret-45\\\u00a0\u00bb,\\\u00a0\u00bbloir-et-cher-41\\\u00a0\u00bb,\\\u00a0\u00bbsarthe-72\\\u00a0\u00bb],\\\u00a0\u00bbcities\\\u00a0\u00bb:[{\\\u00a0\u00bbpath\\\u00a0\u00bb:\\\u00a0\u00bb\/centre-val-de-loire\/eure-et-loir-28\/auneau-bleury-saint-symphorien-28015\\\u00a0\u00bb,\\\u00a0\u00bbtitle\\\u00a0\u00bb:\\\u00a0\u00bbAuneau-Bleury-Saint-Symphorien\\\u00a0\u00bb},{\\\u00a0\u00bbpath\\\u00a0\u00bb:\\\u00a0\u00bb\/centre-val-de-loire\/eure-et-loir-28\/chartres-28085\\\u00a0\u00bb,\\\u00a0\u00bbtitle\\\u00a0\u00bb:\\\u00a0\u00bbChartres\\\u00a0\u00bb},{\\\u00a0\u00bbpath\\\u00a0\u00bb:\\\u00a0\u00bb\/centre-val-de-loire\/eure-et-loir-28\/chateaudun-28088\\\u00a0\u00bb,\\\u00a0\u00bbtitle\\\u00a0\u00bb:\\\u00a0\u00bbCh\u00e2teaudun\\\u00a0\u00bb},{\\\u00a0\u00bbpath\\\u00a0\u00bb:\\\u00a0\u00bb\/centre-val-de-loire\/eure-et-loir-28\/dreux-28134\\\u00a0\u00bb,\\\u00a0\u00bbtitle\\\u00a0\u00bb:\\\u00a0\u00bbDreux\\\u00a0\u00bb},{\\\u00a0\u00bbpath\\\u00a0\u00bb:\\\u00a0\u00bb\/centre-val-de-loire\/eure-et-loir-28\/luce-28218\\\u00a0\u00bb,\\\u00a0\u00bbtitle\\\u00a0\u00bb:\\\u00a0\u00bbLuc\u00e9\\\u00a0\u00bb},{\\\u00a0\u00bbpath\\\u00a0\u00bb:\\\u00a0\u00bb\/centre-val-de-loire\/eure-et-loir-28\/luisant-28220\\\u00a0\u00bb,\\\u00a0\u00bbtitle\\\u00a0\u00bb:\\\u00a0\u00bbLuisant\\\u00a0\u00bb},{\\\u00a0\u00bbpath\\\u00a0\u00bb:\\\u00a0\u00bb\/centre-val-de-loire\/eure-et-loir-28\/mainvilliers-28229\\\u00a0\u00bb,\\\u00a0\u00bbtitle\\\u00a0\u00bb:\\\u00a0\u00bbMainvilliers\\\u00a0\u00bb},{\\\u00a0\u00bbpath\\\u00a0\u00bb:\\\u00a0\u00bb\/centre-val-de-loire\/eure-et-loir-28\/nogent-le-rotrou-28280\\\u00a0\u00bb,\\\u00a0\u00bbtitle\\\u00a0\u00bb:\\\u00a0\u00bbNogent-le-Rotrou\\\u00a0\u00bb},{\\\u00a0\u00bbpath\\\u00a0\u00bb:\\\u00a0\u00bb\/centre-val-de-loire\/eure-et-loir-28\/vernouillet-28404\\\u00a0\u00bb,\\\u00a0\u00bbtitle\\\u00a0\u00bb:\\\u00a0\u00bbVernouillet\\\u00a0\u00bb},{\\\u00a0\u00bbpath\\\u00a0\u00bb:\\\u00a0\u00bb\/centre-val-de-loire\/eure-et-loir-28\/cloyes-les-trois-rivieres-28103\\\u00a0\u00bb,\\\u00a0\u00bbtitle\\\u00a0\u00bb:\\\u00a0\u00bbCloyes-les-Trois-Rivi\u00e8res\\\u00a0\u00bb}]},{\\\u00a0\u00bbslug\\\u00a0\u00bb:\\\u00a0\u00bbindre-36\\\u00a0\u00bb,\\\u00a0\u00bbtitle\\\u00a0\u00bb:\\\u00a0\u00bbIndre\\\u00a0\u00bb,\\\u00a0\u00bbtitleArticle\\\u00a0\u00bb:\\\u00a0\u00bbde l&rsquo;\\\u00a0\u00bb,\\\u00a0\u00bblocale\\\u00a0\u00bb:{\\\u00a0\u00bbmain\\\u00a0\u00bb:\\\u00a0\u00bbberry\\\u00a0\u00bb,\\\u00a0\u00bbnearest\\\u00a0\u00bb:[\\\u00a0\u00bbtouraine\\\u00a0\u00bb]},\\\u00a0\u00bbnearestDepartment\\\u00a0\u00bb:[\\\u00a0\u00bbindre-et-loire-37\\\u00a0\u00bb,\\\u00a0\u00bbloir-et-cher-41\\\u00a0\u00bb,\\\u00a0\u00bbcher-18\\\u00a0\u00bb,\\\u00a0\u00bbcreuse-23\\\u00a0\u00bb,\\\u00a0\u00bbhaute-vienne-87\\\u00a0\u00bb,\\\u00a0\u00bbvienne-86\\\u00a0\u00bb],\\\u00a0\u00bbcities\\\u00a0\u00bb:[{\\\u00a0\u00bbpath\\\u00a0\u00bb:\\\u00a0\u00bb\/centre-val-de-loire\/indre-36\/ardentes-36005\\\u00a0\u00bb,\\\u00a0\u00bbtitle\\\u00a0\u00bb:\\\u00a0\u00bbArdentes\\\u00a0\u00bb},{\\\u00a0\u00bbpath\\\u00a0\u00bb:\\\u00a0\u00bb\/centre-val-de-loire\/indre-36\/argenton-sur-creuse-36006\\\u00a0\u00bb,\\\u00a0\u00bbtitle\\\u00a0\u00bb:\\\u00a0\u00bbArgenton-sur-Creuse\\\u00a0\u00bb},{\\\u00a0\u00bbpath\\\u00a0\u00bb:\\\u00a0\u00bb\/centre-val-de-loire\/indre-36\/buzancais-36031\\\u00a0\u00bb,\\\u00a0\u00bbtitle\\\u00a0\u00bb:\\\u00a0\u00bbBuzan\u00e7ais\\\u00a0\u00bb},{\\\u00a0\u00bbpath\\\u00a0\u00bb:\\\u00a0\u00bb\/centre-val-de-loire\/indre-36\/chateauroux-36044\\\u00a0\u00bb,\\\u00a0\u00bbtitle\\\u00a0\u00bb:\\\u00a0\u00bbCh\u00e2teauroux\\\u00a0\u00bb},{\\\u00a0\u00bbpath\\\u00a0\u00bb:\\\u00a0\u00bb\/centre-val-de-loire\/indre-36\/deols-36063\\\u00a0\u00bb,\\\u00a0\u00bbtitle\\\u00a0\u00bb:\\\u00a0\u00bbD\u00e9ols\\\u00a0\u00bb},{\\\u00a0\u00bbpath\\\u00a0\u00bb:\\\u00a0\u00bb\/centre-val-de-loire\/indre-36\/issoudun-36088\\\u00a0\u00bb,\\\u00a0\u00bbtitle\\\u00a0\u00bb:\\\u00a0\u00bbIssoudun\\\u00a0\u00bb},{\\\u00a0\u00bbpath\\\u00a0\u00bb:\\\u00a0\u00bb\/centre-val-de-loire\/indre-36\/saint-maur-36202\\\u00a0\u00bb,\\\u00a0\u00bbtitle\\\u00a0\u00bb:\\\u00a0\u00bbSaint-Maur\\\u00a0\u00bb},{\\\u00a0\u00bbpath\\\u00a0\u00bb:\\\u00a0\u00bb\/centre-val-de-loire\/indre-36\/chatre-36046\\\u00a0\u00bb,\\\u00a0\u00bbtitle\\\u00a0\u00bb:\\\u00a0\u00bbLa Ch\u00e2tre\\\u00a0\u00bb},{\\\u00a0\u00bbpath\\\u00a0\u00bb:\\\u00a0\u00bb\/centre-val-de-loire\/indre-36\/blanc-36018\\\u00a0\u00bb,\\\u00a0\u00bbtitle\\\u00a0\u00bb:\\\u00a0\u00bbLe Blanc\\\u00a0\u00bb},{\\\u00a0\u00bbpath\\\u00a0\u00bb:\\\u00a0\u00bb\/centre-val-de-loire\/indre-36\/poinconnet-36159\\\u00a0\u00bb,\\\u00a0\u00bbtitle\\\u00a0\u00bb:\\\u00a0\u00bbLe Poin\u00e7onnet\\\u00a0\u00bb}]},{\\\u00a0\u00bbslug\\\u00a0\u00bb:\\\u00a0\u00bbindre-et-loire-37\\\u00a0\u00bb,\\\u00a0\u00bbtitle\\\u00a0\u00bb:\\\u00a0\u00bbIndre-et-Loire\\\u00a0\u00bb,\\\u00a0\u00bbtitleArticle\\\u00a0\u00bb:\\\u00a0\u00bbde l&rsquo;\\\u00a0\u00bb,\\\u00a0\u00bblocale\\\u00a0\u00bb:{\\\u00a0\u00bbmain\\\u00a0\u00bb:\\\u00a0\u00bbberry\\\u00a0\u00bb,\\\u00a0\u00bbnearest\\\u00a0\u00bb:[\\\u00a0\u00bbpoitou\\\u00a0\u00bb,\\\u00a0\u00bbtouraine\\\u00a0\u00bb]},\\\u00a0\u00bbnearestDepartment\\\u00a0\u00bb:[\\\u00a0\u00bbsarthe-72\\\u00a0\u00bb,\\\u00a0\u00bbloir-et-cher-41\\\u00a0\u00bb,\\\u00a0\u00bbindre-36\\\u00a0\u00bb,\\\u00a0\u00bbvienne-86\\\u00a0\u00bb,\\\u00a0\u00bbmaine-et-loire-49\\\u00a0\u00bb],\\\u00a0\u00bbcities\\\u00a0\u00bb:[{\\\u00a0\u00bbpath\\\u00a0\u00bb:\\\u00a0\u00bb\/centre-val-de-loire\/indre-et-loire-37\/amboise-37003\\\u00a0\u00bb,\\\u00a0\u00bbtitle\\\u00a0\u00bb:\\\u00a0\u00bbAmboise\\\u00a0\u00bb},{\\\u00a0\u00bbpath\\\u00a0\u00bb:\\\u00a0\u00bb\/centre-val-de-loire\/indre-et-loire-37\/chambray-les-tours-37050\\\u00a0\u00bb,\\\u00a0\u00bbtitle\\\u00a0\u00bb:\\\u00a0\u00bbChambray-l\u00e8s-Tours\\\u00a0\u00bb},{\\\u00a0\u00bbpath\\\u00a0\u00bb:\\\u00a0\u00bb\/centre-val-de-loire\/indre-et-loire-37\/fondettes-37109\\\u00a0\u00bb,\\\u00a0\u00bbtitle\\\u00a0\u00bb:\\\u00a0\u00bbFondettes\\\u00a0\u00bb},{\\\u00a0\u00bbpath\\\u00a0\u00bb:\\\u00a0\u00bb\/centre-val-de-loire\/indre-et-loire-37\/joue-les-tours-37122\\\u00a0\u00bb,\\\u00a0\u00bbtitle\\\u00a0\u00bb:\\\u00a0\u00bbJou\u00e9-l\u00e8s-Tours\\\u00a0\u00bb},{\\\u00a0\u00bbpath\\\u00a0\u00bb:\\\u00a0\u00bb\/centre-val-de-loire\/indre-et-loire-37\/montlouis-sur-loire-37156\\\u00a0\u00bb,\\\u00a0\u00bbtitle\\\u00a0\u00bb:\\\u00a0\u00bbMontlouis-sur-Loire\\\u00a0\u00bb},{\\\u00a0\u00bbpath\\\u00a0\u00bb:\\\u00a0\u00bb\/centre-val-de-loire\/indre-et-loire-37\/saint-avertin-37208\\\u00a0\u00bb,\\\u00a0\u00bbtitle\\\u00a0\u00bb:\\\u00a0\u00bbSaint-Avertin\\\u00a0\u00bb},{\\\u00a0\u00bbpath\\\u00a0\u00bb:\\\u00a0\u00bb\/centre-val-de-loire\/indre-et-loire-37\/saint-cyr-sur-loire-37214\\\u00a0\u00bb,\\\u00a0\u00bbtitle\\\u00a0\u00bb:\\\u00a0\u00bbSaint-Cyr-sur-Loire\\\u00a0\u00bb},{\\\u00a0\u00bbpath\\\u00a0\u00bb:\\\u00a0\u00bb\/centre-val-de-loire\/indre-et-loire-37\/saint-pierre-des-corps-37233\\\u00a0\u00bb,\\\u00a0\u00bbtitle\\\u00a0\u00bb:\\\u00a0\u00bbSaint-Pierre-des-Corps\\\u00a0\u00bb},{\\\u00a0\u00bbpath\\\u00a0\u00bb:\\\u00a0\u00bb\/centre-val-de-loire\/indre-et-loire-37\/tours-37261\\\u00a0\u00bb,\\\u00a0\u00bbtitle\\\u00a0\u00bb:\\\u00a0\u00bbTours\\\u00a0\u00bb},{\\\u00a0\u00bbpath\\\u00a0\u00bb:\\\u00a0\u00bb\/centre-val-de-loire\/indre-et-loire-37\/riche-37195\\\u00a0\u00bb,\\\u00a0\u00bbtitle\\\u00a0\u00bb:\\\u00a0\u00bbLa Riche\\\u00a0\u00bb}]},{\\\u00a0\u00bbslug\\\u00a0\u00bb:\\\u00a0\u00bbloiret-45\\\u00a0\u00bb,\\\u00a0\u00bbtitle\\\u00a0\u00bb:\\\u00a0\u00bbLoiret\\\u00a0\u00bb,\\\u00a0\u00bbtitleArticle\\\u00a0\u00bb:\\\u00a0\u00bbdu \\\u00a0\u00bb,\\\u00a0\u00bblocale\\\u00a0\u00bb:{\\\u00a0\u00bbmain\\\u00a0\u00bb:\\\u00a0\u00bborleans\\\u00a0\u00bb,\\\u00a0\u00bbnearest\\\u00a0\u00bb:[\\\u00a0\u00bbparis\\\u00a0\u00bb]},\\\u00a0\u00bbnearestDepartment\\\u00a0\u00bb:[\\\u00a0\u00bbeure-et-loir-28\\\u00a0\u00bb,\\\u00a0\u00bbessonne-91\\\u00a0\u00bb,\\\u00a0\u00bbseine-et-marne-77\\\u00a0\u00bb,\\\u00a0\u00bbyonne-89\\\u00a0\u00bb,\\\u00a0\u00bbnievre-58\\\u00a0\u00bb,\\\u00a0\u00bbcher-18\\\u00a0\u00bb,\\\u00a0\u00bbloir-et-cher-41\\\u00a0\u00bb],\\\u00a0\u00bbcities\\\u00a0\u00bb:[{\\\u00a0\u00bbpath\\\u00a0\u00bb:\\\u00a0\u00bb\/centre-val-de-loire\/loiret-45\/chalette-sur-loing-45068\\\u00a0\u00bb,\\\u00a0\u00bbtitle\\\u00a0\u00bb:\\\u00a0\u00bbCh\u00e2lette-sur-Loing\\\u00a0\u00bb},{\\\u00a0\u00bbpath\\\u00a0\u00bb:\\\u00a0\u00bb\/centre-val-de-loire\/loiret-45\/fleury-les-aubrais-45147\\\u00a0\u00bb,\\\u00a0\u00bbtitle\\\u00a0\u00bb:\\\u00a0\u00bbFleury-les-Aubrais\\\u00a0\u00bb},{\\\u00a0\u00bbpath\\\u00a0\u00bb:\\\u00a0\u00bb\/centre-val-de-loire\/loiret-45\/gien-45155\\\u00a0\u00bb,\\\u00a0\u00bbtitle\\\u00a0\u00bb:\\\u00a0\u00bbGien\\\u00a0\u00bb},{\\\u00a0\u00bbpath\\\u00a0\u00bb:\\\u00a0\u00bb\/centre-val-de-loire\/loiret-45\/montargis-45208\\\u00a0\u00bb,\\\u00a0\u00bbtitle\\\u00a0\u00bb:\\\u00a0\u00bbMontargis\\\u00a0\u00bb},{\\\u00a0\u00bbpath\\\u00a0\u00bb:\\\u00a0\u00bb\/centre-val-de-loire\/loiret-45\/olivet-45232\\\u00a0\u00bb,\\\u00a0\u00bbtitle\\\u00a0\u00bb:\\\u00a0\u00bbOlivet\\\u00a0\u00bb},{\\\u00a0\u00bbpath\\\u00a0\u00bb:\\\u00a0\u00bb\/centre-val-de-loire\/loiret-45\/orleans-45234\\\u00a0\u00bb,\\\u00a0\u00bbtitle\\\u00a0\u00bb:\\\u00a0\u00bbOrl\u00e9ans\\\u00a0\u00bb},{\\\u00a0\u00bbpath\\\u00a0\u00bb:\\\u00a0\u00bb\/centre-val-de-loire\/loiret-45\/saint-jean-de-braye-45284\\\u00a0\u00bb,\\\u00a0\u00bbtitle\\\u00a0\u00bb:\\\u00a0\u00bbSaint-Jean-de-Braye\\\u00a0\u00bb},{\\\u00a0\u00bbpath\\\u00a0\u00bb:\\\u00a0\u00bb\/centre-val-de-loire\/loiret-45\/saint-jean-de-la-ruelle-45285\\\u00a0\u00bb,\\\u00a0\u00bbtitle\\\u00a0\u00bb:\\\u00a0\u00bbSaint-Jean-de-la-Ruelle\\\u00a0\u00bb},{\\\u00a0\u00bbpath\\\u00a0\u00bb:\\\u00a0\u00bb\/centre-val-de-loire\/loiret-45\/saran-45302\\\u00a0\u00bb,\\\u00a0\u00bbtitle\\\u00a0\u00bb:\\\u00a0\u00bbSaran\\\u00a0\u00bb},{\\\u00a0\u00bbpath\\\u00a0\u00bb:\\\u00a0\u00bb\/centre-val-de-loire\/loiret-45\/amilly-45004\\\u00a0\u00bb,\\\u00a0\u00bbtitle\\\u00a0\u00bb:\\\u00a0\u00bbAmilly\\\u00a0\u00bb}]},{\\\u00a0\u00bbslug\\\u00a0\u00bb:\\\u00a0\u00bbloir-et-cher-41\\\u00a0\u00bb,\\\u00a0\u00bbtitle\\\u00a0\u00bb:\\\u00a0\u00bbLoir-et-Cher\\\u00a0\u00bb,\\\u00a0\u00bbtitleArticle\\\u00a0\u00bb:\\\u00a0\u00bbdu \\\u00a0\u00bb,\\\u00a0\u00bblocale\\\u00a0\u00bb:{\\\u00a0\u00bbnearest\\\u00a0\u00bb:[\\\u00a0\u00bbberry\\\u00a0\u00bb,\\\u00a0\u00bborleans\\\u00a0\u00bb,\\\u00a0\u00bbtouraine\\\u00a0\u00bb]},\\\u00a0\u00bbnearestDepartment\\\u00a0\u00bb:[\\\u00a0\u00bbsarthe-72\\\u00a0\u00bb,\\\u00a0\u00bbeure-et-loir-28\\\u00a0\u00bb,\\\u00a0\u00bbloiret-45\\\u00a0\u00bb,\\\u00a0\u00bbcher-18\\\u00a0\u00bb,\\\u00a0\u00bbindre-36\\\u00a0\u00bb,\\\u00a0\u00bbindre-et-loire-37\\\u00a0\u00bb,\\\u00a0\u00bborne-61\\\u00a0\u00bb],\\\u00a0\u00bbcities\\\u00a0\u00bb:[{\\\u00a0\u00bbpath\\\u00a0\u00bb:\\\u00a0\u00bb\/centre-val-de-loire\/loir-et-cher-41\/blois-41018\\\u00a0\u00bb,\\\u00a0\u00bbtitle\\\u00a0\u00bb:\\\u00a0\u00bbBlois\\\u00a0\u00bb},{\\\u00a0\u00bbpath\\\u00a0\u00bb:\\\u00a0\u00bb\/centre-val-de-loire\/loir-et-cher-41\/lamotte-beuvron-41106\\\u00a0\u00bb,\\\u00a0\u00bbtitle\\\u00a0\u00bb:\\\u00a0\u00bbLamotte-Beuvron\\\u00a0\u00bb},{\\\u00a0\u00bbpath\\\u00a0\u00bb:\\\u00a0\u00bb\/centre-val-de-loire\/loir-et-cher-41\/mer-41136\\\u00a0\u00bb,\\\u00a0\u00bbtitle\\\u00a0\u00bb:\\\u00a0\u00bbMer\\\u00a0\u00bb},{\\\u00a0\u00bbpath\\\u00a0\u00bb:\\\u00a0\u00bb\/centre-val-de-loire\/loir-et-cher-41\/romorantin-lanthenay-41194\\\u00a0\u00bb,\\\u00a0\u00bbtitle\\\u00a0\u00bb:\\\u00a0\u00bbRomorantin-Lanthenay\\\u00a0\u00bb},{\\\u00a0\u00bbpath\\\u00a0\u00bb:\\\u00a0\u00bb\/centre-val-de-loire\/loir-et-cher-41\/salbris-41232\\\u00a0\u00bb,\\\u00a0\u00bbtitle\\\u00a0\u00bb:\\\u00a0\u00bbSalbris\\\u00a0\u00bb},{\\\u00a0\u00bbpath\\\u00a0\u00bb:\\\u00a0\u00bb\/centre-val-de-loire\/loir-et-cher-41\/selles-sur-cher-41242\\\u00a0\u00bb,\\\u00a0\u00bbtitle\\\u00a0\u00bb:\\\u00a0\u00bbSelles-sur-Cher\\\u00a0\u00bb},{\\\u00a0\u00bbpath\\\u00a0\u00bb:\\\u00a0\u00bb\/centre-val-de-loire\/loir-et-cher-41\/vendome-41269\\\u00a0\u00bb,\\\u00a0\u00bbtitle\\\u00a0\u00bb:\\\u00a0\u00bbVend\u00f4me\\\u00a0\u00bb},{\\\u00a0\u00bbpath\\\u00a0\u00bb:\\\u00a0\u00bb\/centre-val-de-loire\/loir-et-cher-41\/vineuil-41295\\\u00a0\u00bb,\\\u00a0\u00bbtitle\\\u00a0\u00bb:\\\u00a0\u00bbVineuil\\\u00a0\u00bb},{\\\u00a0\u00bbpath\\\u00a0\u00bb:\\\u00a0\u00bb\/centre-val-de-loire\/loir-et-cher-41\/chaussee-saint-victor-41047\\\u00a0\u00bb,\\\u00a0\u00bbtitle\\\u00a0\u00bb:\\\u00a0\u00bbLa Chauss\u00e9e-Saint-Victor\\\u00a0\u00bb},{\\\u00a0\u00bbpath\\\u00a0\u00bb:\\\u00a0\u00bb\/centre-val-de-loire\/loir-et-cher-41\/controis-en-sologne-41059\\\u00a0\u00bb,\\\u00a0\u00bbtitle\\\u00a0\u00bb:\\\u00a0\u00bbLe Controis-en-Sologne\\\u00a0\u00bb}]}],\\\u00a0\u00bbtitleArticle\\\u00a0\u00bb:\\\u00a0\u00bbdu \\\u00a0\u00bb,\\\u00a0\u00bbtitleHtml\\\u00a0\u00bb:\\\u00a0\u00bbCentre-Val\u00a0de\u00a0Loire\\\u00a0\u00bb,\\\u00a0\u00bbnearestRegion\\\u00a0\u00bb:[\\\u00a0\u00bbnormandie\\\u00a0\u00bb,\\\u00a0\u00bbile-de-france\\\u00a0\u00bb,\\\u00a0\u00bbbourgogne-franche-comte\\\u00a0\u00bb,\\\u00a0\u00bbauvergne-rhone-alpes\\\u00a0\u00bb,\\\u00a0\u00bbnouvelle-aquitaine\\\u00a0\u00bb,\\\u00a0\u00bbpays-de-la-loire\\\u00a0\u00bb],\\\u00a0\u00bbnearestLocales\\\u00a0\u00bb:[\\\u00a0\u00bbberry\\\u00a0\u00bb,\\\u00a0\u00bbtouraine\\\u00a0\u00bb,\\\u00a0\u00bborleans\\\u00a0\u00bb]},\\\u00a0\u00bbdepartment\\\u00a0\u00bb:{\\\u00a0\u00bbslug\\\u00a0\u00bb:\\\u00a0\u00bbindre-et-loire-37\\\u00a0\u00bb,\\\u00a0\u00bbtitle\\\u00a0\u00bb:\\\u00a0\u00bbIndre-et-Loire\\\u00a0\u00bb,\\\u00a0\u00bbtitleArticle\\\u00a0\u00bb:\\\u00a0\u00bbde l&rsquo;\\\u00a0\u00bb,\\\u00a0\u00bblocale\\\u00a0\u00bb:{\\\u00a0\u00bbmain\\\u00a0\u00bb:\\\u00a0\u00bbberry\\\u00a0\u00bb,\\\u00a0\u00bbnearest\\\u00a0\u00bb:[\\\u00a0\u00bbpoitou\\\u00a0\u00bb,\\\u00a0\u00bbtouraine\\\u00a0\u00bb]},\\\u00a0\u00bbnearestDepartment\\\u00a0\u00bb:[\\\u00a0\u00bbsarthe-72\\\u00a0\u00bb,\\\u00a0\u00bbloir-et-cher-41\\\u00a0\u00bb,\\\u00a0\u00bbindre-36\\\u00a0\u00bb,\\\u00a0\u00bbvienne-86\\\u00a0\u00bb,\\\u00a0\u00bbmaine-et-loire-49\\\u00a0\u00bb],\\\u00a0\u00bbcities\\\u00a0\u00bb:[{\\\u00a0\u00bbpath\\\u00a0\u00bb:\\\u00a0\u00bb\/centre-val-de-loire\/indre-et-loire-37\/amboise-37003\\\u00a0\u00bb,\\\u00a0\u00bbtitle\\\u00a0\u00bb:\\\u00a0\u00bbAmboise\\\u00a0\u00bb},{\\\u00a0\u00bbpath\\\u00a0\u00bb:\\\u00a0\u00bb\/centre-val-de-loire\/indre-et-loire-37\/chambray-les-tours-37050\\\u00a0\u00bb,\\\u00a0\u00bbtitle\\\u00a0\u00bb:\\\u00a0\u00bbChambray-l\u00e8s-Tours\\\u00a0\u00bb},{\\\u00a0\u00bbpath\\\u00a0\u00bb:\\\u00a0\u00bb\/centre-val-de-loire\/indre-et-loire-37\/fondettes-37109\\\u00a0\u00bb,\\\u00a0\u00bbtitle\\\u00a0\u00bb:\\\u00a0\u00bbFondettes\\\u00a0\u00bb},{\\\u00a0\u00bbpath\\\u00a0\u00bb:\\\u00a0\u00bb\/centre-val-de-loire\/indre-et-loire-37\/joue-les-tours-37122\\\u00a0\u00bb,\\\u00a0\u00bbtitle\\\u00a0\u00bb:\\\u00a0\u00bbJou\u00e9-l\u00e8s-Tours\\\u00a0\u00bb},{\\\u00a0\u00bbpath\\\u00a0\u00bb:\\\u00a0\u00bb\/centre-val-de-loire\/indre-et-loire-37\/montlouis-sur-loire-37156\\\u00a0\u00bb,\\\u00a0\u00bbtitle\\\u00a0\u00bb:\\\u00a0\u00bbMontlouis-sur-Loire\\\u00a0\u00bb},{\\\u00a0\u00bbpath\\\u00a0\u00bb:\\\u00a0\u00bb\/centre-val-de-loire\/indre-et-loire-37\/saint-avertin-37208\\\u00a0\u00bb,\\\u00a0\u00bbtitle\\\u00a0\u00bb:\\\u00a0\u00bbSaint-Avertin\\\u00a0\u00bb},{\\\u00a0\u00bbpath\\\u00a0\u00bb:\\\u00a0\u00bb\/centre-val-de-loire\/indre-et-loire-37\/saint-cyr-sur-loire-37214\\\u00a0\u00bb,\\\u00a0\u00bbtitle\\\u00a0\u00bb:\\\u00a0\u00bbSaint-Cyr-sur-Loire\\\u00a0\u00bb},{\\\u00a0\u00bbpath\\\u00a0\u00bb:\\\u00a0\u00bb\/centre-val-de-loire\/indre-et-loire-37\/saint-pierre-des-corps-37233\\\u00a0\u00bb,\\\u00a0\u00bbtitle\\\u00a0\u00bb:\\\u00a0\u00bbSaint-Pierre-des-Corps\\\u00a0\u00bb},{\\\u00a0\u00bbpath\\\u00a0\u00bb:\\\u00a0\u00bb\/centre-val-de-loire\/indre-et-loire-37\/tours-37261\\\u00a0\u00bb,\\\u00a0\u00bbtitle\\\u00a0\u00bb:\\\u00a0\u00bbTours\\\u00a0\u00bb},{\\\u00a0\u00bbpath\\\u00a0\u00bb:\\\u00a0\u00bb\/centre-val-de-loire\/indre-et-loire-37\/riche-37195\\\u00a0\u00bb,\\\u00a0\u00bbtitle\\\u00a0\u00bb:\\\u00a0\u00bbLa Riche\\\u00a0\u00bb}],\\\u00a0\u00bbregionSlug\\\u00a0\u00bb:\\\u00a0\u00bbcentre-val-de-loire\\\u00a0\u00bb},\\\u00a0\u00bbcity\\\u00a0\u00bb:{\\\u00a0\u00bbtitle\\\u00a0\u00bb:\\\u00a0\u00bbTours\\\u00a0\u00bb,\\\u00a0\u00bbslug\\\u00a0\u00bb:\\\u00a0\u00bbtours-37261\\\u00a0\u00bb,\\\u00a0\u00bbinseeCode\\\u00a0\u00bb:\\\u00a0\u00bb37261\\\u00a0\u00bb}}],\\\u00a0\u00bbeditorialInfo\\\u00a0\u00bb:{\\\u00a0\u00bbstrPublishedDate\\\u00a0\u00bb:\\\u00a0\u00bblundi 12 mai 2025 \u00e0 16:08\\\u00a0\u00bb,\\\u00a0\u00bbpublishedDateISOString\\\u00a0\u00bb:\\\u00a0\u00bb2025-05-12T14:08:59.000Z\\\u00a0\u00bb,\\\u00a0\u00bbstrManualUpdate\\\u00a0\u00bb:null,\\\u00a0\u00bbmanualUpdateISOString\\\u00a0\u00bb:null,\\\u00a0\u00bbauthors\\\u00a0\u00bb:[{\\\u00a0\u00bbtitle\\\u00a0\u00bb:\\\u00a0\u00bbAdrien Bossard\\\u00a0\u00bb,\\\u00a0\u00bbpath\\\u00a0\u00bb:\\\u00a0\u00bbles-equipes\/adrien-bossard\\\u00a0\u00bb,\\\u00a0\u00bbvisual\\\u00a0\u00bb:{\\\u00a0\u00bbsquare\\\u00a0\u00bb:{\\\u00a0\u00bbjpg\\\u00a0\u00bb:[{\\\u00a0\u00bbw\\\u00a0\u00bb:120,\\\u00a0\u00bburl\\\u00a0\u00bb:\\\u00a0\u00bbhttps:\/\/www.francebleu.fr\/s3\/cruiser-production\/2022\/10\/6d2fb444-f7e0-4052-a7be-fe0eb887b71d\/120x120_adrien_bossard_2.jpg\\\u00a0\u00bb},{\\\u00a0\u00bbw\\\u00a0\u00bb:200,\\\u00a0\u00bburl\\\u00a0\u00bb:\\\u00a0\u00bbhttps:\/\/www.francebleu.fr\/s3\/cruiser-production\/2022\/10\/6d2fb444-f7e0-4052-a7be-fe0eb887b71d\/200x200_adrien_bossard_2.jpg\\\u00a0\u00bb},{\\\u00a0\u00bbw\\\u00a0\u00bb:400,\\\u00a0\u00bburl\\\u00a0\u00bb:\\\u00a0\u00bbhttps:\/\/www.francebleu.fr\/s3\/cruiser-production-eu3\/2022\/10\/6d2fb444-f7e0-4052-a7be-fe0eb887b71d\/400x400_adrien_bossard_2.jpg\\\u00a0\u00bb}],\\\u00a0\u00bbwebp\\\u00a0\u00bb:[{\\\u00a0\u00bbw\\\u00a0\u00bb:120,\\\u00a0\u00bburl\\\u00a0\u00bb:\\\u00a0\u00bbhttps:\/\/www.francebleu.fr\/s3\/cruiser-production\/2022\/10\/6d2fb444-f7e0-4052-a7be-fe0eb887b71d\/120x120_adrien_bossard_2.webp\\\u00a0\u00bb},{\\\u00a0\u00bbw\\\u00a0\u00bb:200,\\\u00a0\u00bburl\\\u00a0\u00bb:\\\u00a0\u00bbhttps:\/\/www.francebleu.fr\/s3\/cruiser-production\/2022\/10\/6d2fb444-f7e0-4052-a7be-fe0eb887b71d\/200x200_adrien_bossard_2.webp\\\u00a0\u00bb},{\\\u00a0\u00bbw\\\u00a0\u00bb:400,\\\u00a0\u00bburl\\\u00a0\u00bb:\\\u00a0\u00bbhttps:\/\/www.francebleu.fr\/s3\/cruiser-production-eu3\/2022\/10\/6d2fb444-f7e0-4052-a7be-fe0eb887b71d\/400x400_adrien_bossard_2.webp\\\u00a0\u00bb}]},\\\u00a0\u00bbnormal\\\u00a0\u00bb:{\\\u00a0\u00bbjpg\\\u00a0\u00bb:[{\\\u00a0\u00bburl\\\u00a0\u00bb:\\\u00a0\u00bbhttps:\/\/www.francebleu.fr\/s3\/cruiser-production\/2022\/10\/6d2fb444-f7e0-4052-a7be-fe0eb887b71d\/140x140_adrien_bossard_2.jpg\\\u00a0\u00bb}],\\\u00a0\u00bbwebp\\\u00a0\u00bb:[{}]},\\\u00a0\u00bbpreview\\\u00a0\u00bb:\\\u00a0\u00bbdata:image\/jpeg;base64,\/9j\/2wBDACgcHiMeGSgjISMtKygwPGRBPDc3PHtYXUlkkYCZlo+AjIqgtObDoKrarYqMyP\/L2u71\/\/\/\/m8H\/\/\/\/6\/+b9\/\/j\/2wBDASstLTw1PHZBQXb4pYyl+Pj4+Pj4+Pj4+Pj4+Pj4+Pj4+Pj4+Pj4+Pj4+Pj4+Pj4+Pj4+Pj4+Pj4+Pj4+Pj4+Pj\/wAARCAAqACoDASIAAhEBAxEB\/8QAGAAAAwEBAAAAAAAAAAAAAAAAAAECAwX\/xAAXEAEBAQEAAAAAAAAAAAAAAAAAAREC\/8QAFQEBAQAAAAAAAAAAAAAAAAAAAAH\/xAAUEQEAAAAAAAAAAAAAAAAAAAAA\/9oADAMBAAIRAxEAPwDr1Np1HVAaWptEorSUJlMRdZ9NKiwVnQqwkDh6kaqNSpgE1FXUUVNo0qQj\/9k=\\\u00a0\u00bb,\\\u00a0\u00bblegend\\\u00a0\u00bb:\\\u00a0\u00bbAdrien Bossard, journaliste\\\u00a0\u00bb}}]},\\\u00a0\u00bbvisual\\\u00a0\u00bb:{\\\u00a0\u00bbsquare\\\u00a0\u00bb:{\\\u00a0\u00bbjpg\\\u00a0\u00bb:[],\\\u00a0\u00bbwebp\\\u00a0\u00bb:[]},\\\u00a0\u00bbnormal\\\u00a0\u00bb:{\\\u00a0\u00bbjpg\\\u00a0\u00bb:[{\\\u00a0\u00bbw\\\u00a0\u00bb:320,\\\u00a0\u00bburl\\\u00a0\u00bb:\\\u00a0\u00bbhttps:\/\/www.francebleu.fr\/s3\/cruiser-production-eu3\/2025\/05\/b6744f00-b98a-4224-9349-cccb9aa79fba\/320x170_sc_4337326d-8f0b-4c9f-97e4-f6fad1628a2e.jpg\\\u00a0\u00bb},{\\\u00a0\u00bbw\\\u00a0\u00bb:560,\\\u00a0\u00bburl\\\u00a0\u00bb:\\\u00a0\u00bbhttps:\/\/www.francebleu.fr\/s3\/cruiser-production-eu3\/2025\/05\/b6744f00-b98a-4224-9349-cccb9aa79fba\/560x315_sc_4337326d-8f0b-4c9f-97e4-f6fad1628a2e.jpg\\\u00a0\u00bb},{\\\u00a0\u00bbw\\\u00a0\u00bb:1200,\\\u00a0\u00bburl\\\u00a0\u00bb:\\\u00a0\u00bbhttps:\/\/www.francebleu.fr\/s3\/cruiser-production-eu3\/2025\/05\/b6744f00-b98a-4224-9349-cccb9aa79fba\/1200x680_sc_4337326d-8f0b-4c9f-97e4-f6fad1628a2e.jpg\\\u00a0\u00bb}],\\\u00a0\u00bbwebp\\\u00a0\u00bb:[{\\\u00a0\u00bbw\\\u00a0\u00bb:320,\\\u00a0\u00bburl\\\u00a0\u00bb:\\\u00a0\u00bbhttps:\/\/www.francebleu.fr\/s3\/cruiser-production-eu3\/2025\/05\/b6744f00-b98a-4224-9349-cccb9aa79fba\/320x170_sc_4337326d-8f0b-4c9f-97e4-f6fad1628a2e.webp\\\u00a0\u00bb},{\\\u00a0\u00bbw\\\u00a0\u00bb:560,\\\u00a0\u00bburl\\\u00a0\u00bb:\\\u00a0\u00bbhttps:\/\/www.francebleu.fr\/s3\/cruiser-production-eu3\/2025\/05\/b6744f00-b98a-4224-9349-cccb9aa79fba\/560x315_sc_4337326d-8f0b-4c9f-97e4-f6fad1628a2e.webp\\\u00a0\u00bb},{\\\u00a0\u00bbw\\\u00a0\u00bb:1200,\\\u00a0\u00bburl\\\u00a0\u00bb:\\\u00a0\u00bbhttps:\/\/www.francebleu.fr\/s3\/cruiser-production-eu3\/2025\/05\/b6744f00-b98a-4224-9349-cccb9aa79fba\/1200x680_sc_4337326d-8f0b-4c9f-97e4-f6fad1628a2e.webp\\\u00a0\u00bb}]},\\\u00a0\u00bbpreview\\\u00a0\u00bb:\\\u00a0\u00bbdata:image\/jpeg;base64,\/9j\/2wBDACgcHiMeGSgjISMtKygwPGRBPDc3PHtYXUlkkYCZlo+AjIqgtObDoKrarYqMyP\/L2u71\/\/\/\/m8H\/\/\/\/6\/+b9\/\/j\/2wBDASstLTw1PHZBQXb4pYyl+Pj4+Pj4+Pj4+Pj4+Pj4+Pj4+Pj4+Pj4+Pj4+Pj4+Pj4+Pj4+Pj4+Pj4+Pj4+Pj4+Pj\/wAARCAAXACoDASIAAhEBAxEB\/8QAFwABAQEBAAAAAAAAAAAAAAAAAQACBP\/EABYQAQEBAAAAAAAAAAAAAAAAAAARAf\/EABcBAQEBAQAAAAAAAAAAAAAAAAIAAQP\/xAAYEQEBAQEBAAAAAAAAAAAAAAAAAQISEf\/aAAwDAQACEQMRAD8A5aqzS3lEaUUyNrMEbihzI9MYcSXhEpFIFJSOOdf\/2Q==\\\u00a0\u00bb,\\\u00a0\u00bblegend\\\u00a0\u00bb:\\\u00a0\u00bbLa salle Grenon sera pleine \u00e0 craquer pour la finale retour du championnat de France de volley contre Poitiers.\\\u00a0\u00bb,\\\u00a0\u00bbcopyright\\\u00a0\u00bb:\\\u00a0\u00bbRadio France\\\u00a0\u00bb,\\\u00a0\u00bbauthor\\\u00a0\u00bb:\\\u00a0\u00bbAdrien Bossard\\\u00a0\u00bb}}},\\\u00a0\u00bbdisplay\\\u00a0\u00bb:{\\\u00a0\u00bbnewsFlash\\\u00a0\u00bb:[],\\\u00a0\u00bbhighBanner\\\u00a0\u00bb:true}}\u00a0\u00bb}<\/p>\n","protected":false},"excerpt":{"rendered":"Comme pr\u00e9vu, elles se sont arrach\u00e9es en un rien de temps. Les places \u00e0 la vente pour la&hellip;\n","protected":false},"author":2,"featured_media":95924,"comment_status":"","ping_status":"","sticky":false,"template":"","format":"standard","meta":{"footnotes":""},"categories":[1417],"tags":[1011,27,60,1470,1469],"class_list":{"0":"post-95923","1":"post","2":"type-post","3":"status-publish","4":"format-standard","5":"has-post-thumbnail","7":"category-volley","8":"tag-fr","9":"tag-france","10":"tag-sports","11":"tag-volley","12":"tag-volleyball"},"share_on_mastodon":{"url":"https:\/\/pubeurope.com\/@fr\/114498648611648545","error":""},"_links":{"self":[{"href":"https:\/\/www.europesays.com\/fr\/wp-json\/wp\/v2\/posts\/95923","targetHints":{"allow":["GET"]}}],"collection":[{"href":"https:\/\/www.europesays.com\/fr\/wp-json\/wp\/v2\/posts"}],"about":[{"href":"https:\/\/www.europesays.com\/fr\/wp-json\/wp\/v2\/types\/post"}],"author":[{"embeddable":true,"href":"https:\/\/www.europesays.com\/fr\/wp-json\/wp\/v2\/users\/2"}],"replies":[{"embeddable":true,"href":"https:\/\/www.europesays.com\/fr\/wp-json\/wp\/v2\/comments?post=95923"}],"version-history":[{"count":0,"href":"https:\/\/www.europesays.com\/fr\/wp-json\/wp\/v2\/posts\/95923\/revisions"}],"wp:featuredmedia":[{"embeddable":true,"href":"https:\/\/www.europesays.com\/fr\/wp-json\/wp\/v2\/media\/95924"}],"wp:attachment":[{"href":"https:\/\/www.europesays.com\/fr\/wp-json\/wp\/v2\/media?parent=95923"}],"wp:term":[{"taxonomy":"category","embeddable":true,"href":"https:\/\/www.europesays.com\/fr\/wp-json\/wp\/v2\/categories?post=95923"},{"taxonomy":"post_tag","embeddable":true,"href":"https:\/\/www.europesays.com\/fr\/wp-json\/wp\/v2\/tags?post=95923"}],"curies":[{"name":"wp","href":"https:\/\/api.w.org\/{rel}","templated":true}]}}