{"id":95925,"date":"2025-05-13T04:31:15","date_gmt":"2025-05-13T04:31:15","guid":{"rendered":"https:\/\/www.europesays.com\/fr\/95925\/"},"modified":"2025-05-13T04:31:15","modified_gmt":"2025-05-13T04:31:15","slug":"pete-samu-a-trouve-un-nouveau-club","status":"publish","type":"post","link":"https:\/\/www.europesays.com\/fr\/95925\/","title":{"rendered":"Pete Samu a trouv\u00e9 un nouveau club"},"content":{"rendered":"<p>\t\t\t\t\t\t\t\t\t\t\t\t\t\tTRANSFERTS RUGBY \u2013 Selon <a href=\"https:\/\/www.rugbyrama.fr\/2025\/05\/12\/transferts-pete-samu-devrait-retourner-en-australie-et-pourrait-meme-retrouver-les-wallabies-face-aux-lions-britanniques-et-irlandais-12690412.php\" target=\"_blank\" rel=\"noopener\">Rugbyrama<\/a>, Pete Samu (UBB) va retourner en Australie. Le troisi\u00e8me ligne aurait trouv\u00e9 un accord avec la franchise des Waratahs.<\/p>\n<p style=\"text-align: justify;\">Vers la fin de l\u2019aventure entre <strong>Pete Samu<\/strong> et l\u2019Union Bordeaux-B\u00e8gles ? Arriv\u00e9 au sein du club girondin en 2023 et en provenance de la franchise australienne des Brumbies, le troisi\u00e8me ligne aile de 33 ans, pourrait retourner dans son pays. Selon les informations de nos confr\u00e8res de Rugbyrama, il pourrait repartir au sein de la franchise des Waratahs. Rugbyrama rapporte \u00e9galement qu\u2019il pourrait m\u00eame porter le maillot australien cet \u00e9t\u00e9, notamment <a href=\"https:\/\/dicodusport.fr\/blog\/lions-britanniques-la-liste-de-38-joueurs-pour-la-tournee-2025\/\" target=\"_blank\" rel=\"noopener\">contre les Lions Britanniques<\/a>. Capable de jouer en 8 comme au poste de troisi\u00e8me-ligne aile, le Bordelais aurait trouv\u00e9 un accord avec cette franchise, pour la saison prochaine.<\/p>\n<p>Pete Samu \u00e9tait devenu un joueur majeur de l\u2019UBB<\/p>\n<p style=\"text-align: justify;\">Il devrait remplacer les d\u00e9parts de<strong> Langi Gleeson<\/strong> et<strong> Rob Leota<\/strong>, <strong>Gleeson<\/strong> faisant quasiment le voyage inverse, avec sa signature au Montpellier H\u00e9rault Rugby. Le d\u00e9part de Samu \u00e9tait d\u00e9j\u00e0 act\u00e9 avant qu\u2019on ne connaisse la destination du joueur de 33 ans, qui se serait bien vu rester un peu plus en Gironde. \u00ab\u00a0Dans un monde parfait, j\u2019aurais aim\u00e9 rester. Ma famille adore la vie ici, les enfants sont contents\u2026 Mais c\u2019est le rugby. Tu ne peux pas forc\u00e9ment rester quelque part pour toujours\u00a0\u00bb,\u00a0avait-il d\u00e9clar\u00e9 dans les colonnes de nos confr\u00e8res de Sud-Ouest. Tout en confiant \u00e9galement qu\u2019il n\u2019\u00e9tait pas forc\u00e9ment all\u00e9 au bout de son projet avec les Wallabies. Au vu de sa forme actuelle (lire plus bas), ce serait un beau renfort pour une s\u00e9lection nationale, qui a repris des couleurs cet automne, apr\u00e8s un Mondial 2023 catastrophique.<\/p>\n<p style=\"text-align: justify;\">Et il peut partir de l\u2019<strong>UBB<\/strong> avec la gloire et les honneurs. Les Bordelo-B\u00e9glais \u00e9tant \u00e0 la fois en course pour les demi-finales de Top 14, mais surtout qualifi\u00e9s, pour la premi\u00e8re fois de leur histoire, en finale de la Champions Cup. Parcours dans lequel il a plus que contribu\u00e9, avec quatre essais inscrits en quatre rencontres (il a \u00e9t\u00e9 absent au c\u0153ur de l\u2019hiver). Dont un tr\u00e8s pr\u00e9cieux <a href=\"https:\/\/dicodusport.fr\/blog\/champions-cup-demi-finales-bordeaux-begles-surclasse-toulouse-et-ira-a-cardiff\/\" target=\"_blank\" rel=\"noopener\">en demi-finale contre le Stade Toulousain<\/a>. Il laissera un tr\u00e8s bon souvenir dans les bords de Garonne. Titulaire treize fois sur les quinze matchs qu\u2019il a disput\u00e9s cette saison et titulaire treize fois sur les 26 matchs disput\u00e9s la saison pass\u00e9e. Devenu, au fil du temps, un joueur de plus en plus important pour son \u00e9quipe (5 essais en 2023-2024 et 6 cette saison en beaucoup moins de matchs). Il lui restera un ultime d\u00e9fi en fin de saison, avec la perspective du doubl\u00e9 Champions Cup \u2013 Championnat.<\/p>\n<blockquote class=\"twitter-tweet\">\n<p dir=\"ltr\" lang=\"fr\">Pete Samu (33 ans, 33 s\u00e9lections) est pressenti pour retourner en Australie la saison prochaine et aurait trouv\u00e9 un accord avec les Waratahs. Il pourrait m\u00eame porter le maillot des Wallabies pour les matchs face aux Lions.<\/p>\n<p>Davantage de d\u00e9tails &gt; <a href=\"https:\/\/t.co\/ATEGAyO7pD\">https:\/\/t.co\/ATEGAyO7pD<\/a> <a href=\"https:\/\/t.co\/PpRnBA3UlT\">pic.twitter.com\/PpRnBA3UlT<\/a><\/p>\n<p>\u2014 RUGBYRAMA (@RugbyramaFR) <a href=\"https:\/\/twitter.com\/RugbyramaFR\/status\/1921861117124518200?ref_src=twsrc%5Etfw\" target=\"_blank\" rel=\"noopener\">May 12, 2025<\/a><\/p>\n<\/blockquote>\n<p>\u00c0 lire aussi<br \/>\n<a href=\"https:\/\/dicodusport.fr\/blog\/transferts-ubb-2025-arrivees-departs-et-prolongations\/\" class=\"vlp-link\" title=\"Transferts UBB 2025 : Recrues, d\u00e9parts et prolongations\" target=\"_blank\" rel=\"noopener\"><img loading=\"lazy\" decoding=\"async\" style=\"max-width: 792px;\" width=\"792\" height=\"445\" class=\"attachment-800x445 size-800x445 perfmatters-lazy\" alt=\"Transferts UBB 2025 Arrive\u0301es, de\u0301parts et prolongations\" src=\"https:\/\/www.europesays.com\/fr\/wp-content\/uploads\/2025\/05\/Transferts-UBB-2025-Arrivees-departs-et-prolongations.png\"  data-\/><\/p>\n<p>Transferts UBB 2025 : Recrues, d\u00e9parts et prolongations<\/p>\n<p>TRANSFERTS UBB &#8211; Arriv\u00e9es, d\u00e9parts, prolongations, rumeurs : retrouvez toutes les informations transferts de l&rsquo;Union Bordeaux-B\u00e8gles pour la saison 2025-2026.<\/p>\n<p>Lire l&rsquo;article<\/p>\n<p>dicodusport.fr<\/p>\n<p>\t\t\t\t\t\t\t\t\t\t\t\t\t<script async src=\"https:\/\/platform.twitter.com\/widgets.js\" charset=\"utf-8\"><\/script><\/p>\n","protected":false},"excerpt":{"rendered":"TRANSFERTS RUGBY \u2013 Selon Rugbyrama, Pete Samu (UBB) va retourner en Australie. Le troisi\u00e8me ligne aurait trouv\u00e9 un&hellip;\n","protected":false},"author":2,"featured_media":95926,"comment_status":"","ping_status":"","sticky":false,"template":"","format":"standard","meta":{"footnotes":""},"categories":[1416],"tags":[2113,1109,1011,27,20912,479,2115,1468,60,477,20913,20914],"class_list":{"0":"post-95925","1":"post","2":"type-post","3":"status-publish","4":"format-standard","5":"has-post-thumbnail","7":"category-rugby","8":"tag-breve","9":"tag-breves","10":"tag-fr","11":"tag-france","12":"tag-pete-samu","13":"tag-rugby","14":"tag-rugby-a-xv","15":"tag-rugby-football","16":"tag-sports","17":"tag-transferts-rugby","18":"tag-transferts-union-bordeaux-begles","19":"tag-waratahs"},"share_on_mastodon":{"url":"https:\/\/pubeurope.com\/@fr\/114498652517523425","error":""},"_links":{"self":[{"href":"https:\/\/www.europesays.com\/fr\/wp-json\/wp\/v2\/posts\/95925","targetHints":{"allow":["GET"]}}],"collection":[{"href":"https:\/\/www.europesays.com\/fr\/wp-json\/wp\/v2\/posts"}],"about":[{"href":"https:\/\/www.europesays.com\/fr\/wp-json\/wp\/v2\/types\/post"}],"author":[{"embeddable":true,"href":"https:\/\/www.europesays.com\/fr\/wp-json\/wp\/v2\/users\/2"}],"replies":[{"embeddable":true,"href":"https:\/\/www.europesays.com\/fr\/wp-json\/wp\/v2\/comments?post=95925"}],"version-history":[{"count":0,"href":"https:\/\/www.europesays.com\/fr\/wp-json\/wp\/v2\/posts\/95925\/revisions"}],"wp:featuredmedia":[{"embeddable":true,"href":"https:\/\/www.europesays.com\/fr\/wp-json\/wp\/v2\/media\/95926"}],"wp:attachment":[{"href":"https:\/\/www.europesays.com\/fr\/wp-json\/wp\/v2\/media?parent=95925"}],"wp:term":[{"taxonomy":"category","embeddable":true,"href":"https:\/\/www.europesays.com\/fr\/wp-json\/wp\/v2\/categories?post=95925"},{"taxonomy":"post_tag","embeddable":true,"href":"https:\/\/www.europesays.com\/fr\/wp-json\/wp\/v2\/tags?post=95925"}],"curies":[{"name":"wp","href":"https:\/\/api.w.org\/{rel}","templated":true}]}}