{"id":95933,"date":"2025-05-13T04:36:14","date_gmt":"2025-05-13T04:36:14","guid":{"rendered":"https:\/\/www.europesays.com\/fr\/95933\/"},"modified":"2025-05-13T04:36:14","modified_gmt":"2025-05-13T04:36:14","slug":"essor-breton-les-engages-directvelo","status":"publish","type":"post","link":"https:\/\/www.europesays.com\/fr\/95933\/","title":{"rendered":"Essor Breton : Les engag\u00e9s &#8211; DirectVelo"},"content":{"rendered":"<ol>\n<li><a href=\"https:\/\/news.google.com\/rss\/articles\/CBMid0FVX3lxTE5TRjd3Z3RUcHM3azdLVnlZeWFKaERrNEdGQnlpMFVFem1SMWhnb2kydjNqV3puOUJLNF9tcHdHVVlSZ1Nab2NMbEg2SE5YM2dzSG02VnY5aVM2T19kbW9QdDloVHNHT3pJX1VCeVFCVnl5b0pPZmo0?oc=5\" target=\"_blank\" rel=\"noopener\">Essor Breton : Les engag\u00e9s<\/a>&nbsp;&nbsp;DirectVelo<\/li>\n<li><a href=\"https:\/\/news.google.com\/rss\/articles\/CBMirwFBVV95cUxNU05BMEFZd2hnU2ktdFd2WU9aazdZdDhURFktR2RsSllMSlFodGN3Yy1jQ3I2Tk1nSXVJWFhBWjhSX2QySlhHbEg0Q0MwZWJPeDVjaEpZVk5Ca3RIeTR6eFVJbWk1NDdjTWtJUzBEV3pLX0JmRFBtVVFNRGZjQ0RkMnlULVNrQkdnS0dKMnRNRDc2YWZkRFNxdXFQNmFqWVVMRjBHeVdPYnhESmEtU2Zj?oc=5\" target=\"_blank\" rel=\"noopener\">Essor Breton 22-25 mai 2025 guide technique<\/a>&nbsp;&nbsp;Velopressecollection<\/li>\n<li><a href=\"https:\/\/news.google.com\/rss\/articles\/CBMi1gFBVV95cUxNcEY4X0FFV3FPRFNXeUVxcFl0XzZzRlVCWEt5WDdOTTlPYW9jemx1c1E4X0Fuam13UWJtaXc1VDVHR3Jlc1d1ZGRmdVFxblJtUUMzV3MzR1A1aUZYZGhfSktKUWl3WVVEOVdhanhDcWFoVGJya3l2QmJIeVFObWlONHdNWUJmQTZZVVhsdEpZaC1xd1VCNkRmdmZKN18xcWtaOWdncVI3eEctNUFXdmN6TFRmMDRLcnU4anNFM1lITENKUml2bDdtekkxNWo1dTRYMlpmeWNB?oc=5\" target=\"_blank\" rel=\"noopener\">Grand-Champ se pr\u00e9pare \u00e0 accueillir le d\u00e9part de l\u2019Essor Breton le 22 mai<\/a>&nbsp;&nbsp;Le T\u00e9l\u00e9gramme<\/li>\n<li><a href=\"https:\/\/news.google.com\/rss\/articles\/CBMirgFBVV95cUxOTE8xS0dzTlNtd0lNNnN3cFR6RkVoaFVJNlpCVUNNRVNMRHdMcHpYa2c2ZGU1U0tjaUZGNG9hSGNxazl2SHVEZF9XVTdESFZKU1Bfd1M5VWlYdV9NbXhwTmdXTUtJWEtwTWdONDRhZktYZ1dwUzVJTzRISjByS1pJaEFNUUYtcUVrRFlEQVdNRm1JNVZqeGVteDZ0bVFhWlMzMU1xSGxDbXlPX2lPVXc?oc=5\" target=\"_blank\" rel=\"noopener\">Essor Breton 22-25 mai 2025 les engag\u00e9s<\/a>&nbsp;&nbsp;Velopressecollection<\/li>\n<li><a href=\"https:\/\/news.google.com\/rss\/articles\/CBMivwFBVV95cUxNOVd3UGZVdnY2VmJQSUFvT29SNXZTU2h5U21CNUduN09TYnh1d3ZOZEtVY0cxYnVrTEZtNkhPRFhVd2VHR2g3SWRRVWU3TXZIZUQyeVhIRDcwcFBjeTAwc0tHZkRlZ3J0cXZOZUVuMXdfVkJhZER1TVlqRW1HdWF4VFlpTDVHc2hWS2s1d3dCTEI4X0s0c1ZKY3RvaTlKdDF3bFJUUzhSLWprdmp0Y3hYUnNjUFhwNE9aWW0yRzJZZw?oc=5\" target=\"_blank\" rel=\"noopener\">Les cyclistes de l\u2019Essor Breton feront \u00e9tape \u00e0 Elven le 22 mai<\/a>&nbsp;&nbsp;Le T\u00e9l\u00e9gramme<\/li>\n<\/ol>\n","protected":false},"excerpt":{"rendered":"Essor Breton : Les engag\u00e9s&nbsp;&nbsp;DirectVelo Essor Breton 22-25 mai 2025 guide technique&nbsp;&nbsp;Velopressecollection Grand-Champ se pr\u00e9pare \u00e0 accueillir le&hellip;\n","protected":false},"author":2,"featured_media":95934,"comment_status":"","ping_status":"","sticky":false,"template":"","format":"standard","meta":{"footnotes":""},"categories":[1411],"tags":[834,828,836,829,837,827,83,826,824,823,1154,207,814,817,815,816,822,821,832,211,839,1011,27,820,818,819,835,831,830,833,838,60,212,208,825],"class_list":{"0":"post-95933","1":"post","2":"type-post","3":"status-publish","4":"format-standard","5":"has-post-thumbnail","7":"category-cyclisme","8":"tag-attaque","9":"tag-belgique","10":"tag-braquet","11":"tag-bretagne","12":"tag-chute","13":"tag-competition","14":"tag-coupe-de-france","15":"tag-coureur","16":"tag-course-cyclisme","17":"tag-course-cycliste","18":"tag-cycling","19":"tag-cyclisme","20":"tag-direct","21":"tag-direct-velo","22":"tag-directvelo","23":"tag-directvelo-com","24":"tag-epreuve","25":"tag-epreuve-cycliste","26":"tag-federation-francaise-de-cyclisme","27":"tag-ffc","28":"tag-flandres","29":"tag-fr","30":"tag-france","31":"tag-live","32":"tag-live-course","33":"tag-live-epreuve","34":"tag-peloton","35":"tag-radio-peloton","36":"tag-radio-tour","37":"tag-ravitaillement","38":"tag-relance","39":"tag-sports","40":"tag-uci","41":"tag-velo","42":"tag-velos"},"share_on_mastodon":{"url":"https:\/\/pubeurope.com\/@fr\/114498671989937817","error":""},"_links":{"self":[{"href":"https:\/\/www.europesays.com\/fr\/wp-json\/wp\/v2\/posts\/95933","targetHints":{"allow":["GET"]}}],"collection":[{"href":"https:\/\/www.europesays.com\/fr\/wp-json\/wp\/v2\/posts"}],"about":[{"href":"https:\/\/www.europesays.com\/fr\/wp-json\/wp\/v2\/types\/post"}],"author":[{"embeddable":true,"href":"https:\/\/www.europesays.com\/fr\/wp-json\/wp\/v2\/users\/2"}],"replies":[{"embeddable":true,"href":"https:\/\/www.europesays.com\/fr\/wp-json\/wp\/v2\/comments?post=95933"}],"version-history":[{"count":0,"href":"https:\/\/www.europesays.com\/fr\/wp-json\/wp\/v2\/posts\/95933\/revisions"}],"wp:featuredmedia":[{"embeddable":true,"href":"https:\/\/www.europesays.com\/fr\/wp-json\/wp\/v2\/media\/95934"}],"wp:attachment":[{"href":"https:\/\/www.europesays.com\/fr\/wp-json\/wp\/v2\/media?parent=95933"}],"wp:term":[{"taxonomy":"category","embeddable":true,"href":"https:\/\/www.europesays.com\/fr\/wp-json\/wp\/v2\/categories?post=95933"},{"taxonomy":"post_tag","embeddable":true,"href":"https:\/\/www.europesays.com\/fr\/wp-json\/wp\/v2\/tags?post=95933"}],"curies":[{"name":"wp","href":"https:\/\/api.w.org\/{rel}","templated":true}]}}