{"id":959355,"date":"2026-05-27T04:38:17","date_gmt":"2026-05-27T04:38:17","guid":{"rendered":"https:\/\/www.europesays.com\/fr\/959355\/"},"modified":"2026-05-27T04:38:17","modified_gmt":"2026-05-27T04:38:17","slug":"dun-cap-tailleur-de-pierre-a-larchitecture-a-pont-aven-sophie-carre-sublime-les-maisons-depuis-plus-de-20-ans","status":"publish","type":"post","link":"https:\/\/www.europesays.com\/fr\/959355\/","title":{"rendered":"D\u2019un CAP tailleur de pierre \u00e0 l\u2019architecture\u2009: \u00e0 Pont-Aven, Sophie Carr\u00e9 sublime les maisons depuis plus de 20 ans"},"content":{"rendered":"<p>Install\u00e9e depuis le d\u00e9but de l\u2019ann\u00e9e au 21 rue des Abb\u00e9s Tanguy, \u00e0 Pont-Aven (Finist\u00e8re), l\u2019agence Carr\u00e9 fait partie du paysage depuis plus de vingt\u00a0ans. <strong>\u00ab\u00a0J\u2019ai commenc\u00e9 par un CAP tailleur de pierre. Mais je me suis rapidement pos\u00e9 cette question\u00a0: comment vieillir en travaillant\u00a0? Je manquais de rep\u00e8re, d\u2019image f\u00e9minine qui vieillit au travail, alors je me suis dirig\u00e9e vers l\u2019architecture\u00a0\u00bb,<\/strong> relate Sophie Carr\u00e9.<\/p>\n<p>Elle entend parfois\u00a0: <strong>\u00ab\u00a0Je viens vous voir parce que vous \u00eates une femme.\u00a0\u00bb <\/strong>C\u2019est d\u2019ailleurs \u00e0 deux autres femmes qu\u2019elle transmet son savoir et son exp\u00e9rience en privil\u00e9giant les \u00e9changes, dans un esprit de transparence.<\/p>\n<p>        R\u00e9nover une maison charg\u00e9e d\u2019histoire<\/p>\n<p>L\u2019agence est sp\u00e9cialis\u00e9e dans la r\u00e9novation et l\u2019extension. <strong>\u00ab\u00a0Cette orientation s\u2019est impos\u00e9e parce qu\u2019il y a tr\u00e8s peu de terrains hors lotissement dans le secteur. D\u2019une logique de march\u00e9 est n\u00e9 un v\u00e9ritable plaisir\u00a0! Le projet na\u00eet de la contrainte. On fait du sur-mesure\u00a0\u00bb<\/strong>, assure Sophie Carr\u00e9.<\/p>\n<p><strong>Lire aussi :<\/strong> <a href=\"https:\/\/www.ouest-france.fr\/bretagne\/pont-aven-29930\/apres-les-inondations-de-lhiver-une-renaissance-pour-cette-table-etoilee-du-finistere-5671729e-5679-11f1-a4a7-f780c203d7d6\" rel=\"nofollow noopener\" target=\"_blank\">Apr\u00e8s les inondations de l\u2019hiver, \u00ab une renaissance \u00bb pour cette table \u00e9toil\u00e9e du Finist\u00e8re<\/a><\/p>\n<p>En 2004, elle s\u2019associe avec Andr\u00e9 Potin, architecte d\u2019int\u00e9rieur et cr\u00e9ateur du magasin Id\u00e9es.<strong> \u00ab\u00a0On travaillait dans le m\u00eame bureau. \u00c0 nous deux, on s\u2019occupait de tout, de la maison \u00e0 la petite cuill\u00e8re, selon son expression. Deux g\u00e9n\u00e9rations rassembl\u00e9es dans une recherche d\u2019\u00e9quilibre et de proportion\u00a0\u00bb,<\/strong> se souvient l\u2019architecte.<\/p>\n<p>Apr\u00e8s seize\u00a0ans pass\u00e9s place Julia, l\u2019opportunit\u00e9 de r\u00e9nover une maison charg\u00e9e d\u2019histoire se pr\u00e9sente. L\u2019agence occupe d\u00e9sormais le lieu o\u00f9 \u00e0 v\u00e9cu et cr\u00e9\u00e9 Berthe Savigny. <strong>\u00ab\u00a0On a tous un historique avec ses anciennes maisons, surtout celle dans laquelle on a grandi. On r\u00e9fl\u00e9chit beaucoup \u00e0 \u00e7a lorsqu\u2019on dessine des maisons invers\u00e9es\u00a0\u00bb, <\/strong>poursuit\u00a0l\u2019architecte.<\/p>\n<p>        \u00ab\u00a0Les gens poussent plus facilement la porte \u00bb<\/p>\n<p>L\u2019engagement r\u00e9ciproque avec le client est primordial et les \u00e9changes nombreux. <strong>\u00ab\u00a0On travaille beaucoup in situ. Les perspectives, l\u2019apport de lumi\u00e8re, les vues\u2026 La r\u00e9flexion sur les cheminements permet d\u2019optimiser les espaces. On dessine la cuisine et surtout, on pose le canap\u00e9\u00a0!\u00a0\u00bb<\/strong> d\u00e9crit Sophie Carr\u00e9.<\/p>\n<p><strong>Lire aussi :<\/strong> <a href=\"https:\/\/www.ouest-france.fr\/bretagne\/concarneau-29900\/etre-a-lecoute-des-besoins-olivier-bellec-fixe-les-priorites-du-nouveau-mandat-pour-lagglomeration-de-concarneau-b6389710-55bc-11f1-b3d6-3bcc124ee9cc\" rel=\"nofollow noopener\" target=\"_blank\">\u00ab \u00c9couter les besoins \u00bb : Olivier Bellec fixe les priorit\u00e9s du nouveau mandat pour l\u2019agglom\u00e9ration de Concarneau<\/a><\/p>\n<p>L\u2019architecte \u00e9prouve un profond respect pour les artisans. <strong>\u00ab\u00a0Ce sont des m\u00e9tiers complexes, on les int\u00e8gre souvent \u00e0 la r\u00e9flexion. D\u2019autant que la p\u00e9riode est difficile, les prix augmentent n\u2019importe quand. Avant, c\u2019\u00e9tait deux fois par an\u00a0\u00bb<\/strong>, t\u00e9moigne celle qui a vu \u00e9voluer les mat\u00e9riaux et les r\u00e9glementions mais aussi les comportements.<\/p>\n<p><strong>\u00ab\u00a0Les gens poussent plus facilement la porte. Les \u00e9missions t\u00e9l\u00e9 ont fait bouger les lignes\u00a0\u00bb,<\/strong> conclut-elle en souriant.<\/p>\n<p>Informations : <a href=\"https:\/\/www.carre-architecture.com\/\" rel=\"nofollow noopener\" target=\"_blank\">https:\/\/www.carre-architecture.com\/<\/a><\/p>\n","protected":false},"excerpt":{"rendered":"Install\u00e9e depuis le d\u00e9but de l\u2019ann\u00e9e au 21 rue des Abb\u00e9s Tanguy, \u00e0 Pont-Aven (Finist\u00e8re), l\u2019agence Carr\u00e9 fait&hellip;\n","protected":false},"author":2,"featured_media":959356,"comment_status":"","ping_status":"","sticky":false,"template":"","format":"standard","meta":{"footnotes":"","_share_on_mastodon":"0"},"categories":[1358],"tags":[1350,1348,1384,1385,3322,1386,58,59,1011,27,8278],"class_list":["post-959355","post","type-post","status-publish","format-standard","has-post-thumbnail","category-arts-et-design","tag-architecture","tag-arts","tag-arts-and-design","tag-arts-et-design","tag-concarneau","tag-design","tag-divertissement","tag-entertainment","tag-fr","tag-france","tag-pont-aven"],"share_on_mastodon":{"url":"https:\/\/pubeurope.com\/@fr\/116644695525549111","error":""},"_links":{"self":[{"href":"https:\/\/www.europesays.com\/fr\/wp-json\/wp\/v2\/posts\/959355","targetHints":{"allow":["GET"]}}],"collection":[{"href":"https:\/\/www.europesays.com\/fr\/wp-json\/wp\/v2\/posts"}],"about":[{"href":"https:\/\/www.europesays.com\/fr\/wp-json\/wp\/v2\/types\/post"}],"author":[{"embeddable":true,"href":"https:\/\/www.europesays.com\/fr\/wp-json\/wp\/v2\/users\/2"}],"replies":[{"embeddable":true,"href":"https:\/\/www.europesays.com\/fr\/wp-json\/wp\/v2\/comments?post=959355"}],"version-history":[{"count":0,"href":"https:\/\/www.europesays.com\/fr\/wp-json\/wp\/v2\/posts\/959355\/revisions"}],"wp:featuredmedia":[{"embeddable":true,"href":"https:\/\/www.europesays.com\/fr\/wp-json\/wp\/v2\/media\/959356"}],"wp:attachment":[{"href":"https:\/\/www.europesays.com\/fr\/wp-json\/wp\/v2\/media?parent=959355"}],"wp:term":[{"taxonomy":"category","embeddable":true,"href":"https:\/\/www.europesays.com\/fr\/wp-json\/wp\/v2\/categories?post=959355"},{"taxonomy":"post_tag","embeddable":true,"href":"https:\/\/www.europesays.com\/fr\/wp-json\/wp\/v2\/tags?post=959355"}],"curies":[{"name":"wp","href":"https:\/\/api.w.org\/{rel}","templated":true}]}}