{"id":95937,"date":"2025-05-13T04:38:10","date_gmt":"2025-05-13T04:38:10","guid":{"rendered":"https:\/\/www.europesays.com\/fr\/95937\/"},"modified":"2025-05-13T04:38:10","modified_gmt":"2025-05-13T04:38:10","slug":"leila-bekhti-richard-gere-javier-bardem-des-stars-du-cinema-denoncent-le-silence-face-au-genocide-a-gaza-dans-une-tribune-2","status":"publish","type":"post","link":"https:\/\/www.europesays.com\/fr\/95937\/","title":{"rendered":"Le\u00efla Bekhti, Richard Gere, Javier Bardem&#8230; Des stars du cin\u00e9ma d\u00e9noncent le \u00ab\u00a0silence\u00a0\u00bb face au \u00ab\u00a0g\u00e9nocide\u00a0\u00bb \u00e0 Gaza dans une tribune"},"content":{"rendered":"<p><img decoding=\"async\" class=\"caas-img caas-lazy has-preview\" src=\"https:\/\/www.europesays.com\/fr\/wp-content\/uploads\/2025\/05\/af4103c97c4c4110ff1a3cdf0620ff4f.jpeg\"\/><\/p>\n<p>Plusieurs stars du cin\u00e9ma mondial, dont Pedro Almodovar, Susan Sarandon et Richard Gere, d\u00e9noncent le \u00ab\u00a0silence\u00a0\u00bb du monde de la culture face au \u00ab\u00a0g\u00e9nocide\u00a0\u00bb \u00e0 Gaza, dans une tribune publi\u00e9e dans l&rsquo;\u00e9dition de mardi 13 mai du quotidien fran\u00e7ais Lib\u00e9ration pour l&rsquo;ouverture du <a data-i13n=\"cpos:1;pos:1\" href=\"https:\/\/www.bfmtv.com\/people\/festival-de-cannes_DN-202108310628.html\" rel=\"nofollow noopener\" target=\"_blank\" data-ylk=\"slk:Festival de Cannes;cpos:1;pos:1;elm:context_link;itc:0;sec:content-canvas\" class=\"link \">Festival de Cannes<\/a>.<\/p>\n<p>\u00ab\u00a0Nous artistes et acteur.ice.s de la culture, nous ne pouvons rester silencieux.se.s tandis qu&rsquo;un g\u00e9nocide est en cours \u00e0 Gaza\u00a0\u00bb, indique ce texte cosign\u00e9 par quelque 380 artistes, dont le cin\u00e9aste su\u00e9dois laur\u00e9at de deux Palmes d&rsquo;or <a data-i13n=\"cpos:2;pos:1\" href=\"https:\/\/www.bfmtv.com\/people\/cinema\/the-square-de-ruben-ostlund_AN-201705090062.html\" rel=\"nofollow noopener\" target=\"_blank\" data-ylk=\"slk:Ruben \u00d6stlund;cpos:2;pos:1;elm:context_link;itc:0;sec:content-canvas\" class=\"link \">Ruben \u00d6stlund<\/a>, le r\u00e9alisateur canadien <a data-i13n=\"cpos:3;pos:1\" href=\"https:\/\/fr.news.yahoo.com\/cest-choquant-david-cronenberg-secoue-063656993.html\" data-ylk=\"slk:David Cronenberg;cpos:3;pos:1;elm:context_link;itc:0;sec:content-canvas;outcm:mb_qualified_link;_E:mb_qualified_link;ct:story;\" class=\"link  yahoo-link\" rel=\"nofollow noopener\" target=\"_blank\">David Cronenberg<\/a> et l&rsquo;acteur espagnol <a data-i13n=\"cpos:4;pos:1\" href=\"https:\/\/fr.news.yahoo.com\/javier-bardem-remporte-prix-goya-121140515.html\" data-ylk=\"slk:Javier Bardem;cpos:4;pos:1;elm:context_link;itc:0;sec:content-canvas;outcm:mb_qualified_link;_E:mb_qualified_link;ct:story;\" class=\"link  yahoo-link\" rel=\"nofollow noopener\" target=\"_blank\">Javier Bardem<\/a>.<\/p>\n<p>Leur tribune rend hommage \u00e0 la photojournaliste palestinienne Fatima Hassouna, tu\u00e9e dans un bombardement isra\u00e9lien mi-avril et h\u00e9ro\u00efne d&rsquo;un documentaire programm\u00e9 dans le cadre du festival de Cannes, qui d\u00e9bute mardi.<\/p>\n<p>\u00ab\u00a0Dix de ses proches, dont sa s\u0153ur enceinte ont \u00e9t\u00e9 tu\u00e9.es par cette m\u00eame frappe isra\u00e9lienne\u00a0\u00bb, indique la tribune.<\/p>\n<p>\u00ab\u00a0Une telle passivit\u00e9 nous fait honte\u00a0\u00bb<\/p>\n<p>Selon un des collectifs \u00e0 l&rsquo;origine du texte, la pr\u00e9sidente du jury cannois, l&rsquo;actrice fran\u00e7aise <a data-i13n=\"cpos:5;pos:1\" href=\"https:\/\/fr.news.yahoo.com\/juliette-binoche-tom-cruise-veille-083103752.html\" data-ylk=\"slk:Juliette Binoche;cpos:5;pos:1;elm:context_link;itc:0;sec:content-canvas;outcm:mb_qualified_link;_E:mb_qualified_link;ct:story;\" class=\"link  yahoo-link\" rel=\"nofollow noopener\" target=\"_blank\">Juliette Binoche<\/a>, faisait initialement partie des signataires mais son nom ne figure pas parmi les 34 personnalit\u00e9s d\u00e9voil\u00e9es dans l&rsquo;\u00e9dition de Lib\u00e9ration.<\/p>\n<p>La tribune s&rsquo;\u00e9meut \u00e9galement de \u00ab\u00a0l&rsquo;absence de soutien\u00a0\u00bb de l&rsquo;Acad\u00e9mie des Oscars quand le Palestinien Hamdan Ballal a \u00e9t\u00e9 attaqu\u00e9 par des colons isra\u00e9liens fin mars, quelques jours apr\u00e8s avoir \u00e9t\u00e9 oscaris\u00e9 pour son documentaire No Other Land. \u00ab\u00a0Une telle passivit\u00e9 nous fait honte\u00a0\u00bb, \u00e9crivent les signataires.<\/p>\n<p>\u00ab\u00a0Pourquoi le cin\u00e9ma, vivier d&rsquo;\u0153uvres sociales, engag\u00e9es, para\u00eet se d\u00e9sint\u00e9resser de l&rsquo;horreur du r\u00e9el, de l&rsquo;oppression subie par nos cons\u0153urs et confr\u00e8res?\u00a0\u00bb, s&rsquo;interrogent-ils, appelant \u00e0 agir \u00ab\u00a0pour toutes celles et ceux qui meurent dans l&rsquo;indiff\u00e9rence\u00a0\u00bb. \u00ab\u00a0Le cin\u00e9ma se doit de porter leurs messages\u00a0\u00bb, \u00e9crivent-ils.<\/p>\n<p>La guerre \u00e0 Gaza a \u00e9t\u00e9 provoqu\u00e9e par l&rsquo;attaque sans pr\u00e9c\u00e9dent men\u00e9e le 7 octobre 2023 par le Hamas qui a entra\u00een\u00e9 la mort de 1.218 personnes c\u00f4t\u00e9 isra\u00e9lien, en majorit\u00e9 des civils, selon un d\u00e9compte de l&rsquo;AFP bas\u00e9 sur des donn\u00e9es officielles.<\/p>\n<p>Plus de 50.000 morts \u00e0 Gaza<\/p>\n<p>Les repr\u00e9sailles isra\u00e9liennes ont fait <a data-i13n=\"cpos:6;pos:1\" href=\"https:\/\/fr.news.yahoo.com\/gaza-cap-50-000-morts-150533706.html\" data-ylk=\"slk:au moins 52.862 morts \u00e0 Gaza;cpos:6;pos:1;elm:context_link;itc:0;sec:content-canvas;outcm:mb_qualified_link;_E:mb_qualified_link;ct:story;\" class=\"link  yahoo-link\" rel=\"nofollow noopener\" target=\"_blank\">au moins 52.862 morts \u00e0 Gaza<\/a>, en majorit\u00e9 des civils, selon des donn\u00e9es publi\u00e9es dimanche par le minist\u00e8re de la Sant\u00e9 du Hamas, jug\u00e9es fiables par l&rsquo;ONU.<\/p>\n<p>Plusieurs ONG internationales, dont Amnesty International et Human Rights Watch, affirment qu&rsquo;Isra\u00ebl a commis <a data-i13n=\"cpos:7;pos:1\" href=\"https:\/\/fr.news.yahoo.com\/cour-justice-lonu-appelle-isra%C3%ABl-134124164.html\" data-ylk=\"slk:des actes de &quot;g\u00e9nocide&quot; \u00e0 Gaza;cpos:7;pos:1;elm:context_link;itc:0;sec:content-canvas;outcm:mb_qualified_link;_E:mb_qualified_link;ct:story;\" class=\"link  yahoo-link\" rel=\"nofollow noopener\" target=\"_blank\">des actes de \u00ab\u00a0g\u00e9nocide\u00a0\u00bb \u00e0 Gaza<\/a>, une accusation rejet\u00e9e par l&rsquo;\u00c9tat isra\u00e9lien qui d\u00e9nonce des \u00ab\u00a0mensonges sans fondement\u00a0\u00bb.<\/p>\n<p>En 2014 d\u00e9j\u00e0, Pedro Almodovar et des dizaines d\u2019autres artistes avaient pris position contre l\u2019op\u00e9ration <a data-i13n=\"cpos:8;pos:1\" href=\"https:\/\/www.bfmtv.com\/international\/moyen-orient\/palestine\/gaza-bordure-protectrice-racontee-par-bfmtv_AN-201408100002.html\" rel=\"nofollow noopener\" target=\"_blank\" data-ylk=\"slk:&quot;Bordure protectrice&quot;;cpos:8;pos:1;elm:context_link;itc:0;sec:content-canvas\" class=\"link \">\u00ab\u00a0Bordure protectrice\u00a0\u00bb<\/a> men\u00e9e par l\u2019arm\u00e9e isra\u00e9lienne dans la bande de Gaza, dans une lettre ouverte.<\/p>\n<p><a data-i13n=\"cpos:9;pos:1\" href=\"https:\/\/www.bfmtv.com\/international\/moyen-orient\/palestine\/leila-bekhti-richard-gere-javier-bardem-des-stars-du-cinema-denoncent-le-silence-face-au-genocide-a-gaza-dans-une-tribune_AD-202505120865.html#xtor=AL-68\" rel=\"nofollow noopener\" target=\"_blank\" data-ylk=\"slk:Article original publi\u00e9 sur BFMTV.com;cpos:9;pos:1;elm:context_link;itc:0;sec:content-canvas\" class=\"link \">Article original publi\u00e9 sur BFMTV.com<\/a><\/p>\n","protected":false},"excerpt":{"rendered":"Plusieurs stars du cin\u00e9ma mondial, dont Pedro Almodovar, Susan Sarandon et Richard Gere, d\u00e9noncent le \u00ab\u00a0silence\u00a0\u00bb du monde&hellip;\n","protected":false},"author":2,"featured_media":95938,"comment_status":"","ping_status":"","sticky":false,"template":"","format":"standard","meta":{"footnotes":""},"categories":[1359],"tags":[20918,58,59,5634,1011,27,665,20915,973,20917,20916],"class_list":{"0":"post-95937","1":"post","2":"type-post","3":"status-publish","4":"format-standard","5":"has-post-thumbnail","7":"category-people","8":"tag-david-cronenberg","9":"tag-divertissement","10":"tag-entertainment","11":"tag-festival-de-cannes","12":"tag-fr","13":"tag-france","14":"tag-gaza","15":"tag-pedro-almodovar","16":"tag-people","17":"tag-richard-gere","18":"tag-susan-sarandon"},"share_on_mastodon":{"url":"https:\/\/pubeurope.com\/@fr\/114498679902833665","error":""},"_links":{"self":[{"href":"https:\/\/www.europesays.com\/fr\/wp-json\/wp\/v2\/posts\/95937","targetHints":{"allow":["GET"]}}],"collection":[{"href":"https:\/\/www.europesays.com\/fr\/wp-json\/wp\/v2\/posts"}],"about":[{"href":"https:\/\/www.europesays.com\/fr\/wp-json\/wp\/v2\/types\/post"}],"author":[{"embeddable":true,"href":"https:\/\/www.europesays.com\/fr\/wp-json\/wp\/v2\/users\/2"}],"replies":[{"embeddable":true,"href":"https:\/\/www.europesays.com\/fr\/wp-json\/wp\/v2\/comments?post=95937"}],"version-history":[{"count":0,"href":"https:\/\/www.europesays.com\/fr\/wp-json\/wp\/v2\/posts\/95937\/revisions"}],"wp:featuredmedia":[{"embeddable":true,"href":"https:\/\/www.europesays.com\/fr\/wp-json\/wp\/v2\/media\/95938"}],"wp:attachment":[{"href":"https:\/\/www.europesays.com\/fr\/wp-json\/wp\/v2\/media?parent=95937"}],"wp:term":[{"taxonomy":"category","embeddable":true,"href":"https:\/\/www.europesays.com\/fr\/wp-json\/wp\/v2\/categories?post=95937"},{"taxonomy":"post_tag","embeddable":true,"href":"https:\/\/www.europesays.com\/fr\/wp-json\/wp\/v2\/tags?post=95937"}],"curies":[{"name":"wp","href":"https:\/\/api.w.org\/{rel}","templated":true}]}}