{"id":95939,"date":"2025-05-13T04:39:22","date_gmt":"2025-05-13T04:39:22","guid":{"rendered":"https:\/\/www.europesays.com\/fr\/95939\/"},"modified":"2025-05-13T04:39:22","modified_gmt":"2025-05-13T04:39:22","slug":"la-ville-pas-si-lumiere-du-photographe-younes-klouche","status":"publish","type":"post","link":"https:\/\/www.europesays.com\/fr\/95939\/","title":{"rendered":"La ville pas si lumi\u00e8re du photographe Youn\u00e8s Klouche"},"content":{"rendered":"<p>              <a tabindex=\"-1\" title=\"Rinny Gremaud\" href=\"https:\/\/www.letemps.ch\/profil\/rinny-gremaud\" target=\"_blank\" rel=\"noopener\"><\/p>\n<p>                    <img decoding=\"async\" src=\"https:\/\/www.europesays.com\/fr\/wp-content\/uploads\/2025\/05\/1747111162_626_small.jpeg\" class=\"lazy\" alt=\"\"\/><\/p>\n<p><\/a>        <\/p>\n<p>    Publi\u00e9 le 10 mai 2025 \u00e0 16:35. \/ Modifi\u00e9 le 10 mai 2025 \u00e0 20:09.<\/p>\n<p> 1 min. de lecture<\/p>\n<p>N\u00e9 \u00e0 Lausanne, Youn\u00e8s Klouche se forme \u00e0 la photographie \u00e0 l\u2019Ecole cantonale d\u2019art de Lausanne (ECAL), avant de s\u2019installer \u00e0 Paris en 2017. C\u2019est l\u00e0 que na\u00eet Panamera, une s\u00e9rie d\u2019images collectionn\u00e9es sans pr\u00e9m\u00e9ditation au fil de ses explorations urbaines. \u00abJe faisais ces images pour moi, pour garder une trace de cette p\u00e9riode de ma vie dont je devinais alors qu\u2019elle allait \u00eatre importante pour moi.\u00bb<\/p>\n<p>Guid\u00e9 par sa curiosit\u00e9 pour l\u2019urbanisme et l\u2019architecture, il arpente la ville et ses p\u00e9riph\u00e9ries, muni d\u2019une liste de b\u00e2timents singuliers, de lieux \u00e0 visiter. D\u2019un naturel discret, voire timide, il saisit les silhouettes humaines de dos, de loin, sans mise en sc\u00e8ne, ce qui conf\u00e8re \u00e0 ses images leur dimension doucement contemplative. \u00abCe n\u2019est que dans un second temps, au moment de faire l\u2019assemblage de toute cette mati\u00e8re photographique, que j\u2019ai compris le sens que je voulais lui donner.\u00bb<\/p>\n<p>    La suite de l&rsquo;article vous int\u00e9resse?<\/p>\n<p>Tout comprendre, mieux s\u2019informer: acc\u00e9dez au meilleur du journalisme suisse avec notre offre combin\u00e9e <b>Le Temps &amp; Heidi.news<\/b>. &#13;\n<\/p>\n<p>Abonnez-vous en quelques clics et payez facilement avec <b>Twint<\/b>.<\/p>\n<p>    <a class=\"button is-secondary\" data-event=\"click-&gt;clicked\" href=\"https:\/\/www.letemps.ch\/abonnements?wall_id=1\" target=\"_blank\" rel=\"noopener\">Je m\u2019abonne<\/a><\/p>\n<p class=\"post-subscribe__login\">\n        Vous avez d\u00e9j\u00e0 un compte ?<br \/>\n        <a class=\"link\" rel=\"nofollow noopener\" href=\"https:\/\/www.letemps.ch\/compte\/connexion?return_to=https%3A%2F%2Fwww.letemps.ch%2Fculture%2Fla-ville-pas-si-lumiere-du-photographe-younes-klouche\" target=\"_blank\">Se connecter<\/a>\n      <\/p>\n","protected":false},"excerpt":{"rendered":"Publi\u00e9 le 10 mai 2025 \u00e0 16:35. \/ Modifi\u00e9 le 10 mai 2025 \u00e0 20:09. 1 min. de&hellip;\n","protected":false},"author":2,"featured_media":95940,"comment_status":"","ping_status":"","sticky":false,"template":"","format":"standard","meta":{"footnotes":""},"categories":[1358],"tags":[1350,1348,1384,1385,1386,58,59,1011,27,300,1756,301,299],"class_list":{"0":"post-95939","1":"post","2":"type-post","3":"status-publish","4":"format-standard","5":"has-post-thumbnail","7":"category-arts-et-design","8":"tag-architecture","9":"tag-arts","10":"tag-arts-and-design","11":"tag-arts-et-design","12":"tag-design","13":"tag-divertissement","14":"tag-entertainment","15":"tag-fr","16":"tag-france","17":"tag-le-magazine-du-temps","18":"tag-photographie","19":"tag-premium","20":"tag-t"},"share_on_mastodon":{"url":"https:\/\/pubeurope.com\/@fr\/114498683790056910","error":""},"_links":{"self":[{"href":"https:\/\/www.europesays.com\/fr\/wp-json\/wp\/v2\/posts\/95939","targetHints":{"allow":["GET"]}}],"collection":[{"href":"https:\/\/www.europesays.com\/fr\/wp-json\/wp\/v2\/posts"}],"about":[{"href":"https:\/\/www.europesays.com\/fr\/wp-json\/wp\/v2\/types\/post"}],"author":[{"embeddable":true,"href":"https:\/\/www.europesays.com\/fr\/wp-json\/wp\/v2\/users\/2"}],"replies":[{"embeddable":true,"href":"https:\/\/www.europesays.com\/fr\/wp-json\/wp\/v2\/comments?post=95939"}],"version-history":[{"count":0,"href":"https:\/\/www.europesays.com\/fr\/wp-json\/wp\/v2\/posts\/95939\/revisions"}],"wp:featuredmedia":[{"embeddable":true,"href":"https:\/\/www.europesays.com\/fr\/wp-json\/wp\/v2\/media\/95940"}],"wp:attachment":[{"href":"https:\/\/www.europesays.com\/fr\/wp-json\/wp\/v2\/media?parent=95939"}],"wp:term":[{"taxonomy":"category","embeddable":true,"href":"https:\/\/www.europesays.com\/fr\/wp-json\/wp\/v2\/categories?post=95939"},{"taxonomy":"post_tag","embeddable":true,"href":"https:\/\/www.europesays.com\/fr\/wp-json\/wp\/v2\/tags?post=95939"}],"curies":[{"name":"wp","href":"https:\/\/api.w.org\/{rel}","templated":true}]}}