{"id":9594,"date":"2025-04-08T07:16:08","date_gmt":"2025-04-08T07:16:08","guid":{"rendered":"https:\/\/www.europesays.com\/fr\/9594\/"},"modified":"2025-04-08T07:16:08","modified_gmt":"2025-04-08T07:16:08","slug":"le-trafic-routier-passe-a-la-loupe","status":"publish","type":"post","link":"https:\/\/www.europesays.com\/fr\/9594\/","title":{"rendered":"le trafic routier pass\u00e9 \u00e0 la loupe"},"content":{"rendered":"<p>            Par<br \/>\n        <strong><br \/>\n            <a href=\"https:\/\/actu.fr\/auteur\/laurene-fertin\" title=\"Consulter tous les articles de Laur\u00e8ne Fertin\" target=\"_blank\" rel=\"noopener\">Laur\u00e8ne Fertin<\/a><br \/>\n        <\/strong><\/p>\n<p>        Publi\u00e9 le<\/p>\n<p>            8 avr. 2025 \u00e0 7h44        <\/p>\n<p>Automobilistes, cyclistes, pi\u00e9tons\u2026 Les d\u00e9placements \u00e0 Rennes et sa m\u00e9tropole font l\u2019objet de <strong>vifs d\u00e9bats.<\/strong> Que ce soit \u00e0 propos de la <a href=\"https:\/\/actu.fr\/bretagne\/rennes_35238\/zfe-de-rennes-metropole-1-500-vehicules-ne-pourront-plus-rouler-au-1er-janvier-etes-vous-concerne_61657326.html\" target=\"_blank\" rel=\"noopener\">ZFE<\/a>, ou encore <a href=\"https:\/\/actu.fr\/bretagne\/rennes_35238\/50-verbalisations-en-une-heure-voici-les-infractions-les-plus-relevees-par-la-police-de-rennes_61986166.html\" target=\"_blank\" rel=\"noopener\">des contr\u00f4les effectu\u00e9s<\/a> aupr\u00e8s des cyclistes \u2013 faisant parfois l\u2019objet <a href=\"https:\/\/actu.fr\/bretagne\/rennes_35238\/les-amendes-sont-disproportionnees-a-rennes-les-cyclistes-verbalises-par-la-police-sont-en-colere_61699785.html\" target=\"_blank\" rel=\"noopener\">d\u2019amendes sal\u00e9es<\/a> \u2013 le trafic routier ne manque pas d\u2019alimenter les conversations. Trop de voitures, trop de v\u00e9los, rocade satur\u00e9e\u2026<\/p>\n<p class=\" wall-content\">Dans un communiqu\u00e9 de presse, la M\u00e9tropole de Rennes dresse <strong>un tableau<\/strong> des d\u00e9placements effectu\u00e9s par les Rennais (es) au sein de la capitale bretonne et des communes attenantes. Tableau pilot\u00e9 par l\u2019Audiar (l\u2019agence d\u2019urbanisme de Rennes) des d\u00e9placements urbains depuis 2020 dans le cadre de son Plan \u00e9ponyme sur la p\u00e9riode 2020 \u00e0 2030.<\/p>\n<p class=\" wall-content\">Si <strong>les trajets \u00e0 v\u00e9lo<\/strong> sont en constante <strong>augmentation,<\/strong> a contrario, les trajets r\u00e9alis\u00e9s par les v\u00e9hicules baissent consid\u00e9rablement. La r\u00e9daction d\u2019<a href=\"https:\/\/actu.fr\/rennes\/\" target=\"_blank\" rel=\"noopener\">actu Rennes<\/a> vous indique les chiffres \u00e0 retenir.<\/p>\n<p>Une des villes fran\u00e7aises o\u00f9 l\u2019on utilise le moins la voiture<\/p>\n<p class=\" wall-content\">Selon les r\u00e9sultats de <strong>l\u2019enqu\u00eate Fr\u00e9quence +<\/strong>\u00a0r\u00e9alis\u00e9e en <strong>2023,<\/strong> l\u2019utilisation de la voiture est \u00ab\u2009en baisse notable\u2009\u00bb dans Rennes M\u00e9tropole. Ce ph\u00e9nom\u00e8ne est <strong>\u00ab\u2009particuli\u00e8rement marqu\u00e9\u2009\u00bb<\/strong> dans <strong>l\u2019intra-rocade<\/strong> et au-del\u00e0 de la <strong>rocade.<\/strong><\/p>\n<p class=\" wall-content\">Au total, <strong>47,2\u2009% des M\u00e9tropolitain (es)<\/strong> et <strong>31\u2009% des Rennais (es)<\/strong> prennent un v\u00e9hicule (incluant les deux-roues motoris\u00e9s) faisant de Rennes, selon l\u2019enqu\u00eate, \u00ab\u2009l\u2019une des villes fran\u00e7aises <strong>avec la plus faible part d\u2019utilisation de la voiture\u2009\u00bb.<\/strong><\/p>\n<p>Vid\u00e9os : en ce moment sur ActuBaisse des v\u00e9hicules, baisse des distances parcourues<\/p>\n<p class=\" wall-content\">Aussi, l\u2019\u00e9tude fait \u00e9tat \u00ab\u2009pour la premi\u00e8re fois\u2009\u00bb d\u2019un recul du trafic routier (rocades et entr\u00e9es d\u2019agglom\u00e9ration) avec <strong>une diminution de 2,2\u2009% du nombre de v\u00e9hicules<\/strong> entre\u00a02019 et\u00a02023.<\/p>\n<p class=\" wall-content\">De la m\u00eame fa\u00e7on, une \u00ab\u2009baisse significative\u2009\u00bb de l\u2019ensemble des <strong>distances parcourues<\/strong> en voiture par les habitants (es) de Rennes M\u00e9tropole a \u00e9t\u00e9 observ\u00e9e dans l\u2019intra-rocade \u2013 soit <strong>une diminution de 23\u2009%<\/strong> entre\u00a02019 et\u00a02023.<\/p>\n<p>Plus de transports en commun<\/p>\n<p class=\" wall-content\">Selon Rennes M\u00e9tropole, \u00ab\u2009l\u2019ouverture de la <strong>ligne b<\/strong> et la restructuration du r\u00e9seau de <strong>bus\u2009\u00bb<\/strong> ont entra\u00een\u00e9 \u00ab\u2009une forte augmentation\u2009\u00bb de la fr\u00e9quentation des transports en commun entre\u00a02021 et\u00a02022\u2009:<\/p>\n<ul class=\" wall-content\">\n<li>+ 23 % en semaine\u2009;<\/li>\n<li>+ 44 % le samedi\u2009;<\/li>\n<li>+ 41 % le dimanche.<\/li>\n<\/ul>\n<blockquote class=\"ac-article-quote wall-content\">\n<p>La fr\u00e9quentation a globalement continu\u00e9 de cro\u00eetre entre 2022 et 2024 (+8 % en semaine ; -1 % le samedi ; +15 % le dimanche).<\/p>\n<p>    <strong>Rennes M\u00e9tropole<\/strong>\n            <\/p><\/blockquote>\n<p class=\" wall-content\">Au total, <strong>103\u00a0millions de voyages<\/strong> ont \u00e9t\u00e9 comptabilis\u00e9s en <strong>2023.<\/strong><\/p>\n<p>Plus de trajets \u00e0 v\u00e9lo<\/p>\n<p class=\" wall-content\">\u00ab\u2009La fr\u00e9quentation des cyclistes continue sa progression de <strong>96\u2009%<\/strong> entre\u00a02019 et\u00a02024\u2009\u00bb, d\u00e9veloppe Rennes M\u00e9tropole.<\/p>\n<blockquote class=\"ac-article-quote wall-content\">\n<p>Soit une hausse de 15\u2009800 v\u00e9los pour un total de 32\u2009407 v\u00e9los en trafic moyen journalier en 2024.<\/p>\n<p>    <strong>Rennes M\u00e9tropole<\/strong>\n            <\/p><\/blockquote>\n<p class=\" wall-content\">Cela repr\u00e9sente une <strong>augmentation moyenne annuelle<\/strong> de<strong> 19\u2009%<\/strong> entre\u00a02019 et\u00a02023.<\/p>\n<p class=\" wall-content\">Enfin, <strong>30\u2009%<\/strong> de la fr\u00e9quentation cyclable observ\u00e9e repr\u00e9sente d\u00e9sormais <strong>les v\u00e9los \u00e0<\/strong> <strong>assistance \u00e9lectrique<\/strong> (VAE).<\/p>\n<p class=\" wall-content\">Du c\u00f4t\u00e9 <strong>pi\u00e9ton<\/strong>, <strong>la marche<\/strong> repr\u00e9sente<strong> 33,4\u2009%<\/strong> des d\u00e9placements sur les diff\u00e9rentes communes de la M\u00e9tropole.<\/p>\n<p class=\" wall-content\">Suivez toute l\u2019actualit\u00e9 de vos villes et m\u00e9dias favoris en vous inscrivant \u00e0 <a href=\"https:\/\/moncompte.actu.fr\" title=\"D\u00e9couvez Mon Actu\" rel=\"nofollow noopener\" data-trk=\"{&quot;cta&quot;:{&quot;action&quot;:&quot;https:\\\/\\\/moncompte.actu.fr&quot;,&quot;category&quot;:&quot;mon compte&quot;,&quot;from&quot;:&quot;article footer&quot;,&quot;name&quot;:&quot;Mon actu&quot;,&quot;type&quot;:&quot;cta&quot;}}\" target=\"_blank\">Mon Actu<\/a>.<\/p>\n","protected":false},"excerpt":{"rendered":"Par Laur\u00e8ne Fertin Publi\u00e9 le 8 avr. 2025 \u00e0 7h44 Automobilistes, cyclistes, pi\u00e9tons\u2026 Les d\u00e9placements \u00e0 Rennes et&hellip;\n","protected":false},"author":2,"featured_media":9595,"comment_status":"","ping_status":"","sticky":false,"template":"","format":"standard","meta":{"footnotes":""},"categories":[2821],"tags":[1111,11,646,829,1777,674,1011,27,12,4798,584,25,104,2433],"class_list":{"0":"post-9594","1":"post","2":"type-post","3":"status-publish","4":"format-standard","5":"has-post-thumbnail","7":"category-rennes","8":"tag-actu","9":"tag-actualites","10":"tag-automobile","11":"tag-bretagne","12":"tag-eu","13":"tag-europe","14":"tag-fr","15":"tag-france","16":"tag-news","17":"tag-pistes-cyclables","18":"tag-rennes","19":"tag-republique-francaise","20":"tag-societe","21":"tag-zone-a-faibles-emissions-zfe"},"share_on_mastodon":{"url":"https:\/\/pubeurope.com\/@fr\/114301120347519973","error":""},"_links":{"self":[{"href":"https:\/\/www.europesays.com\/fr\/wp-json\/wp\/v2\/posts\/9594","targetHints":{"allow":["GET"]}}],"collection":[{"href":"https:\/\/www.europesays.com\/fr\/wp-json\/wp\/v2\/posts"}],"about":[{"href":"https:\/\/www.europesays.com\/fr\/wp-json\/wp\/v2\/types\/post"}],"author":[{"embeddable":true,"href":"https:\/\/www.europesays.com\/fr\/wp-json\/wp\/v2\/users\/2"}],"replies":[{"embeddable":true,"href":"https:\/\/www.europesays.com\/fr\/wp-json\/wp\/v2\/comments?post=9594"}],"version-history":[{"count":0,"href":"https:\/\/www.europesays.com\/fr\/wp-json\/wp\/v2\/posts\/9594\/revisions"}],"wp:featuredmedia":[{"embeddable":true,"href":"https:\/\/www.europesays.com\/fr\/wp-json\/wp\/v2\/media\/9595"}],"wp:attachment":[{"href":"https:\/\/www.europesays.com\/fr\/wp-json\/wp\/v2\/media?parent=9594"}],"wp:term":[{"taxonomy":"category","embeddable":true,"href":"https:\/\/www.europesays.com\/fr\/wp-json\/wp\/v2\/categories?post=9594"},{"taxonomy":"post_tag","embeddable":true,"href":"https:\/\/www.europesays.com\/fr\/wp-json\/wp\/v2\/tags?post=9594"}],"curies":[{"name":"wp","href":"https:\/\/api.w.org\/{rel}","templated":true}]}}