{"id":95941,"date":"2025-05-13T04:40:12","date_gmt":"2025-05-13T04:40:12","guid":{"rendered":"https:\/\/www.europesays.com\/fr\/95941\/"},"modified":"2025-05-13T04:40:12","modified_gmt":"2025-05-13T04:40:12","slug":"guipavas-record-daffluence-pour-la-foire-aux-livres","status":"publish","type":"post","link":"https:\/\/www.europesays.com\/fr\/95941\/","title":{"rendered":"Guipavas. Record d\u2019affluence pour la foire aux livres"},"content":{"rendered":"<p>Les b\u00e9n\u00e9voles de l\u2019association Secours des Hommes \u00e9taient tout sourire dimanche soir \u00e0 la fermeture de leur foire aux livres.<\/p>\n<p>Pascal Eveilleau, l\u2019un des copr\u00e9sidents, se r\u00e9jouit\u00a0: \u00a0Avec 1\u00a0500\u00a0visiteurs, jamais nous n\u2019avions connu une telle affluence. C\u2019est tant mieux car cela va nous permettre d\u2019aider financi\u00e8rement des \u00e9coles \u00e0 Madagascar ou encore \u00e0 la cr\u00e9ation d\u2019ateliers de femmes au Cameroun, ce rendez-vous est d\u2019une grande importance pour nous.\u00a0<\/p>\n<p>Les \u00e9quipes ont profit\u00e9 de l\u2019occasion pour remettre les prix des concours de photo et de nouvelles. \u00a0Nous avons re\u00e7u des \u0153uvres de partout en France notre concours commence \u00e0 avoir sa petite notori\u00e9t\u00e9\u00a0, souligne Marguerite Cloarec, la responsable des concours.<\/p>\n<p>Au final c\u2019est la nouvelle Yaka \u00e9crire la libert\u00e9 de Laurence Tonnel qui a \u00e9t\u00e9 pl\u00e9biscit\u00e9e.<\/p>\n<p>Chez les adolescents, c\u2019est l\u2019atelier d\u2019\u00e9criture du coll\u00e8ge Saint-Charles qui a remport\u00e9 le prix.<\/p>\n<p>Le concours de photo avait pour th\u00e8me les portes et les fen\u00eatres symboles de l\u2019ouverture au monde. Serge Le Ray remporte le prix du jury et Brigitte Sauret le prix du public.<\/p>\n<p>\u00a0<\/p>\n","protected":false},"excerpt":{"rendered":"Les b\u00e9n\u00e9voles de l\u2019association Secours des Hommes \u00e9taient tout sourire dimanche soir \u00e0 la fermeture de leur foire&hellip;\n","protected":false},"author":2,"featured_media":95942,"comment_status":"","ping_status":"","sticky":false,"template":"","format":"standard","meta":{"footnotes":""},"categories":[1357],"tags":[20919,1379,3450,58,59,4434,1011,27,10368,1380,3241],"class_list":{"0":"post-95941","1":"post","2":"type-post","3":"status-publish","4":"format-standard","5":"has-post-thumbnail","7":"category-livres","8":"tag-affluence","9":"tag-books","10":"tag-brest","11":"tag-divertissement","12":"tag-entertainment","13":"tag-foire","14":"tag-fr","15":"tag-france","16":"tag-guipavas","17":"tag-livres","18":"tag-record"},"share_on_mastodon":{"url":"https:\/\/pubeurope.com\/@fr\/114498687672676216","error":""},"_links":{"self":[{"href":"https:\/\/www.europesays.com\/fr\/wp-json\/wp\/v2\/posts\/95941","targetHints":{"allow":["GET"]}}],"collection":[{"href":"https:\/\/www.europesays.com\/fr\/wp-json\/wp\/v2\/posts"}],"about":[{"href":"https:\/\/www.europesays.com\/fr\/wp-json\/wp\/v2\/types\/post"}],"author":[{"embeddable":true,"href":"https:\/\/www.europesays.com\/fr\/wp-json\/wp\/v2\/users\/2"}],"replies":[{"embeddable":true,"href":"https:\/\/www.europesays.com\/fr\/wp-json\/wp\/v2\/comments?post=95941"}],"version-history":[{"count":0,"href":"https:\/\/www.europesays.com\/fr\/wp-json\/wp\/v2\/posts\/95941\/revisions"}],"wp:featuredmedia":[{"embeddable":true,"href":"https:\/\/www.europesays.com\/fr\/wp-json\/wp\/v2\/media\/95942"}],"wp:attachment":[{"href":"https:\/\/www.europesays.com\/fr\/wp-json\/wp\/v2\/media?parent=95941"}],"wp:term":[{"taxonomy":"category","embeddable":true,"href":"https:\/\/www.europesays.com\/fr\/wp-json\/wp\/v2\/categories?post=95941"},{"taxonomy":"post_tag","embeddable":true,"href":"https:\/\/www.europesays.com\/fr\/wp-json\/wp\/v2\/tags?post=95941"}],"curies":[{"name":"wp","href":"https:\/\/api.w.org\/{rel}","templated":true}]}}