{"id":959410,"date":"2026-05-27T05:12:18","date_gmt":"2026-05-27T05:12:18","guid":{"rendered":"https:\/\/www.europesays.com\/fr\/959410\/"},"modified":"2026-05-27T05:12:18","modified_gmt":"2026-05-27T05:12:18","slug":"carquefou-a-partir-de-samedi-inscrivez-vous-a-lecole-de-musique","status":"publish","type":"post","link":"https:\/\/www.europesays.com\/fr\/959410\/","title":{"rendered":"Carquefou. \u00c0 partir de samedi, inscrivez-vous \u00e0 l\u2019\u00e9cole de musique"},"content":{"rendered":"<p>Samedi 30\u00a0mai, l\u2019\u00e9cole municipale de musique\u00a0(EMM) ouvrira ses portes et ses inscriptions pour la rentr\u00e9e 2026-2027.<\/p>\n<p>Avec 600\u00a0\u00e9l\u00e8ves et musiciens amateurs, l\u2019EMM propose de nombreuses activit\u00e9s pour d\u00e9couvrir et exp\u00e9rimenter la musique, se lancer dans la pratique d\u2019un instrument ou d\u2019une activit\u00e9 musicale, en amateur avec ou sans pr\u00e9requis de niveau.<\/p>\n<p>L\u2019occasion donn\u00e9e au public de rencontrer les vingt-quatre\u00a0enseignants, de d\u00e9couvrir toutes les activit\u00e9s et d\u2019essayer les instruments enseign\u00e9s. \u00c0 5 et 6\u00a0ans, les enfants peuvent d\u00e9couvrir la musique \u00e0 travers le mouvement et l\u2019expression corporelle. Une approche alternative \u00e0 l\u2019\u00e9veil musical favorise un apprentissage sensoriel et ludique des notions musicales.<\/p>\n<p>Pour les enfants \u00e2g\u00e9s de 7\u00a0ans, un parcours d\u00e9couverte est propos\u00e9 pour essayer les seize\u00a0instruments enseign\u00e9s et pour choisir son futur apprentissage musical en toute s\u00e9r\u00e9nit\u00e9\u00a0(le mercredi de 15\u00a0h\u00a015 \u00e0 16\u00a0h\u00a015). D\u00e8s 8\u00a0ans, les enfants peuvent d\u00e9marrer un instrument, tout comme les adultes.<\/p>\n<p>Contact\u00a0: \u00e9cole municipale de musique, Les Renaudi\u00e8res, 9,\u00a0all\u00e9e Aim\u00e9e-Antoinette \u00e0\u00a0Carquefou\u00a0; ecole.musique@mairie-carquefou.fr, 02\u00a028\u00a022\u00a024\u00a010, www.carquefou.fr.<\/p>\n<p>\u00a0<\/p>\n","protected":false},"excerpt":{"rendered":"Samedi 30\u00a0mai, l\u2019\u00e9cole municipale de musique\u00a0(EMM) ouvrira ses portes et ses inscriptions pour la rentr\u00e9e 2026-2027. Avec 600\u00a0\u00e9l\u00e8ves&hellip;\n","protected":false},"author":2,"featured_media":959411,"comment_status":"","ping_status":"","sticky":false,"template":"","format":"standard","meta":{"footnotes":"","_share_on_mastodon":"0"},"categories":[2818],"tags":[1111,11,3862,1122,1777,674,1011,27,53048,873,766,12,5537,2636,25,3982],"class_list":["post-959410","post","type-post","status-publish","format-standard","has-post-thumbnail","category-nantes","tag-actu","tag-actualites","tag-carquefou","tag-ecole","tag-eu","tag-europe","tag-fr","tag-france","tag-inscrivez-vous","tag-musique","tag-nantes","tag-news","tag-partir","tag-pays-de-la-loire","tag-republique-francaise","tag-samedi"],"share_on_mastodon":{"url":"https:\/\/pubeurope.com\/@fr\/116644829451766793","error":""},"_links":{"self":[{"href":"https:\/\/www.europesays.com\/fr\/wp-json\/wp\/v2\/posts\/959410","targetHints":{"allow":["GET"]}}],"collection":[{"href":"https:\/\/www.europesays.com\/fr\/wp-json\/wp\/v2\/posts"}],"about":[{"href":"https:\/\/www.europesays.com\/fr\/wp-json\/wp\/v2\/types\/post"}],"author":[{"embeddable":true,"href":"https:\/\/www.europesays.com\/fr\/wp-json\/wp\/v2\/users\/2"}],"replies":[{"embeddable":true,"href":"https:\/\/www.europesays.com\/fr\/wp-json\/wp\/v2\/comments?post=959410"}],"version-history":[{"count":0,"href":"https:\/\/www.europesays.com\/fr\/wp-json\/wp\/v2\/posts\/959410\/revisions"}],"wp:featuredmedia":[{"embeddable":true,"href":"https:\/\/www.europesays.com\/fr\/wp-json\/wp\/v2\/media\/959411"}],"wp:attachment":[{"href":"https:\/\/www.europesays.com\/fr\/wp-json\/wp\/v2\/media?parent=959410"}],"wp:term":[{"taxonomy":"category","embeddable":true,"href":"https:\/\/www.europesays.com\/fr\/wp-json\/wp\/v2\/categories?post=959410"},{"taxonomy":"post_tag","embeddable":true,"href":"https:\/\/www.europesays.com\/fr\/wp-json\/wp\/v2\/tags?post=959410"}],"curies":[{"name":"wp","href":"https:\/\/api.w.org\/{rel}","templated":true}]}}