{"id":95943,"date":"2025-05-13T04:41:24","date_gmt":"2025-05-13T04:41:24","guid":{"rendered":"https:\/\/www.europesays.com\/fr\/95943\/"},"modified":"2025-05-13T04:41:24","modified_gmt":"2025-05-13T04:41:24","slug":"paul-gomerieux-jimmy-dans-demain-nous-appartient-se-confie-sur-son-role-dans-un-si-grand-soleil","status":"publish","type":"post","link":"https:\/\/www.europesays.com\/fr\/95943\/","title":{"rendered":"Paul Gom\u00e9rieux (Jimmy dans Demain nous appartient) se confie sur son r\u00f4le dans Un si grand soleil"},"content":{"rendered":"<p>Depuis quelques \u00e9pisodes de Demain nous appartient sur TF1, une ombre potentielle plane au-dessus du couple phare de Jack et Rayane. L&rsquo;arriv\u00e9e inattendue de Jimmy (Paul Gom\u00e9rieux) dans leur vie, risque de cr\u00e9er quelques remous entre les deux lyc\u00e9ens.<\/p>\n<p>Dans <b>Demain nous appartient<\/b> sur TF1, qui accueillera bient\u00f4t <a href=\"https:\/\/www.programme-tv.net\/news\/series-tv\/377849-exclu-demain-nous-appartient-un-an-et-demi-apres-son-depart-alice-varela-judith-de-retour-cet-ete\/\" data-api-deeplink=\"teleloisirs:\/\/news\/377849\" target=\"_blank\" rel=\"noopener\">le retour d&rsquo;Alice Varela (Judith)<\/a>, voici plusieurs semaines que Rayane s&rsquo;est mis en t\u00eate de retrouver le jeune homme apparaissant sur une photo d&rsquo;identit\u00e9 retrouv\u00e9e dans un pantalon donn\u00e9 \u00e0 l&rsquo;association de Jack et Rayane. <a href=\"https:\/\/www.programme-tv.net\/news\/series-tv\/377731-demain-nous-appartient-en-avance-nordine-est-sauve-lizzie-retrouve-jimmy-le-resume-de-lepisode-1933-du-mercredi-30-avril-2025\/\" data-api-deeplink=\"teleloisirs:\/\/news\/377731\" target=\"_blank\" rel=\"noopener\">Ce dernier est parvenu \u00e0 ses fins gr\u00e2ce \u00e0 l&rsquo;aide de Lizzie<\/a> et a commenc\u00e9 \u00e0 discuter en ligne avec le myst\u00e9rieux <b>Jimmy (Paul Gom\u00e9rieux)<\/b>. Rayane et Jimmy se sont ainsi rencontr\u00e9s en secret et le courant passe vraiment bien entre eux. De l\u00e0 menacer le couple phare de Jack (Dimitri Fouque) et Rayane (Sasha Birdy) ?<\/p>\n<p>Demain nous appartient : Ce qui vous attend cette semaine dans l&rsquo;intrigue du triangle amoureux<\/p>\n<p><b>ATTENTION SPOILERS<\/b> ! Ne lisez pas la suite si vous voulez garder la surprise en regardant les \u00e9pisodes de Demain nous appartient de cette semaine. Dans l&rsquo;\u00e9pisode du vendredi 9 mai, Jimmy a embrass\u00e9 Rayane mais ce dernier est parti tout de suite apr\u00e8s. Cette semaine, Rayane continue \u00e0 mentir \u00e0 Jack et part rejoindre en secret Jimmy dans l&rsquo;\u00e9pisode du jeudi 15 mai. Rayane et ce dernier franchissent un nouveau cap&#8230; M\u00eame si l&rsquo;amoureux de Jack tente de mettre fin \u00e0 sa relation avec Jimmy, les choses ne s&rsquo;annoncent pas si simples.<\/p>\n<p>                        Demain nous appartient : \u00ab\u00a0Certains fans de Jack et Rayane ont d\u00e9j\u00e0 presque commenc\u00e9 \u00e0 m\u2019insulter\u00a0\u00bb, confie Paul Gom\u00e9rieux (Jimmy)<\/p>\n<p>Le 25 avril 2025, quelques jours avant son arriv\u00e9e \u00e0 l&rsquo;\u00e9cran dans Demain nous appartient, l&rsquo;acteur <a href=\"https:\/\/www.programme-tv.net\/news\/series-tv\/377464-allez-vous-maimer-ou-me-detester-cet-acteur-d-un-si-grand-soleil-debarque-dans-demain-nous-appartient-et-va-mettre-le-bazar-dans-un-couple-adore-des-fans\/\" data-api-deeplink=\"teleloisirs:\/\/news\/377464\" target=\"_blank\" rel=\"noopener\">Paul Gom\u00e9rieux redoutait d\u00e9j\u00e0 la r\u00e9action des fans du couple de Jack et Rayane<\/a>. Dans une interview r\u00e9cemment accord\u00e9e \u00e0 <a href=\"https:\/\/www.programme-television.org\/news\/series\/series-quotidiennes\/j-ai-recu-des-menaces-de-mort-paul-gomerieux-revient-sur-son-role-d-arnaud-dans-un-si-grand-soleil-4740577\" target=\"_blank\" rel=\"noopener\">T\u00e9l\u00e9 7 Jours<\/a>, le com\u00e9dien s&rsquo;est exprim\u00e9 sur ce sujet : \u00ab\u00a0Certains t\u00e9l\u00e9spectateurs ont du mal \u00e0 faire la diff\u00e9rence entre fiction et r\u00e9alit\u00e9. Le couple Jack et Rayane est tr\u00e8s appr\u00e9ci\u00e9, donc je risque d\u2019\u00eatre vu comme la \u00ab\u00a0b\u00eate noire\u00a0\u00bb. Mais il faut savoir prendre du recul.\u00a0\u00bb Et d&rsquo;ajouter : \u00ab\u00a0Avec les spoilers qui ont fuit\u00e9 sur Demain Nous Appartient, certains fans de Jack et Rayane ont d\u00e9j\u00e0 presque commenc\u00e9 \u00e0 m\u2019insulter\u2026\u00a0\u00bb Entre avril et mai 2024, Paul Gom\u00e9rieux avait jou\u00e9 le r\u00f4le d&rsquo;Arnaud, un jeune homme qui a tu\u00e9 son p\u00e8re et tent\u00e9 de faire de m\u00eame avec Tha\u00efs, dans Un si grand soleil. L\u00e0 aussi, la r\u00e9action de certains t\u00e9l\u00e9spectateurs avait \u00e9t\u00e9 violente : \u00ab\u00a0J\u2019ai re\u00e7u des menaces de mort quand je jouais un tueur pr\u00e9nomm\u00e9 Arnaud dans Un si grand soleil, parce que je m\u2019en prenais \u00e0 un personnage phare. Le public ne faisait pas la part des choses, et c\u2019est all\u00e9 tr\u00e8s loin.\u00a0\u00bb<\/p>\n","protected":false},"excerpt":{"rendered":"Depuis quelques \u00e9pisodes de Demain nous appartient sur TF1, une ombre potentielle plane au-dessus du couple phare de&hellip;\n","protected":false},"author":2,"featured_media":95944,"comment_status":"","ping_status":"","sticky":false,"template":"","format":"standard","meta":{"footnotes":""},"categories":[1356],"tags":[244,3598,20921,58,59,1011,27,20920,252,199,1364,9766],"class_list":{"0":"post-95943","1":"post","2":"type-post","3":"status-publish","4":"format-standard","5":"has-post-thumbnail","7":"category-television","8":"tag-commentaire","9":"tag-demain-nous-appartient","10":"tag-dimitri-fouque","11":"tag-divertissement","12":"tag-entertainment","13":"tag-fr","14":"tag-france","15":"tag-sasha-birdy","16":"tag-television","17":"tag-tf1","18":"tag-tv","19":"tag-un-si-grand-soleil"},"share_on_mastodon":{"url":"https:\/\/pubeurope.com\/@fr\/114498691598220510","error":""},"_links":{"self":[{"href":"https:\/\/www.europesays.com\/fr\/wp-json\/wp\/v2\/posts\/95943","targetHints":{"allow":["GET"]}}],"collection":[{"href":"https:\/\/www.europesays.com\/fr\/wp-json\/wp\/v2\/posts"}],"about":[{"href":"https:\/\/www.europesays.com\/fr\/wp-json\/wp\/v2\/types\/post"}],"author":[{"embeddable":true,"href":"https:\/\/www.europesays.com\/fr\/wp-json\/wp\/v2\/users\/2"}],"replies":[{"embeddable":true,"href":"https:\/\/www.europesays.com\/fr\/wp-json\/wp\/v2\/comments?post=95943"}],"version-history":[{"count":0,"href":"https:\/\/www.europesays.com\/fr\/wp-json\/wp\/v2\/posts\/95943\/revisions"}],"wp:featuredmedia":[{"embeddable":true,"href":"https:\/\/www.europesays.com\/fr\/wp-json\/wp\/v2\/media\/95944"}],"wp:attachment":[{"href":"https:\/\/www.europesays.com\/fr\/wp-json\/wp\/v2\/media?parent=95943"}],"wp:term":[{"taxonomy":"category","embeddable":true,"href":"https:\/\/www.europesays.com\/fr\/wp-json\/wp\/v2\/categories?post=95943"},{"taxonomy":"post_tag","embeddable":true,"href":"https:\/\/www.europesays.com\/fr\/wp-json\/wp\/v2\/tags?post=95943"}],"curies":[{"name":"wp","href":"https:\/\/api.w.org\/{rel}","templated":true}]}}