{"id":95953,"date":"2025-05-13T04:46:09","date_gmt":"2025-05-13T04:46:09","guid":{"rendered":"https:\/\/www.europesays.com\/fr\/95953\/"},"modified":"2025-05-13T04:46:09","modified_gmt":"2025-05-13T04:46:09","slug":"lepouse-de-jacques-legros-le-surprend-sur-le-plateau-du-jt-de-13-heures","status":"publish","type":"post","link":"https:\/\/www.europesays.com\/fr\/95953\/","title":{"rendered":"l\u2019\u00e9pouse de Jacques Legros le surprend sur le plateau du JT de 13 heures"},"content":{"rendered":"<p>Le joker du journal t\u00e9l\u00e9vis\u00e9 de TF1 a tir\u00e9 sa r\u00e9v\u00e9rence ce vendredi 9 mai apr\u00e8s 26 ans. Quelques jours apr\u00e8s, il a d\u00e9couvert l\u2019\u00e9mouvant message de Val\u00e9rie, sa femme.<\/p>\n<p class=\"fig-paragraph\">Apr\u00e8s vingt-six ans de bons et loyaux services \u00e0 la pr\u00e9sentation du journal t\u00e9l\u00e9vis\u00e9 de 13 heures de TF1 en qualit\u00e9 de joker,\u00a0<a href=\"http:\/\/tvmag.lefigaro.fr\/programme-tv\/ce-soir-tele\/j-ai-deja-le-texte-en-tete-ce-que-prepare-jacques-legros-pour-ses-adieux-a-tf1-vendredi-20250507\" target=\"_blank\" data-fig-type=\"Article\" rel=\"noopener\" data-gtm-custom-categorie=\"navigation\" data-gtm-custom-action=\"crossclick\" data-gtm-custom-label=\"Contextuel\" data-gtm-event=\"customEventSPE\" data-fig-domain=\"TVMAG\"><strong>Jacques Legros<\/strong><\/a> \u00a0a tir\u00e9 sa r\u00e9v\u00e9rence ce vendredi 9 mai. Et apr\u00e8s avoir men\u00e9 sa derni\u00e8re \u00e9dition comme \u00e0 son habitude, sa rempla\u00e7ante\u00a0<a href=\"http:\/\/tvmag.lefigaro.fr\/programme-tv\/actu-tele\/merci-de-me-laisser-votre-place-isabelle-ithurburu-a-deja-presente-le-jt-de-13-heures-de-tf1-20250327\" target=\"_blank\" data-fig-type=\"Article\" rel=\"noopener\" data-gtm-custom-categorie=\"navigation\" data-gtm-custom-action=\"crossclick\" data-gtm-custom-label=\"Contextuel\" data-gtm-event=\"customEventSPE\" data-fig-domain=\"TVMAG\">Isabelle Ithurburu<\/a>\u00a0est venue le rejoindre en plateau. S\u2019en sont suivis un court reportage sur la carri\u00e8re professionnelle du journaliste mais \u00e9galement un message de remerciement de l\u2019int\u00e9ress\u00e9 et une salve d\u2019applaudissements de la part de tous ses coll\u00e8gues.<\/p>\n<p class=\"fig-paragraph\">Ce lundi 12 mai, Jacques Legros \u00e9tait l\u2019invit\u00e9 d\u2019<a href=\"http:\/\/tvmag.lefigaro.fr\/programme-tv\/actu-tele\/si-elle-voit-ca-celine-dion-ne-va-pas-venir-anne-elisabeth-lemoine-hilare-face-a-la-mascotte-de-l-eurovision-2025-20250509\" target=\"_blank\" data-fig-type=\"Article\" rel=\"noopener\" data-gtm-custom-categorie=\"navigation\" data-gtm-custom-action=\"crossclick\" data-gtm-custom-label=\"Contextuel\" data-gtm-event=\"customEventSPE\" data-fig-domain=\"TVMAG\">Anne-\u00c9lisabeth Lemoine<\/a>\u00a0dans \u00abC \u00e0 vous\u00bb. L\u2019occasion pour lui de revenir sur ces \u00e9mouvants adieux dont il \u00e9tait encore boulevers\u00e9 aujourd\u2019hui. Le talk-show de France 5 a tenu \u00e0 apporter sa pierre \u00e0 l\u2019\u00e9difice en r\u00e9servant deux surprises \u00e0 son invit\u00e9. La premi\u00e8re n\u2019\u00e9tait autre qu\u2019un\u00a0<a href=\"http:\/\/tvmag.lefigaro.fr\/programme-tv\/actu-tele\/une-tradition-va-me-manquer-le-tendre-message-de-marie-sophie-lacarrau-a-jacques-legros-avant-son-depart-de-tf1-20250505\" target=\"_blank\" data-fig-type=\"Article\" rel=\"noopener\" data-gtm-custom-categorie=\"navigation\" data-gtm-custom-action=\"crossclick\" data-gtm-custom-label=\"Contextuel\" data-gtm-event=\"customEventSPE\" data-fig-domain=\"TVMAG\">message vid\u00e9o de Marie-Sophie Lacarrau<\/a>. La seconde \u00e9tait bien plus d\u00e9routante pour l\u2019ancien pr\u00e9sentateur.<\/p>\n<p class=\"fig-body-link\">\n            \u00c0 lire aussi<br \/>\n        <a class=\"fig-body-link__link\" href=\"http:\/\/tvmag.lefigaro.fr\/programme-tv\/actu-tele\/merci-chers-telespectateurs-jacques-legros-tire-sa-reverence-apres-26-ans-au-jt-de-tf1-20250509\" target=\"_blank\" data-fig-type=\"Article\" rel=\"noopener\" data-gtm-custom-categorie=\"navigation\" data-gtm-custom-action=\"crossclick\" data-gtm-custom-label=\"Contextuel\" data-gtm-event=\"customEventSPE\" data-fig-domain=\"TVMAG\">\u00abMerci chers t\u00e9l\u00e9spectateurs\u00bb\u00a0: Jacques Legros tire sa r\u00e9v\u00e9rence apr\u00e8s 26 ans au JT de TF1<br \/>\n    <\/a>\n<\/p>\n<p class=\"fig-paragraph\">Il s\u2019agissait de son \u00e9pouse depuis 2006, la v\u00e9t\u00e9rinaire Val\u00e9rie Legros. \u00abIl y a une personne qui va vous r\u00e9cup\u00e9rer, qui a d\u00e9j\u00e0 d\u00fb vous r\u00e9cup\u00e9rer \u00e0 plein temps, c\u2019est votre \u00e9pouse qui vous adresse un message qu\u2019elle a enregistr\u00e9 depuis le plateau du 13H\u00bb, a lanc\u00e9 Babeth Lemoine tandis que Jacques Legros d\u00e9plorait en riant\u00a0: \u00abOh non, la pauvre\u00a0! La pauvre\u00a0!\u00bb\u00a0<\/p>\n<p class=\"fig-paragraph\">\u00abAujourd\u2019hui, c\u2019est moi qui prends ta place\u00bb, a amorc\u00e9 sa femme avant de poursuivre\u00a0: \u00abJe suis tr\u00e8s heureuse de t\u00e9moigner \u00e0 l\u2019occasion de ton d\u00e9part qui semble pour beaucoup de personnes une retraite mais comme on le sait tous les deux qui n\u2019en est pas du tout une. Je voulais aussi que tu aies conscience que tu as eu plusieurs vies dans la m\u00eame vie jusqu\u2019\u00e0 maintenant, que les choses vont se poursuivre. Je sais que tu as beaucoup de projets et ensemble on va d\u00e9rouler un nouveau pan de notre vie. On est tous tr\u00e8s fiers de toi.\u00bb<\/p>\n<p class=\"fig-paragraph\">Des mots auxquels ne s\u2019attendait pas Jacques Legros. Le journaliste a \u00e9t\u00e9 pris de court par les \u00e9quipes de \u00abC \u00e0 vous\u00bb et n\u2019a pas pu cacher son \u00e9motion. \u00ab\u00c7a, c\u2019est une surprise\u00bb, a-t-il d\u00e9clar\u00e9 \u00e0 Anne-\u00c9lisabeth Lemoine les larmes aux yeux. \u00abCe n\u2019est pas le genre du tout \u00e0 prendre la parole comme \u00e7a\u00bb, a-t-il livr\u00e9 au sujet de celle qui partage sa vie. Et de poursuivre\u00a0: \u00ab\u00c7a me touche beaucoup, \u00e7a me surprend mais \u00e7a me touche.\u00bb\u00a0<\/p>\n<p>\u00a0\u00bb<br \/>\n        data-script=\u00a0\u00bbhttps:\/\/static.lefigaro.fr\/widget-video\/short-ttl\/video\/index.js\u00a0\u00bb<br \/>\n    &gt;<\/p>\n","protected":false},"excerpt":{"rendered":"Le joker du journal t\u00e9l\u00e9vis\u00e9 de TF1 a tir\u00e9 sa r\u00e9v\u00e9rence ce vendredi 9 mai apr\u00e8s 26 ans.&hellip;\n","protected":false},"author":2,"featured_media":95954,"comment_status":"","ping_status":"","sticky":false,"template":"","format":"standard","meta":{"footnotes":""},"categories":[8],"tags":[497,496,5631,499,58,59,1011,27,10074,500,504,505,495,503,502,501,498],"class_list":{"0":"post-95953","1":"post","2":"type-post","3":"status-publish","4":"format-standard","5":"has-post-thumbnail","7":"category-divertissement","8":"tag-actu-tv","9":"tag-actualite-tv","10":"tag-anne-elisabeth-lemoine","11":"tag-buzz-tv","12":"tag-divertissement","13":"tag-entertainment","14":"tag-fr","15":"tag-france","16":"tag-jacques-legros","17":"tag-medias","18":"tag-news-tele","19":"tag-news-television","20":"tag-news-tv","21":"tag-programme-tele","22":"tag-programme-tv","23":"tag-quiz-tv","24":"tag-tv-actu"},"share_on_mastodon":{"url":"https:\/\/pubeurope.com\/@fr\/114498711380203914","error":""},"_links":{"self":[{"href":"https:\/\/www.europesays.com\/fr\/wp-json\/wp\/v2\/posts\/95953","targetHints":{"allow":["GET"]}}],"collection":[{"href":"https:\/\/www.europesays.com\/fr\/wp-json\/wp\/v2\/posts"}],"about":[{"href":"https:\/\/www.europesays.com\/fr\/wp-json\/wp\/v2\/types\/post"}],"author":[{"embeddable":true,"href":"https:\/\/www.europesays.com\/fr\/wp-json\/wp\/v2\/users\/2"}],"replies":[{"embeddable":true,"href":"https:\/\/www.europesays.com\/fr\/wp-json\/wp\/v2\/comments?post=95953"}],"version-history":[{"count":0,"href":"https:\/\/www.europesays.com\/fr\/wp-json\/wp\/v2\/posts\/95953\/revisions"}],"wp:featuredmedia":[{"embeddable":true,"href":"https:\/\/www.europesays.com\/fr\/wp-json\/wp\/v2\/media\/95954"}],"wp:attachment":[{"href":"https:\/\/www.europesays.com\/fr\/wp-json\/wp\/v2\/media?parent=95953"}],"wp:term":[{"taxonomy":"category","embeddable":true,"href":"https:\/\/www.europesays.com\/fr\/wp-json\/wp\/v2\/categories?post=95953"},{"taxonomy":"post_tag","embeddable":true,"href":"https:\/\/www.europesays.com\/fr\/wp-json\/wp\/v2\/tags?post=95953"}],"curies":[{"name":"wp","href":"https:\/\/api.w.org\/{rel}","templated":true}]}}