{"id":95959,"date":"2025-05-13T04:49:09","date_gmt":"2025-05-13T04:49:09","guid":{"rendered":"https:\/\/www.europesays.com\/fr\/95959\/"},"modified":"2025-05-13T04:49:09","modified_gmt":"2025-05-13T04:49:09","slug":"le-groenland-prend-la-presidence-du-conseil-de-larctique","status":"publish","type":"post","link":"https:\/\/www.europesays.com\/fr\/95959\/","title":{"rendered":"le Groenland prend la pr\u00e9sidence du Conseil de l&rsquo;Arctique"},"content":{"rendered":"<p>Le Conseil, qui comprend les \u00c9tats-Unis, le Canada et les cinq pays nordiques, \u00e9tait la principale ar\u00e8ne de coop\u00e9ration inter\u00e9tatique dans la r\u00e9gion avant l\u2019invasion de l\u2019Ukraine.<\/p>\n<p class=\"fig-paragraph\">La cheffe de la diplomatie groenlandaise a pris lundi la pr\u00e9sidence du Conseil de l&rsquo;Arctique, principale ar\u00e8ne de coop\u00e9ration inter\u00e9tatique dans la r\u00e9gion jusqu&rsquo;en 2022, dans un contexte diplomatique rendu d\u00e9licat<a href=\"http:\/\/www.lefigaro.fr\/international\/on-n-espionne-pas-un-allie-la-premiere-ministre-danoise-tance-les-etats-unis-sur-le-groenland-20250509\" target=\"_blank\" data-fig-type=\"NewsFlash\" rel=\"noopener nofollow\" data-gtm-custom-categorie=\"navigation\" data-gtm-custom-action=\"crossclick\" data-gtm-custom-label=\"Contextuel\" data-gtm-event=\"customEventSPE\" data-fig-domain=\"LEFIGARO\">\u00a0par les tensions sur le Groenland<\/a>\u00a0et la mise au ban de la Russie.<\/p>\n<p class=\"fig-paragraph\">L&rsquo;activit\u00e9 diplomatique du Conseil, qui comprend les \u00c9tats-Unis, le Canada et les cinq pays nordiques, est en sommeil depuis la suspension de la Russie en 2022\u00a0<a href=\"http:\/\/www.lefigaro.fr\/international\/guerre-en-ukraine-les-occidentaux-unis-pour-contraindre-la-russie-au-cessez-le-feu-20250511\" target=\"_blank\" data-fig-type=\"Article\" rel=\"noopener nofollow\" data-gtm-custom-categorie=\"navigation\" data-gtm-custom-action=\"crossclick\" data-gtm-custom-label=\"Contextuel\" data-gtm-event=\"customEventSPE\" data-fig-domain=\"LEFIGARO\">apr\u00e8s l&rsquo;invasion de l&rsquo;Ukraine<\/a>. Les r\u00e9unions de travail au niveau scientifique, \u00e9galement interrompues en 2022, ont elles \u00e9t\u00e9 relanc\u00e9es en f\u00e9vrier 2024. \u00abDans le contexte g\u00e9opolitique actuel, il est particuli\u00e8rement important de maintenir un forum pour tous les \u00c9tats arctiques et les peuples autochtones de la r\u00e9gion\u00bb, a d\u00e9clar\u00e9 Espen Barth Eide, ministre des Affaires \u00e9trang\u00e8res de la Norv\u00e8ge et pr\u00e9sident sortant du Conseil de l&rsquo;Arctique dans un communiqu\u00e9.<\/p>\n<p>\u00abNous ne voulons \u00eatre ni Danois ni Am\u00e9ricains\u00bb<\/p>\n<p class=\"fig-paragraph\">Vivian Motzfeldt, ministre des Affaires \u00e9trang\u00e8res et de la Recherche du Groenland, territoire autonome danois, a \u00e9t\u00e9 d\u00e9sign\u00e9e pour prendre la pr\u00e9sidence du Conseil, pour le compte du Royaume du Danemark, qui inclut le Danemark, les Iles Feroe et le Groenland, selon le texte. \u00abNous ne voulons \u00eatre ni Danois ni Am\u00e9ricains\u00bb, a r\u00e9p\u00e9t\u00e9, devant les journalistes, la ministre, au sujet des tensions avec les \u00c9tats-Unis depuis\u00a0<a href=\"http:\/\/www.lefigaro.fr\/international\/etats-unis-trump-annonce-un-decret-pour-faire-baisser-les-prix-des-medicaments-sur-ordonnance-20250512\" target=\"_blank\" data-fig-type=\"NewsFlash\" rel=\"noopener nofollow\" data-gtm-custom-categorie=\"navigation\" data-gtm-custom-action=\"crossclick\" data-gtm-custom-label=\"Contextuel\" data-gtm-event=\"customEventSPE\" data-fig-domain=\"LEFIGARO\">l&rsquo;arriv\u00e9e au pouvoir de Donald Trump<\/a>, qui convoite le Groenland.<\/p>\n<p>\u00a0\u00bb<br \/>\n        data-script=\u00a0\u00bbhttps:\/\/static.lefigaro.fr\/widget-video\/short-ttl\/video\/index.js\u00a0\u00bb<br \/>\n    &gt;<\/p>\n<p class=\"fig-paragraph\">Pour les deux prochaines ann\u00e9es, la pr\u00e9sidence danoise a fix\u00e9 cinq priorit\u00e9s pour cette r\u00e9gion qui se r\u00e9chauffe quatre fois plus vite que l&rsquo;ensemble de la plan\u00e8te: les peuples et les communaut\u00e9s autochtones de l&rsquo;Arctique, le d\u00e9veloppement \u00e9conomique durable et la transition \u00e9nerg\u00e9tique, l&rsquo;oc\u00e9an, le changement climatique dans l&rsquo;Arctique et la biodiversit\u00e9. Depuis sa cr\u00e9ation en 1996, le Conseil \u00e9tait devenu la principale ar\u00e8ne de coop\u00e9ration dans une r\u00e9gion o\u00f9 le recul acc\u00e9l\u00e9r\u00e9 de la banquise, du fait du r\u00e9chauffement, ouvre des opportunit\u00e9s \u00e9conomiques (hydrocarbures, minerais, p\u00eache) et routes maritimes prometteuses mais susceptibles de menacer un \u00e9cosyst\u00e8me fragile et des populations vuln\u00e9rables.<\/p>\n","protected":false},"excerpt":{"rendered":"Le Conseil, qui comprend les \u00c9tats-Unis, le Canada et les cinq pays nordiques, \u00e9tait la principale ar\u00e8ne de&hellip;\n","protected":false},"author":2,"featured_media":95960,"comment_status":"","ping_status":"","sticky":false,"template":"","format":"standard","meta":{"footnotes":""},"categories":[5],"tags":[259,11,260,20931,1011,27,146,14,261,12,262,28],"class_list":{"0":"post-95959","1":"post","2":"type-post","3":"status-publish","4":"format-standard","5":"has-post-thumbnail","7":"category-international","8":"tag-actualite-internationale","9":"tag-actualites","10":"tag-affaires-etrangeres","11":"tag-arctique","12":"tag-fr","13":"tag-france","14":"tag-groenland","15":"tag-international","16":"tag-ministere-des-affaires-etrangeres","17":"tag-news","18":"tag-politique-etrangere","19":"tag-world"},"share_on_mastodon":{"url":"https:\/\/pubeurope.com\/@fr\/114498723078914890","error":""},"_links":{"self":[{"href":"https:\/\/www.europesays.com\/fr\/wp-json\/wp\/v2\/posts\/95959","targetHints":{"allow":["GET"]}}],"collection":[{"href":"https:\/\/www.europesays.com\/fr\/wp-json\/wp\/v2\/posts"}],"about":[{"href":"https:\/\/www.europesays.com\/fr\/wp-json\/wp\/v2\/types\/post"}],"author":[{"embeddable":true,"href":"https:\/\/www.europesays.com\/fr\/wp-json\/wp\/v2\/users\/2"}],"replies":[{"embeddable":true,"href":"https:\/\/www.europesays.com\/fr\/wp-json\/wp\/v2\/comments?post=95959"}],"version-history":[{"count":0,"href":"https:\/\/www.europesays.com\/fr\/wp-json\/wp\/v2\/posts\/95959\/revisions"}],"wp:featuredmedia":[{"embeddable":true,"href":"https:\/\/www.europesays.com\/fr\/wp-json\/wp\/v2\/media\/95960"}],"wp:attachment":[{"href":"https:\/\/www.europesays.com\/fr\/wp-json\/wp\/v2\/media?parent=95959"}],"wp:term":[{"taxonomy":"category","embeddable":true,"href":"https:\/\/www.europesays.com\/fr\/wp-json\/wp\/v2\/categories?post=95959"},{"taxonomy":"post_tag","embeddable":true,"href":"https:\/\/www.europesays.com\/fr\/wp-json\/wp\/v2\/tags?post=95959"}],"curies":[{"name":"wp","href":"https:\/\/api.w.org\/{rel}","templated":true}]}}