{"id":95967,"date":"2025-05-13T04:53:09","date_gmt":"2025-05-13T04:53:09","guid":{"rendered":"https:\/\/www.europesays.com\/fr\/95967\/"},"modified":"2025-05-13T04:53:09","modified_gmt":"2025-05-13T04:53:09","slug":"loire-ces-jeunes-de-la-marine-militaire-de-saint-etienne-en-immersion-a-toulon","status":"publish","type":"post","link":"https:\/\/www.europesays.com\/fr\/95967\/","title":{"rendered":"Loire. Ces jeunes de la marine militaire de Saint-\u00c9tienne en immersion \u00e0 Toulon"},"content":{"rendered":"<p>La pr\u00e9paration militaire marine de Saint-\u00c9tienne rassemble chaque ann\u00e9e des jeunes entre 17 et 21 ans d\u00e9sireux de d\u00e9couvrir le milieu de la Marine nationale. Deux samedis par mois, ils sont ainsi rassembl\u00e9s et, gr\u00e2ce \u00e0 leurs instructeurs r\u00e9servistes, ils apprennent les rudiments de la vie militaire et de la Marine en particulier.<\/p>\n<p>La pr\u00e9paration militaire marine de Saint-\u00c9tienne (il en existe une seconde \u00e0 Roanne) \u00e9tait dans le vif du sujet voici quelques jours \u00e0 Toulon.<\/p>\n<p>Connaissances g\u00e9n\u00e9rales, maritimisation, permis c\u00f4tier, tir au Famas, matelotage, activit\u00e9s sportives et aguerrissement,\u00a0etc. Autant d\u2019apprentissages qui captivent l\u2019int\u00e9r\u00eat des jeunes \u00ab\u00a0formant une communaut\u00e9 solidaire\u00a0\u00bb comme l\u2019explique la cheffe de centre de la pr\u00e9paration militaire marine de Saint-\u00c9tienne, l\u2019enseigne de vaisseau M\u00e9lanie Pautassot.<\/p>\n<p>  Certains stagiaires ont d\u2019ores et d\u00e9j\u00e0 d\u00e9cid\u00e9 de s\u2019engager<\/p>\n<p>Elle souligne encore \u00ab\u00a0l\u2019implication des jeunes gar\u00e7ons et filles dans cette formation maritime, dans l\u2019enseignement naval\u00a0\u00bb.<\/p>\n<p>Durant une semaine, les stagiaires ont visit\u00e9 des b\u00e2timents de guerre, effectu\u00e9 des visites des unit\u00e9s de la Marine, ainsi que la base a\u00e9ronavale d\u2019Hy\u00e8res avec ses flottilles d\u2019h\u00e9licopt\u00e8res (dont le NH 90, \u00ab\u00a0Ca\u00efman\u00a0\u00bb de la Marine nationale).<\/p>\n<p>Travaillant en collaboration avec le Centre d\u2019information et de recrutement des forces arm\u00e9es (Cirfa) de Saint-\u00c9tienne, la cheffe de centre peut compter sur une \u00e9quipe d\u2019instructeurs disponibles et d\u00e9vou\u00e9s pour transmettre leur savoir, ainsi que les valeurs de la Marine nationale.<\/p>\n<p>Certains stagiaires ont d\u2019ores et d\u00e9j\u00e0 d\u00e9cid\u00e9 de s\u2019engager plus tard, d\u2019autres de devenir r\u00e9servistes.<\/p>\n","protected":false},"excerpt":{"rendered":"La pr\u00e9paration militaire marine de Saint-\u00c9tienne rassemble chaque ann\u00e9e des jeunes entre 17 et 21 ans d\u00e9sireux de&hellip;\n","protected":false},"author":2,"featured_media":95968,"comment_status":"","ping_status":"","sticky":false,"template":"","format":"standard","meta":{"footnotes":""},"categories":[9653],"tags":[1111,11,2430,3206,7539,1057,1777,674,1011,27,3367,12,25,4001,7538],"class_list":{"0":"post-95967","1":"post","2":"type-post","3":"status-publish","4":"format-standard","5":"has-post-thumbnail","7":"category-saint-etienne","8":"tag-actu","9":"tag-actualites","10":"tag-auvergne-rhone-alpes","11":"tag-defense-guerre-conflit","12":"tag-edition-loire-sud","13":"tag-education","14":"tag-eu","15":"tag-europe","16":"tag-fr","17":"tag-france","18":"tag-loire","19":"tag-news","20":"tag-republique-francaise","21":"tag-saint-etienne","22":"tag-saint-etienne-ville"},"share_on_mastodon":{"url":"https:\/\/pubeurope.com\/@fr\/114498738855615275","error":""},"_links":{"self":[{"href":"https:\/\/www.europesays.com\/fr\/wp-json\/wp\/v2\/posts\/95967","targetHints":{"allow":["GET"]}}],"collection":[{"href":"https:\/\/www.europesays.com\/fr\/wp-json\/wp\/v2\/posts"}],"about":[{"href":"https:\/\/www.europesays.com\/fr\/wp-json\/wp\/v2\/types\/post"}],"author":[{"embeddable":true,"href":"https:\/\/www.europesays.com\/fr\/wp-json\/wp\/v2\/users\/2"}],"replies":[{"embeddable":true,"href":"https:\/\/www.europesays.com\/fr\/wp-json\/wp\/v2\/comments?post=95967"}],"version-history":[{"count":0,"href":"https:\/\/www.europesays.com\/fr\/wp-json\/wp\/v2\/posts\/95967\/revisions"}],"wp:featuredmedia":[{"embeddable":true,"href":"https:\/\/www.europesays.com\/fr\/wp-json\/wp\/v2\/media\/95968"}],"wp:attachment":[{"href":"https:\/\/www.europesays.com\/fr\/wp-json\/wp\/v2\/media?parent=95967"}],"wp:term":[{"taxonomy":"category","embeddable":true,"href":"https:\/\/www.europesays.com\/fr\/wp-json\/wp\/v2\/categories?post=95967"},{"taxonomy":"post_tag","embeddable":true,"href":"https:\/\/www.europesays.com\/fr\/wp-json\/wp\/v2\/tags?post=95967"}],"curies":[{"name":"wp","href":"https:\/\/api.w.org\/{rel}","templated":true}]}}