{"id":95981,"date":"2025-05-13T05:00:08","date_gmt":"2025-05-13T05:00:08","guid":{"rendered":"https:\/\/www.europesays.com\/fr\/95981\/"},"modified":"2025-05-13T05:00:08","modified_gmt":"2025-05-13T05:00:08","slug":"peut-on-se-baigner-dans-le-nouveau-canal-du-quartier-flaubert-a-rouen","status":"publish","type":"post","link":"https:\/\/www.europesays.com\/fr\/95981\/","title":{"rendered":"Peut-on se baigner dans le nouveau canal du quartier Flaubert, \u00e0 Rouen\u00a0?"},"content":{"rendered":"<p>            Par<br \/>\n        <strong><br \/>\n            <a href=\"https:\/\/actu.fr\/auteur\/jessie-leclerc\" title=\"Consulter tous les articles de Jessie Leclerc\" target=\"_blank\" rel=\"noopener\">Jessie Leclerc<\/a><br \/>\n        <\/strong><\/p>\n<p>        Publi\u00e9 le<\/p>\n<p>            13 mai 2025 \u00e0 6h48        <\/p>\n<p>Avec l\u2019arriv\u00e9e des beaux jours, l\u2019envie vient \u00e0 beaucoup de trouver un endroit o\u00f9 se baigner. <a href=\"https:\/\/actu.fr\/normandie\/rouen_76540\" target=\"_blank\" rel=\"noopener\">\u00c0 Rouen (Seine-Maritime)<\/a>, certains ont trouv\u00e9 leur spot\u2009: <strong>le nouveau canal du parc Camille-Claudel<\/strong>, situ\u00e9 dans le quartier Flaubert. Le site poss\u00e8de une large \u00e9tendue d\u2019eau et \u00e7a fait envie. Mais peut-on r\u00e9ellement s\u2019y baigner\u2009? Des r\u00e8gles sont-elles en vigueur\u2009? On fait le point.<\/p>\n<p>Peut-on se baigner\u2009?<\/p>\n<p class=\" wall-content\">Le canal est tout neuf. <a href=\"https:\/\/actu.fr\/normandie\/rouen_76540\/l-image-on-a-assiste-a-la-mise-a-l-eau-du-futur-canal-du-quartier-flaubert-de-rouen_60885493.html\" target=\"_blank\" rel=\"noopener\">Mis en eau il y a un an<\/a>, au pied du 108, dans une zone autrefois en friche, il a \u00e9t\u00e9 <a href=\"https:\/\/actu.fr\/normandie\/rouen_76540\/un-nouveau-parc-canal-inaugure-a-rouen-un-moment-historique_62562439.html\" target=\"_blank\" rel=\"noopener\">inaugur\u00e9 le 26\u00a0avril 2025<\/a>. Aujourd\u2019hui, les abords verdoyants du site attirent promeneurs et m\u00eame quelques baigneurs.<\/p>\n<p class=\" wall-content\"><strong>Officiellement, la baignade n\u2019est pas interdite<\/strong>, <strong>mais elle reste non surveill\u00e9e<\/strong> et se fait sous l\u2019enti\u00e8re responsabilit\u00e9 des usagers. \u00ab\u2009Elle est \u00e0 vos risques et p\u00e9rils\u2009\u00bb, rappelle Valentin Rasse Lambrecq, conseiller municipal d\u00e9l\u00e9gu\u00e9 \u00e0 la Ville de Rouen. \u00ab\u2009Il y avait des panneaux pour pr\u00e9venir du danger, mais ils ont \u00e9t\u00e9 vol\u00e9s, alors on va en remettre pour s\u00e9curiser la zone, ajoute l\u2019\u00e9lu. Il faut que ce soit clair pour tout le monde.\u2009\u00bb<\/p>\n<p class=\" wall-content\">Pour le moment, \u00ab\u2009<strong>aucun risque n\u2019est signal\u00e9 sur la qualit\u00e9 de l\u2019eau<\/strong>, elle n\u2019est pas mauvaise\u2009\u00bb, pr\u00e9cise Valentin Rasse-Lambrecq.<\/p>\n<p class=\" wall-content\">Le canal atteint tout de m\u00eame <strong>1\u00a0m\u00e8tre de profondeur<\/strong>. La prudence est donc de mise, surtout pour les enfants. La Ville comme la M\u00e9tropole ne sauraient \u00eatre tenues responsables en cas d\u2019incident.<\/p>\n<p>\u00ab\u2009La situation n\u2019est pas fig\u00e9e\u2009\u00bb<\/p>\n<p class=\" wall-content\">Si la baignade est pour le moment tol\u00e9r\u00e9e, les r\u00e8gles pourraient changer. Elles pourraient \u00eatre durcies en cas de danger identifi\u00e9 ou assouplies si les conditions le permettent. Selon Valentin Rasse-Lambrecq,<strong> \u00ab\u2009la situation n\u2019est pas fig\u00e9e\u2009\u00bb<\/strong>.<\/p>\n<p class=\" wall-content\">\u00ab<strong>\u2009Tous les \u00e9l\u00e9ments d\u2019am\u00e9nagement ne sont pas encore l\u00e0<\/strong>, que ce soit pour la s\u00e9curit\u00e9 avec les panneaux, les bou\u00e9es et les \u00e9chelles pour sortir de l\u2019eau, ou pour le bien-\u00eatre, avec des transats et des bancs\u2009\u00bb, ajoute-t-il.<\/p>\n<p class=\" wall-content\">\u00c0 terme, l\u2019espace accueillera aussi <a href=\"https:\/\/actu.fr\/normandie\/saint-jouin-bruneval_76595\/le-saviez-vous-on-peut-apprendre-le-surf-sur-le-littoral-cauchois_61388950.html\" target=\"_blank\" rel=\"noopener\">des activit\u00e9s nautiques<\/a> <strong>(p\u00e9dalos, paddle\u2026)<\/strong>, avec l\u2019objectif de permettre \u00e0 tous de profiter pleinement de ce nouvel acc\u00e8s \u00e0 l\u2019eau.<\/p>\n<p class=\" wall-content\">En bref, pour le moment la baignade n\u2019est ni interdite, ni officiellement autoris\u00e9e. \u00ab\u2009C\u2019est sous la responsabilit\u00e9 de chacun. Mais il n\u2019est pas impossible que \u00e7a \u00e9volue.\u2009\u00bb<\/p>\n<p>Suivez l\u2019actualit\u00e9 de Rouen <a href=\"https:\/\/www.whatsapp.com\/channel\/0029VaKfnf99hXF2ddApFB1D\" target=\"_blank\" rel=\"noopener\">sur notre cha\u00eene WhatsApp<\/a> et <a href=\"https:\/\/www.tiktok.com\/@76actu.fr?lang=fr\" target=\"_blank\" rel=\"noopener\">sur notre compte TikTok<\/a><\/p>\n<p class=\" wall-content\">Suivez toute l\u2019actualit\u00e9 de vos villes et m\u00e9dias favoris en vous inscrivant \u00e0 <a href=\"https:\/\/moncompte.actu.fr\" title=\"D\u00e9couvez Mon Actu\" rel=\"nofollow noopener\" data-trk=\"{&quot;cta&quot;:{&quot;action&quot;:&quot;https:\\\/\\\/moncompte.actu.fr&quot;,&quot;category&quot;:&quot;mon compte&quot;,&quot;from&quot;:&quot;article footer&quot;,&quot;name&quot;:&quot;Mon actu&quot;,&quot;type&quot;:&quot;cta&quot;}}\" target=\"_blank\">Mon Actu<\/a>.<\/p>\n<p>                    <script async src=\"\/\/www.tiktok.com\/embed.js\"><\/script><\/p>\n","protected":false},"excerpt":{"rendered":"Par Jessie Leclerc Publi\u00e9 le 13 mai 2025 \u00e0 6h48 Avec l\u2019arriv\u00e9e des beaux jours, l\u2019envie vient \u00e0&hellip;\n","protected":false},"author":2,"featured_media":95982,"comment_status":"","ping_status":"","sticky":false,"template":"","format":"standard","meta":{"footnotes":""},"categories":[9587],"tags":[1111,11,1063,9086,1777,674,1011,27,12,5161,8302,25,9590,104],"class_list":{"0":"post-95981","1":"post","2":"type-post","3":"status-publish","4":"format-standard","5":"has-post-thumbnail","7":"category-rouen","8":"tag-actu","9":"tag-actualites","10":"tag-animations","11":"tag-bon-plan-a-rouen","12":"tag-eu","13":"tag-europe","14":"tag-fr","15":"tag-france","16":"tag-news","17":"tag-normandie","18":"tag-plages","19":"tag-republique-francaise","20":"tag-rouen","21":"tag-societe"},"share_on_mastodon":{"url":"https:\/\/pubeurope.com\/@fr\/114498766518506496","error":""},"_links":{"self":[{"href":"https:\/\/www.europesays.com\/fr\/wp-json\/wp\/v2\/posts\/95981","targetHints":{"allow":["GET"]}}],"collection":[{"href":"https:\/\/www.europesays.com\/fr\/wp-json\/wp\/v2\/posts"}],"about":[{"href":"https:\/\/www.europesays.com\/fr\/wp-json\/wp\/v2\/types\/post"}],"author":[{"embeddable":true,"href":"https:\/\/www.europesays.com\/fr\/wp-json\/wp\/v2\/users\/2"}],"replies":[{"embeddable":true,"href":"https:\/\/www.europesays.com\/fr\/wp-json\/wp\/v2\/comments?post=95981"}],"version-history":[{"count":0,"href":"https:\/\/www.europesays.com\/fr\/wp-json\/wp\/v2\/posts\/95981\/revisions"}],"wp:featuredmedia":[{"embeddable":true,"href":"https:\/\/www.europesays.com\/fr\/wp-json\/wp\/v2\/media\/95982"}],"wp:attachment":[{"href":"https:\/\/www.europesays.com\/fr\/wp-json\/wp\/v2\/media?parent=95981"}],"wp:term":[{"taxonomy":"category","embeddable":true,"href":"https:\/\/www.europesays.com\/fr\/wp-json\/wp\/v2\/categories?post=95981"},{"taxonomy":"post_tag","embeddable":true,"href":"https:\/\/www.europesays.com\/fr\/wp-json\/wp\/v2\/tags?post=95981"}],"curies":[{"name":"wp","href":"https:\/\/api.w.org\/{rel}","templated":true}]}}