{"id":95985,"date":"2025-05-13T05:02:12","date_gmt":"2025-05-13T05:02:12","guid":{"rendered":"https:\/\/www.europesays.com\/fr\/95985\/"},"modified":"2025-05-13T05:02:12","modified_gmt":"2025-05-13T05:02:12","slug":"sillon-alpin-luga-et-techfest-intensifient-leur-collaboration","status":"publish","type":"post","link":"https:\/\/www.europesays.com\/fr\/95985\/","title":{"rendered":"Sillon alpin. L\u2019UGA et tech&#038;fest intensifient leur collaboration"},"content":{"rendered":"<p>  Tech&amp;fest, organis\u00e9 par\u00a0Le Dauphin\u00e9 Lib\u00e9r\u00e9, EBRA Events et Ebra m\u00e9dias, a enregistr\u00e9 des r\u00e9sultats en tr\u00e8s nette progression d\u00e8s <a href=\"https:\/\/www.ledauphine.com\/economie\/2025\/02\/07\/clap-de-fin-pour-tech-fest-2025\" target=\"_blank\" rel=\"nofollow noopener\">sa deuxi\u00e8me \u00e9dition qui s\u2019est tenue les 5 et 6 f\u00e9vrier derniers \u00e0 Alpexpo-Grenoble<\/a> : 22 000 participants dont 50 % de PDG, DG et C-Level, 387 entreprises exposantes pour pr\u00e8s de 2\u00a0000 rencontres business. 90 % des participants recommandent l\u2019\u00e9v\u00e9nement et 97% des partenaires sont ravis de l\u2019exp\u00e9rience. Parmi ces partenaires satisfaits, il faut compter l\u2019Universit\u00e9 Grenoble Alpes (UGA). Pas seulement parce que pr\u00e8s de 10 % des participants actifs sont des universitaires et\/ou des chercheurs, mais surtout parce que <a href=\"https:\/\/www.ledauphine.com\/science-et-technologie\/2024\/10\/23\/l-universite-grenoble-alpes-ekea\" target=\"_blank\" rel=\"nofollow noopener\">l\u2019universit\u00e9, leader europ\u00e9en des d\u00e9p\u00f4ts de brevets<\/a>, y voit un \u00e9v\u00e9nement \u00e0 son image.<\/p>\n<p>De fait, tech&amp;fest s\u2019affiche comme \u00e9tant l\u2019expression grandeur nature d\u2019un \u00e9cosyst\u00e8me aussi attractif qu\u2019envi\u00e9, fond\u00e9 autour de l\u2019alignement recherche, formation (donc universit\u00e9) et entreprises.<\/p>\n<p>  Ce qui va changer<\/p>\n<p>Sur l\u2019\u00e9dition de f\u00e9vrier dernier, l\u2019UGA avait r\u00e9uni l\u2019ensemble de ses composantes dont bien entendu l\u2019institut d\u2019ing\u00e9nierie et de management Grenoble INP-UGA mais \u00e9galement Science Po Grenoble &#8211; UGA, Ensag &#8211; UGA, l\u2019Ecole Universitaire de technologie, la Facult\u00e9 des Sciences, Facult\u00e9s Humanit\u00e9s, sant\u00e9, sport, soci\u00e9t\u00e9s. Un espace tout proche des organismes de recherche, ce qui va de soi. UGA avait \u00e9galement mobilis\u00e9 ses experts pour participer \u00e0 de nombreuses tables rondes.<\/p>\n<p>Mais de l\u2019avis m\u00eame de Yassine Lakhnech, pr\u00e9sident de l\u2019UGA, il fallait \u00ab\u00a0aller plus loin\u00a0\u00bb. Les questions de rayonnement, d\u2019attractivit\u00e9 et de dynamisation sont en effet au c\u0153ur des pr\u00e9occupations\u00a0d\u2019une institution qui se projette d\u00e9j\u00e0, et notamment, \u00e0 l\u2019international.<\/p>\n<p>De fait, pour accompagner les prochaines \u00e9ditions de l\u2019\u00e9v\u00e9nement, l\u2019UGA sera un partenaire encore plus pr\u00e9sent et souhaite produire des conf\u00e9rences\u00a0scientifiques grand public, labellis\u00e9es tech&amp;fest pour faire vivre le festival hors les murs.<\/p>\n<p>Dans la m\u00eame veine collaborative, l\u2019\u00e9laboration d\u2019un programme d\u00e9di\u00e9 \u00e0 la science permettra \u00e0 la communaut\u00e9, principalement universitaire, de mieux s\u2019approprier l\u2019\u00e9v\u00e9nement dont l\u2019UGA sera un partenaire inspirant\u00a0; et collaborant aux choix des th\u00e9matiques servant de base aux \u00e9changes en tables rondes et agoras durant l\u2019\u00e9v\u00e9nement. Tant il est vrai que l\u2019universit\u00e9 ne manque pas d\u2019experts susceptibles d\u2019intervenir dans le cadre de publications d\u00e9di\u00e9es, comme pour tous les sujets requ\u00e9rant un regard qualifi\u00e9.<\/p>\n<p>D\u2019autre part, l\u2019UGA invitera des d\u00e9l\u00e9gations\u00a0 parmi\u00a0ses partenaires \u00e9trangers d\u00e8s l\u2019\u00e9dition 2026 de tech&amp;fest,\u00a0notamment issues des \u00e9cosyst\u00e8mes ta\u00efwanais, singapourien, japonais ou canadien.<\/p>\n<p>Enfin, le travail se porte \u00e9galement sur des \u00e9v\u00e9nements parall\u00e8les et compl\u00e9mentaires \u00e0 tech&amp;fest comme un Forum des m\u00e9tiers de la tech ou le retour de la \u00ab\u00a0Global Challenges Science Week\u00a0\u00bb.\u00a0<\/p>\n<p class=\"insetTitle\">\u00c0 propos de\u00a0la\u00a0montagne\u00a0<\/p>\n<p>Notre journal poursuit son d\u00e9ploiement \u00e9ditorial sur la th\u00e9matique montagne. Non seulement parce qu\u2019<a href=\"https:\/\/www.ledauphine.com\/jeux-olympiques\/cap-2030\" target=\"_blank\" rel=\"nofollow noopener\">il s\u2019est engag\u00e9 \u00e0 soutenir les JO de 2030<\/a>, mais aussi parce que c\u2019est un enjeu de transition et de transformation permanent. \u00c0 travers l\u2019Institut Interdisciplinaire de la Transition\u00a0\u00c9cologique (IITE) et en vue des \u00e9ch\u00e9ances sportives et environnementales \u00e0 venir, l\u2019UGA dispose de chercheurs et d\u2019experts susceptibles de nourrir la r\u00e9flexion que notre titre souhaite conduire et accompagner aux c\u00f4t\u00e9s des acteurs et professionnels du secteur. C\u2019est \u00e9galement un moment et une relation importante qui se noue alors que, pour l\u2019\u00e9dition de f\u00e9vrier prochain, tech&amp;fest produira \u00ab\u00a0tech&amp;mountain\u00a0\u00bb en marge de son d\u00e9sormais <a href=\"https:\/\/www.ledauphine.com\/economie\/2025\/02\/05\/tech-fest-le-village-de-la-decarbonation-abrite-d-innombrables-revolutions-industrielles\" target=\"_blank\" rel=\"nofollow noopener\">c\u00e9l\u00e8bre Village de la d\u00e9carbonation<\/a> devenu le point d\u2019orgue de l\u2019univers tech&amp;planet.\u00a0<\/p>\n<p>Un journal qui porte la parole et une universit\u00e9 qui la nourrit semble \u00eatre, pour les deux parties, le meilleur moyen pour accompagner, f\u00e9d\u00e9rer, expliquer et convaincre.<\/p>\n","protected":false},"excerpt":{"rendered":"Tech&amp;fest, organis\u00e9 par\u00a0Le Dauphin\u00e9 Lib\u00e9r\u00e9, EBRA Events et Ebra m\u00e9dias, a enregistr\u00e9 des r\u00e9sultats en tr\u00e8s nette progression&hellip;\n","protected":false},"author":2,"featured_media":95986,"comment_status":"","ping_status":"","sticky":false,"template":"","format":"standard","meta":{"footnotes":""},"categories":[9566],"tags":[1111,11,2430,9810,2730,1777,674,1011,27,2731,108,12,25,20932,2733,1584],"class_list":{"0":"post-95985","1":"post","2":"type-post","3":"status-publish","4":"format-standard","5":"has-post-thumbnail","7":"category-grenoble","8":"tag-actu","9":"tag-actualites","10":"tag-auvergne-rhone-alpes","11":"tag-direct-entreprises","12":"tag-drome","13":"tag-eu","14":"tag-europe","15":"tag-fr","16":"tag-france","17":"tag-grenoble","18":"tag-isere","19":"tag-news","20":"tag-republique-francaise","21":"tag-tech-and-fest","22":"tag-valence","23":"tag-vienne"},"share_on_mastodon":{"url":"https:\/\/pubeurope.com\/@fr\/114498774195392963","error":""},"_links":{"self":[{"href":"https:\/\/www.europesays.com\/fr\/wp-json\/wp\/v2\/posts\/95985","targetHints":{"allow":["GET"]}}],"collection":[{"href":"https:\/\/www.europesays.com\/fr\/wp-json\/wp\/v2\/posts"}],"about":[{"href":"https:\/\/www.europesays.com\/fr\/wp-json\/wp\/v2\/types\/post"}],"author":[{"embeddable":true,"href":"https:\/\/www.europesays.com\/fr\/wp-json\/wp\/v2\/users\/2"}],"replies":[{"embeddable":true,"href":"https:\/\/www.europesays.com\/fr\/wp-json\/wp\/v2\/comments?post=95985"}],"version-history":[{"count":0,"href":"https:\/\/www.europesays.com\/fr\/wp-json\/wp\/v2\/posts\/95985\/revisions"}],"wp:featuredmedia":[{"embeddable":true,"href":"https:\/\/www.europesays.com\/fr\/wp-json\/wp\/v2\/media\/95986"}],"wp:attachment":[{"href":"https:\/\/www.europesays.com\/fr\/wp-json\/wp\/v2\/media?parent=95985"}],"wp:term":[{"taxonomy":"category","embeddable":true,"href":"https:\/\/www.europesays.com\/fr\/wp-json\/wp\/v2\/categories?post=95985"},{"taxonomy":"post_tag","embeddable":true,"href":"https:\/\/www.europesays.com\/fr\/wp-json\/wp\/v2\/tags?post=95985"}],"curies":[{"name":"wp","href":"https:\/\/api.w.org\/{rel}","templated":true}]}}