{"id":95988,"date":"2025-05-13T05:04:11","date_gmt":"2025-05-13T05:04:11","guid":{"rendered":"https:\/\/www.europesays.com\/fr\/95988\/"},"modified":"2025-05-13T05:04:11","modified_gmt":"2025-05-13T05:04:11","slug":"a-rennes-300-cookies-offerts-pour-louverture-de-cet-etablissement","status":"publish","type":"post","link":"https:\/\/www.europesays.com\/fr\/95988\/","title":{"rendered":"\u00e0 Rennes, 300 cookies offerts pour l&rsquo;ouverture de cet \u00e9tablissement"},"content":{"rendered":"<p>            Par<br \/>\n        <strong><br \/>\n            <a href=\"https:\/\/actu.fr\/auteur\/laurene-fertin\" title=\"Consulter tous les articles de Laur\u00e8ne Fertin\" target=\"_blank\" rel=\"noopener\">Laur\u00e8ne Fertin<\/a><br \/>\n        <\/strong><\/p>\n<p>        Publi\u00e9 le<\/p>\n<p>            13 mai 2025 \u00e0 6h32        <\/p>\n<p>Cette nouvelle va faire des heureux (ses). \u00c0 Rennes, dans <strong>le centre commercial Cleunay,<\/strong> l\u2019enseigne Emilie and the cool kids ouvre ses portes ce <strong>mardi 13\u00a0mai 2025<\/strong>.<\/p>\n<p class=\" wall-content\">Pour marquer le coup, les franchis\u00e9s Alexandre et S\u00e9bastien, qui proposent <strong>cookies, muffins<\/strong> et <strong>autres p\u00e2tisseries<\/strong> faites maison invitent les amateurs (rices) \u00e0 en d\u00e9guster <strong>gratuitement.<\/strong><\/p>\n<p>D\u00e8s 9\u2009h\u200930<\/p>\n<p class=\" wall-content\">Pr\u00e9cis\u00e9ment, ce sont les <strong>300 premiers cookies<\/strong> qui seront donn\u00e9s aux clients (es)\u2009: \u00ab\u2009On offre la premi\u00e8re fourn\u00e9e\u2009!\u2009\u00bb, explique la directrice. \u00ab\u2009On s\u2019est dit que ce serait une bonne id\u00e9e et puis \u00e7a entra\u00eene les \u00e9quipes.\u2009\u00bb<\/p>\n<p class=\" wall-content\">Rendez-vous donc d\u00e8s <strong>9\u2009h\u200930<\/strong>, au centre commercial Cleunay, pour profiter de la d\u00e9gustation. L\u2019enseigne Emilie and the cool kids s\u2019implante l\u00e0 o\u00f9 l\u2019\u00e9picerie fine-chocolaterie Le comptoir de Mathilde avait auparavant place.<\/p>\n<p>Vid\u00e9os : en ce moment sur ActuUne trentaine d\u2019enseignes en France<\/p>\n<p class=\" wall-content\">\u00ab\u2009\u00c0 Rennes, c\u2019est <strong>la premi\u00e8re fois<\/strong> que l\u2019enseigne s\u2019implante\u2009\u00bb, explique Elise, \u00ab\u2009sinon, la plus proche se situe \u00e0 Quimper.\u2009\u00bb<\/p>\n<p class=\" wall-content\">\u00ab\u2009Tout est parti d\u2019une petite cha\u00eene de caf\u00e9 cr\u00e9\u00e9e en 2007 \u00e0 Nice\u2009\u00bb, retrace Elise, directrice de la marque. \u00ab\u2009Deux voisines de palier qui adoraient la p\u00e2tisserie ont d\u00e9cid\u00e9 d\u2019ouvrir un \u00e9tablissement. Puis, un autre, quelques rues plus loin, en 2015.\u2009\u00bb<\/p>\n<p class=\" wall-content\">Aujourd\u2019hui, la marque est <strong>franchis\u00e9e<\/strong> et existe dans une trentaine de points en France.<\/p>\n<p>De nombreuses p\u00e2tisseries<\/p>\n<p class=\" wall-content\">Muffins, carrot cakes, zucchini bread (\u00e0 la courgette et \u00e0 la pistache), cinnamon rolls, crumble cakes\u00a0ou encore des p\u00e2tisseries vegan, sans gluten\u2026 Emilie and the cool kids affichent une carte exhaustive.<\/p>\n<p>      <img   decoding=\"async\" loading=\"lazy\" src=\"https:\/\/www.europesays.com\/fr\/wp-content\/uploads\/2025\/05\/zucchini-bread-960x640.jpg\" alt=\"xxxx\" width=\"960\" height=\"640\"\/><br \/>\n    Le zucchini bread est une p\u00e2tisserie \u00e0 base de courgettes et de pistache. (\u00a9Emilie and the cool kids)<\/p>\n<p class=\" wall-content\">\u00ab\u2009Sans compter les <strong>caf\u00e9s<\/strong> et <strong>boissons chaudes<\/strong> comme <strong>froides\u2009\u00bb,<\/strong> ajoute Elise.<\/p>\n<p class=\" wall-content\">Comptez <strong>entre 2,90 et 3,50\u00a0euros les cookies<\/strong> (de 80\u00a0g).<\/p>\n<p class=\" wall-content\">Suivez toute l\u2019actualit\u00e9 de vos villes et m\u00e9dias favoris en vous inscrivant \u00e0 <a href=\"https:\/\/moncompte.actu.fr\" title=\"D\u00e9couvez Mon Actu\" rel=\"nofollow noopener\" data-trk=\"{&quot;cta&quot;:{&quot;action&quot;:&quot;https:\\\/\\\/moncompte.actu.fr&quot;,&quot;category&quot;:&quot;mon compte&quot;,&quot;from&quot;:&quot;article footer&quot;,&quot;name&quot;:&quot;Mon actu&quot;,&quot;type&quot;:&quot;cta&quot;}}\" target=\"_blank\">Mon Actu<\/a>.<\/p>\n<ul class=\"ac-article-tag wall-content\">\n<li><a href=\"https:\/\/actu.fr\/tag\/bons-plans\" data-trk=\"{&quot;cta&quot;:{&quot;action&quot;:&quot;Bons plans&quot;,&quot;category&quot;:&quot;tag&quot;,&quot;from&quot;:&quot;article footer&quot;,&quot;name&quot;:&quot;Bons plans&quot;,&quot;type&quot;:&quot;cta&quot;}}\" target=\"_blank\" rel=\"noopener\">#Bons plans<\/a><\/li>\n<li><a href=\"https:\/\/actu.fr\/tag\/nouveaux-commerces\" data-trk=\"{&quot;cta&quot;:{&quot;action&quot;:&quot;Nouveaux commerces&quot;,&quot;category&quot;:&quot;tag&quot;,&quot;from&quot;:&quot;article footer&quot;,&quot;name&quot;:&quot;Nouveaux commerces&quot;,&quot;type&quot;:&quot;cta&quot;}}\" target=\"_blank\" rel=\"noopener\">#Nouveaux commerces<\/a><\/li>\n<\/ul>\n","protected":false},"excerpt":{"rendered":"Par Laur\u00e8ne Fertin Publi\u00e9 le 13 mai 2025 \u00e0 6h32 Cette nouvelle va faire des heureux (ses). \u00c0&hellip;\n","protected":false},"author":2,"featured_media":95989,"comment_status":"","ping_status":"","sticky":false,"template":"","format":"standard","meta":{"footnotes":""},"categories":[2821],"tags":[1111,11,677,829,1777,674,1011,27,1305,12,3147,584,25],"class_list":{"0":"post-95988","1":"post","2":"type-post","3":"status-publish","4":"format-standard","5":"has-post-thumbnail","7":"category-rennes","8":"tag-actu","9":"tag-actualites","10":"tag-bons-plans","11":"tag-bretagne","12":"tag-eu","13":"tag-europe","14":"tag-fr","15":"tag-france","16":"tag-lifestyle","17":"tag-news","18":"tag-nouveaux-commerces","19":"tag-rennes","20":"tag-republique-francaise"},"share_on_mastodon":{"url":"https:\/\/pubeurope.com\/@fr\/114498782384858679","error":""},"_links":{"self":[{"href":"https:\/\/www.europesays.com\/fr\/wp-json\/wp\/v2\/posts\/95988","targetHints":{"allow":["GET"]}}],"collection":[{"href":"https:\/\/www.europesays.com\/fr\/wp-json\/wp\/v2\/posts"}],"about":[{"href":"https:\/\/www.europesays.com\/fr\/wp-json\/wp\/v2\/types\/post"}],"author":[{"embeddable":true,"href":"https:\/\/www.europesays.com\/fr\/wp-json\/wp\/v2\/users\/2"}],"replies":[{"embeddable":true,"href":"https:\/\/www.europesays.com\/fr\/wp-json\/wp\/v2\/comments?post=95988"}],"version-history":[{"count":0,"href":"https:\/\/www.europesays.com\/fr\/wp-json\/wp\/v2\/posts\/95988\/revisions"}],"wp:featuredmedia":[{"embeddable":true,"href":"https:\/\/www.europesays.com\/fr\/wp-json\/wp\/v2\/media\/95989"}],"wp:attachment":[{"href":"https:\/\/www.europesays.com\/fr\/wp-json\/wp\/v2\/media?parent=95988"}],"wp:term":[{"taxonomy":"category","embeddable":true,"href":"https:\/\/www.europesays.com\/fr\/wp-json\/wp\/v2\/categories?post=95988"},{"taxonomy":"post_tag","embeddable":true,"href":"https:\/\/www.europesays.com\/fr\/wp-json\/wp\/v2\/tags?post=95988"}],"curies":[{"name":"wp","href":"https:\/\/api.w.org\/{rel}","templated":true}]}}