{"id":95990,"date":"2025-05-13T05:05:10","date_gmt":"2025-05-13T05:05:10","guid":{"rendered":"https:\/\/www.europesays.com\/fr\/95990\/"},"modified":"2025-05-13T05:05:10","modified_gmt":"2025-05-13T05:05:10","slug":"a-laudience-routiere-du-mardi-la-cocaine-a-remplace-le-muscadet","status":"publish","type":"post","link":"https:\/\/www.europesays.com\/fr\/95990\/","title":{"rendered":"A l\u2019audience routi\u00e8re du mardi, \u00ab\u00a0la coca\u00efne a remplac\u00e9 le muscadet\u00a0\u00bb"},"content":{"rendered":"<p>Au tribunal de Rennes,<\/p>\n<p>Alcool et stup\u00e9fiants au volant, <a href=\"https:\/\/www.20minutes.fr\/dossier\/conduite_sans_permis\" class=\"color-ultramarine c-link\" target=\"_blank\" rel=\"noopener\">conduite sans permis<\/a> et\/ou sans assurance, d\u00e9lit de fuite, et dans la plupart des cas en \u00e9tat de r\u00e9cidive l\u00e9gale. Ainsi va la vie le mardi matin au tribunal correctionnel de Rennes, o\u00f9 se tient chaque semaine une audience consacr\u00e9e <a href=\"https:\/\/www.20minutes.fr\/dossier\/securite-routiere\" class=\"color-ultramarine c-link\" target=\"_blank\" rel=\"noopener\">aux infractions routi\u00e8res<\/a>. \u00ab\u00a0L\u2019audience muscadet\u00a0\u00bb, comme la surnomment encore quelques avocats au grand dam de la profession viticole, m\u00eame si beaucoup de robes noires pr\u00e9f\u00e8rent d\u00e9sormais l\u2019appeler \u00ab\u00a0l\u2019audience route.\u00a0\u00bb Car \u00ab\u00a0la coca\u00efne a d\u00e9sormais remplac\u00e9 le muscadet\u00a0\u00bb, glisse l\u2019une d\u2019entre elles lors d\u2019une suspension de s\u00e9ance.<\/p>\n<p>Comme tous les mardis ce matin-l\u00e0, les dossiers s\u2019encha\u00eenent rapidement, avec le d\u00e9lib\u00e9r\u00e9 rendu dans la foul\u00e9e. Le premier pr\u00e9venu \u00e0 s\u2019avancer \u00e0 la barre approche de la quarantaine. Conducteur routier de profession, il a \u00e9t\u00e9 r\u00e9veill\u00e9 par les gendarmes un matin de septembre\u00a02023 endormi au volant de son v\u00e9hicule, gar\u00e9 \u00e0 l\u2019arrache sur le bas-c\u00f4t\u00e9 d\u2019une route. \u00ab\u00a0Votre voiture empi\u00e9tait sur la chauss\u00e9e et vous \u00e9tiez en warning avec le moteur et l\u2019autoradio allum\u00e9s en train de dormir avec les mains sur le volant\u00a0\u00bb, \u00e9num\u00e8re la pr\u00e9sidente, lui rappelant aussi son taux d\u2019alcool\u00a0: 0,92 gramme par litre de sang.<\/p>\n<p>Endormi au volant, le moteur et l\u2019autoradio allum\u00e9s<\/p>\n<p>\u00ab\u00a0A cause de la fatigue\u00a0\u00bb, le pr\u00e9venu n\u2019a plus aucun souvenir du contr\u00f4le. Tout juste se rappelle-t-il d\u2019avoir pass\u00e9 la nuit pr\u00e9c\u00e9dente dans un h\u00f4tel des environs avec une amie avec qui il avait consomm\u00e9 de l\u2019alcool et d\u2019avoir quitt\u00e9 les lieux apr\u00e8s une altercation. En revanche, il ne reconna\u00eet pas l\u2019infraction car \u00ab\u00a0il ne conduisait pas et personne ne l\u2019a vu conduire\u00a0\u00bb, selon son avocate.<\/p>\n<p>Avec d\u00e9j\u00e0 treize condamnations au casier, dont certaines pour des infractions routi\u00e8res, il \u00e9cope finalement de soixante jours-amendes \u00e0 20 euros. Il devra \u00e9galement conduire <a href=\"https:\/\/www.20minutes.fr\/justice\/4146909-20250403-bretagne-alcoolisee-fait-souffler-mari-ethylotest-anti-demarrage-pouvoir-rouler\" class=\"color-ultramarine c-link\" target=\"_blank\" rel=\"noopener\">avec un \u00e9thylotest antid\u00e9marrage<\/a> pour une dur\u00e9e de quatre mois. \u00ab\u00a0Mais son patron ne pourra pas en installer un sur toute la flotte de camions, donc il va perdre son emploi\u00a0\u00bb, d\u00e9plore son avocate.<\/p>\n<p>\u00ab\u00a0Personne ne m\u2019a dit que je ne pouvais plus conduire\u00a0\u00bb<\/p>\n<p>Quelques minutes plus tard, un homme n\u00e9 en Tch\u00e9tch\u00e9nie se pr\u00e9sente devant le tribunal. Assez agit\u00e9, il est accompagn\u00e9 d\u2019un interpr\u00e8te en langue russe qui lui explique les faits qui lui sont reproch\u00e9s. A savoir toute une s\u00e9rie de d\u00e9lits routiers relev\u00e9s lors de trois contr\u00f4les \u00e0 Rennes en seulement un an et demi. Comme ce jour de janvier\u00a02023 o\u00f9 il avait conduit apr\u00e8s avoir consomm\u00e9 du cannabis, de la coca\u00efne et de l\u2019h\u00e9ro\u00efne. D\u00e9j\u00e0 condamn\u00e9 en\u00a02022 pour conduite sans permis et sans assurance, il plaide la mauvaise compr\u00e9hension.<\/p>\n<\/p>\n<p>\u00ab\u00a0Personne ne m\u2019a dit que je ne pouvais plus conduire car si on me l\u2019avait expliqu\u00e9 clairement, bien s\u00fbr que je n\u2019aurais pas pris le volant\u00a0\u00bb, s\u2019agace-t-il sans convaincre la procureure, qui ne croit \u00ab\u00a0pas un mot de ce qu\u2019il raconte.\u00a0\u00bb \u00ab\u00a0Bien s\u00fbr qu\u2019il savait qu\u2019il ne pouvait plus conduire\u00a0\u00bb, assure-t-elle. Abattu \u00e0 l\u2019\u00e9nonc\u00e9 du d\u00e9lib\u00e9r\u00e9, il se voit condamner \u00e0 cent vingt jours-amendes \u00e0 10 euros ainsi qu\u2019\u00e0 une interdiction de conduire pendant dix mois. Son v\u00e9hicule, auquel il tenait tant, lui est \u00e9galement confisqu\u00e9.<\/p>\n<p>Mauvaise foi et explications grotesques<\/p>\n<p>Dans ce genre d\u2019affaires, la mauvaise foi est souvent de rigueur chez les pr\u00e9venus, lesquels fournissent parfois des explications grotesques pour tenter de convaincre le tribunal de leur bonne foi. En vain le plus souvent. Comme ce jeune p\u00e8re de famille contr\u00f4l\u00e9 par deux fois au volant apr\u00e8s avoir fum\u00e9 <a href=\"https:\/\/www.20minutes.fr\/dossier\/cannabis\" class=\"color-ultramarine c-link\" target=\"_blank\" rel=\"noopener\">du cannabis<\/a>. Avec, pour ne rien arranger, une suspension de permis la premi\u00e8re fois. \u00ab\u00a0Je n\u2019ai jamais re\u00e7u le recommand\u00e9 de notification\u00a0\u00bb, affirme-t-il, faisant \u00e9galement croire au tribunal qu\u2019il pensait avoir \u00ab\u00a0fum\u00e9 du CBD\u00a0\u00bb trouv\u00e9 sur un terrain de basket. \u00ab\u00a0Il s\u2019enfonce dans ses mensonges avec une d\u00e9fense bien maladroite\u00a0\u00bb, s\u2019agace la procureure. La pr\u00e9sidente suit son raisonnement et le condamne \u00e0 deux mois de prison avec sursis avec suspension du permis pendant six mois et confiscation de son v\u00e9hicule.<\/p>\n<p>A la barre, tout le monde ne cherche pas non plus \u00e0 minimiser sa responsabilit\u00e9. Ce bient\u00f4t trentenaire reconna\u00eet ainsi sans ciller son comportement \u00ab\u00a0inadmissible et irr\u00e9fl\u00e9chi.\u00a0\u00bb Difficile en effet d\u2019admettre le contraire au vu du grave accident qu\u2019il a provoqu\u00e9 en septembre\u00a02023 sur la rocade rennaise. Apr\u00e8s une cure de d\u00e9sintoxication, il a rechut\u00e9 ce soir-l\u00e0, buvant de l\u2019alcool \u00e0 outrance et tapant de la coca\u00efne. D\u2019humeur noire, il a pris le volant en pleine nuit pour rejoindre une amie \u00e0 plus d\u2019une heure de route de son domicile.<\/p>\n<p>Il ne veut plus reconduire tant qu\u2019il ne sera pas soign\u00e9<\/p>\n<p>Roulant \u00e0 vive allure, l\u2019homme a percut\u00e9 violemment l\u2019arri\u00e8re gauche d\u2019une ambulance dans laquelle se trouvaient une m\u00e8re et sa fille enceinte. Il a ensuite abandonn\u00e9 son v\u00e9hicule avant de chercher \u00e0 s\u2019enfuir, mais les policiers l\u2019ont rapidement interpell\u00e9, \u00ab\u00a0titubant et les yeux vitreux.\u00a0\u00bb De l\u2019accident, le pr\u00e9venu n\u2019a plus que des vagues souvenirs m\u00eame s\u2019il continue \u00e0 le \u00ab\u00a0hanter.\u00a0\u00bb \u00ab\u00a0Les cons\u00e9quences auraient pu \u00eatre plus dramatiques et vous auriez pu provoquer des morts\u00a0?\u00a0\u00bb, l\u2019interroge la pr\u00e9sidente. \u00ab\u00a0Oui, j\u2019en suis conscient\u00a0\u00bb, r\u00e9pond-il, demandant pardon \u00e0 ses victimes pr\u00e9sentes dans la salle.<\/p>\n<p>Depuis cet accident, le jeune homme continue <a href=\"https:\/\/www.20minutes.fr\/societe\/4140465-20250225-plaisir-drogue-passait-avant-peur-mort-elisa-raconte-combat-contre-addictions\" class=\"color-ultramarine c-link\" target=\"_blank\" rel=\"noopener\">de soigner ses addictions<\/a>, qu\u2019il n\u2019arrive pas \u00e0 surmonter. Apr\u00e8s une suspension de permis, il aurait pu le r\u00e9cup\u00e9rer l\u2019an dernier mais ne l\u2019a pas souhait\u00e9. \u00ab\u00a0Il est hors de question que je conduise \u00e0 nouveau tant que je ne suis pas soign\u00e9\u00a0\u00bb, assure le pr\u00e9venu, qui doit entamer dans les prochains jours une nouvelle cure. D\u00e9j\u00e0 condamn\u00e9 quatre fois dans le pass\u00e9 pour des infractions routi\u00e8res, il \u00e9cope de dix mois de prison avec sursis avec annulation de son permis pendant deux ans et confiscation de son v\u00e9hicule. Il devra \u00e9galement indemniser ses victimes et rembourser l\u2019ambulance du CHU, d\u00e9clar\u00e9e \u00e9pave apr\u00e8s le choc.<\/p>\n","protected":false},"excerpt":{"rendered":"Au tribunal de Rennes, Alcool et stup\u00e9fiants au volant, conduite sans permis et\/ou sans assurance, d\u00e9lit de fuite,&hellip;\n","protected":false},"author":2,"featured_media":95991,"comment_status":"","ping_status":"","sticky":false,"template":"","format":"standard","meta":{"footnotes":""},"categories":[2821],"tags":[1111,47,11,5702,20933,829,4378,8057,19462,1052,1777,674,1011,27,848,303,12,5007,584,25,5009,3693],"class_list":{"0":"post-95990","1":"post","2":"type-post","3":"status-publish","4":"format-standard","5":"has-post-thumbnail","7":"category-rennes","8":"tag-actu","9":"tag-actualite","10":"tag-actualites","11":"tag-alcool","12":"tag-avocat","13":"tag-bretagne","14":"tag-chauffard","15":"tag-conducteur","16":"tag-delit-de-fuite","17":"tag-drogue","18":"tag-eu","19":"tag-europe","20":"tag-fr","21":"tag-france","22":"tag-ille-et-vilaine","23":"tag-justice","24":"tag-news","25":"tag-permis-de-conduire","26":"tag-rennes","27":"tag-republique-francaise","28":"tag-securite-routiere","29":"tag-tribunal"},"share_on_mastodon":{"url":"https:\/\/pubeurope.com\/@fr\/114498786180582486","error":""},"_links":{"self":[{"href":"https:\/\/www.europesays.com\/fr\/wp-json\/wp\/v2\/posts\/95990","targetHints":{"allow":["GET"]}}],"collection":[{"href":"https:\/\/www.europesays.com\/fr\/wp-json\/wp\/v2\/posts"}],"about":[{"href":"https:\/\/www.europesays.com\/fr\/wp-json\/wp\/v2\/types\/post"}],"author":[{"embeddable":true,"href":"https:\/\/www.europesays.com\/fr\/wp-json\/wp\/v2\/users\/2"}],"replies":[{"embeddable":true,"href":"https:\/\/www.europesays.com\/fr\/wp-json\/wp\/v2\/comments?post=95990"}],"version-history":[{"count":0,"href":"https:\/\/www.europesays.com\/fr\/wp-json\/wp\/v2\/posts\/95990\/revisions"}],"wp:featuredmedia":[{"embeddable":true,"href":"https:\/\/www.europesays.com\/fr\/wp-json\/wp\/v2\/media\/95991"}],"wp:attachment":[{"href":"https:\/\/www.europesays.com\/fr\/wp-json\/wp\/v2\/media?parent=95990"}],"wp:term":[{"taxonomy":"category","embeddable":true,"href":"https:\/\/www.europesays.com\/fr\/wp-json\/wp\/v2\/categories?post=95990"},{"taxonomy":"post_tag","embeddable":true,"href":"https:\/\/www.europesays.com\/fr\/wp-json\/wp\/v2\/tags?post=95990"}],"curies":[{"name":"wp","href":"https:\/\/api.w.org\/{rel}","templated":true}]}}