{"id":959920,"date":"2026-05-27T10:38:53","date_gmt":"2026-05-27T10:38:53","guid":{"rendered":"https:\/\/www.europesays.com\/fr\/959920\/"},"modified":"2026-05-27T10:38:53","modified_gmt":"2026-05-27T10:38:53","slug":"aid-el-kebir-2026-quest-ce-que-cette-grande-fete-celebree-par-les-musulmans-ce-mercredi","status":"publish","type":"post","link":"https:\/\/www.europesays.com\/fr\/959920\/","title":{"rendered":"A\u00efd el-K\u00e9bir 2026 : qu&rsquo;est-ce que cette \u00ab\u00a0grande f\u00eate\u00a0\u00bb c\u00e9l\u00e9br\u00e9e par les musulmans ce mercredi ?"},"content":{"rendered":"<p class=\"article-p mdl\">\u00c0 partir de ce mercredi 27 mai 2026, les musulmans du monde entier c\u00e9l\u00e8brent l&rsquo;A\u00efd el-K\u00e9bir, aussi appel\u00e9 A\u00efd al-Adha ou encore \u00ab\u00a0Tabaski\u00a0\u00bb dans plusieurs pays d&rsquo;Afrique. Cette\u00a0<a class=\"link\" href=\"https:\/\/www.rtl.fr\/actu\/debats-societe\/aid-el-kebir-la-date-de-la-fete-sacree-musulmane-est-desormais-connue-7900636103\" rel=\"nofollow noopener\" target=\"_blank\">f\u00eate majeure de l&rsquo;islam, dont le nom signifie litt\u00e9ralement \u00ab\u00a0la grande f\u00eate\u00a0\u00bb<\/a>, se d\u00e9roule pendant trois jours, jusqu&rsquo;au samedi 30 mai.<\/p>\n<p class=\"article-p mdl\">Le Conseil fran\u00e7ais du culte musulman a confirm\u00e9 la date de cette c\u00e9l\u00e9bration, fix\u00e9e au \u00ab\u00a010e jour du mois de\u00a0Dhou al-Hijja\u00a0\u00bb\u00a0(12e mois lunaire), le dernier mois du calendrier musulman. L&rsquo;A\u00efd el-K\u00e9bir d\u00e9bute au lendemain du rassemblement rituel des p\u00e8lerins au mont Arafat, situ\u00e9 \u00e0 une vingtaine de kilom\u00e8tres de La Mecque, l&rsquo;un des temps forts du \u00ab\u00a0hadj\u00a0\u00bb, le grand p\u00e8lerinage musulman.<\/p>\n<p class=\"article-p mdl\">Comme toutes les f\u00eates religieuses musulmanes, l&rsquo;A\u00efd el-K\u00e9bir suit le calendrier h\u00e9girien, un calendrier lunaire qui compte seulement 354 ou 355 jours. Dans ce calendrier,\u00a0<a class=\"link\" href=\"https:\/\/www.rtl.fr\/actu\/international\/tensions-entre-chiites-sunnites-et-chretiens-le-liban-est-il-au-bord-de-la-guerre-civile-avec-le-conflit-entre-israel-et-le-hezbollah-7900637779\" rel=\"nofollow noopener\" target=\"_blank\">les musulmans<\/a>\u00a0sont actuellement en l&rsquo;an 1447. C&rsquo;est pour cette raison que la f\u00eate se d\u00e9cale d&rsquo;environ onze jours chaque ann\u00e9e dans le calendrier gr\u00e9gorien.<\/p>\n<p>            Le sacrifice d&rsquo;Abraham<\/p>\n<p class=\"article-p mdl\">Cette f\u00eate comm\u00e9more la foi et l&rsquo;ob\u00e9issance du proph\u00e8te Ibrahim, appel\u00e9 Abraham dans la tradition chr\u00e9tienne et juive. Selon le r\u00e9cit coranique, Dieu a demand\u00e9 \u00e0 Abraham de sacrifier son fils Isma\u00ebl pour \u00e9prouver sa foi.\u00a0<\/p>\n<p class=\"article-p mdl\">Alors qu&rsquo;il s&rsquo;appr\u00eatait \u00e0 accomplir ce geste, un b\u00e9lier a finalement \u00e9t\u00e9 offert \u00e0 la place de l&rsquo;enfant par\u00a0l&rsquo;ange Gabriel (ou Jibril). Un \u00e9pisode \u00e9galement pr\u00e9sent dans l&rsquo;Ancien Testament, m\u00eame si certaines diff\u00e9rences existent entre les r\u00e9cits.<\/p>\n<p class=\"article-p mdl\">Aujourd&rsquo;hui encore, cet \u00e9v\u00e9nement est c\u00e9l\u00e9br\u00e9 \u00e0 travers le sacrifice rituel d&rsquo;un animal, g\u00e9n\u00e9ralement un mouton, une ch\u00e8vre ou parfois une vache. Plus t\u00f4t dans la matin\u00e9e, les fid\u00e8les v\u00eatus de leurs plus beaux habits se rassemblent dans les lieux de pri\u00e8re pour une grande pri\u00e8re collective.<\/p>\n<p>            Un moment de partage et de solidarit\u00e9<\/p>\n<p class=\"article-p mdl\">Apr\u00e8s l&rsquo;office, les familles qui en ont les moyens proc\u00e8dent au sacrifice, directement dans un abattoir agr\u00e9\u00e9 ou par l&rsquo;interm\u00e9diaire d&rsquo;un sacrificateur habilit\u00e9. La viande est ensuite traditionnellement partag\u00e9e en trois parts : une pour la famille, une pour les proches et voisins, et une derni\u00e8re destin\u00e9e aux personnes dans le besoin.<\/p>\n<p class=\"article-p mdl\">Au-del\u00e0 de la dimension religieuse, l&rsquo;A\u00efd el-K\u00e9bir est donc aussi un moment de partage, de solidarit\u00e9 et de convivialit\u00e9 familiale. L&rsquo;expression \u00ab\u00a0A\u00efd moubarak\u00a0\u00bb ou \u00ab\u00a0A\u00efd mabrouk\u00a0\u00bb est d&rsquo;ailleurs utilis\u00e9e pour adresser ses v\u0153ux \u00e0 ses proches pendant cette p\u00e9riode de f\u00eate.<\/p>\n<p>            Une f\u00eate tr\u00e8s encadr\u00e9e dans l&rsquo;Hexagone<\/p>\n<p class=\"article-p mdl\">En France, cette c\u00e9l\u00e9bration repr\u00e9sente un important d\u00e9fi logistique. Chaque ann\u00e9e, plus de 100.000 moutons sont abattus sur une p\u00e9riode de un \u00e0 trois jours, selon le minist\u00e8re de l&rsquo;Agriculture. Pour encadrer cette pratique, l&rsquo;abattage rituel est strictement r\u00e9glement\u00e9 et interdit en dehors des structures agr\u00e9\u00e9es. Des abattoirs temporaires peuvent \u00e9galement \u00eatre autoris\u00e9s dans certains d\u00e9partements durant la f\u00eate.<\/p>\n<p>En cas de manque d&rsquo;abattoirs, certains fid\u00e8les peuvent aussi se tourner vers les boucheries halal pour acheter un mouton sacrifi\u00e9 apr\u00e8s la pri\u00e8re de l&rsquo;A\u00efd el-K\u00e9bir.<\/p>\n<p>    La r\u00e9daction vous recommande<\/p>\n<p class=\"s-newsletter__title\">\n                L\u2019actualit\u00e9 par la r\u00e9daction de RTL dans votre bo\u00eete mail.\n            <\/p>\n<p class=\"s-newsletter__subtitle\">\n                Gr\u00e2ce \u00e0 votre compte RTL abonnez-vous \u00e0 la newsletter RTL info pour suivre toute l&rsquo;actualit\u00e9 au quotidien\n            <\/p>\n<p>\n                                    Lire la suite\n                                <\/p>\n","protected":false},"excerpt":{"rendered":"\u00c0 partir de ce mercredi 27 mai 2026, les musulmans du monde entier c\u00e9l\u00e8brent l&rsquo;A\u00efd el-K\u00e9bir, aussi appel\u00e9&hellip;\n","protected":false},"author":2,"featured_media":959921,"comment_status":"","ping_status":"","sticky":false,"template":"","format":"standard","meta":{"footnotes":"","_share_on_mastodon":"0"},"categories":[2],"tags":[11,14537,107,1011,27,5318,12,11725,25],"class_list":["post-959920","post","type-post","status-publish","format-standard","has-post-thumbnail","category-actualites","tag-actualites","tag-fetes","tag-fil-info","tag-fr","tag-france","tag-islam","tag-news","tag-religions","tag-republique-francaise"],"share_on_mastodon":{"url":"https:\/\/pubeurope.com\/@fr\/116646115080207360","error":""},"_links":{"self":[{"href":"https:\/\/www.europesays.com\/fr\/wp-json\/wp\/v2\/posts\/959920","targetHints":{"allow":["GET"]}}],"collection":[{"href":"https:\/\/www.europesays.com\/fr\/wp-json\/wp\/v2\/posts"}],"about":[{"href":"https:\/\/www.europesays.com\/fr\/wp-json\/wp\/v2\/types\/post"}],"author":[{"embeddable":true,"href":"https:\/\/www.europesays.com\/fr\/wp-json\/wp\/v2\/users\/2"}],"replies":[{"embeddable":true,"href":"https:\/\/www.europesays.com\/fr\/wp-json\/wp\/v2\/comments?post=959920"}],"version-history":[{"count":0,"href":"https:\/\/www.europesays.com\/fr\/wp-json\/wp\/v2\/posts\/959920\/revisions"}],"wp:featuredmedia":[{"embeddable":true,"href":"https:\/\/www.europesays.com\/fr\/wp-json\/wp\/v2\/media\/959921"}],"wp:attachment":[{"href":"https:\/\/www.europesays.com\/fr\/wp-json\/wp\/v2\/media?parent=959920"}],"wp:term":[{"taxonomy":"category","embeddable":true,"href":"https:\/\/www.europesays.com\/fr\/wp-json\/wp\/v2\/categories?post=959920"},{"taxonomy":"post_tag","embeddable":true,"href":"https:\/\/www.europesays.com\/fr\/wp-json\/wp\/v2\/tags?post=959920"}],"curies":[{"name":"wp","href":"https:\/\/api.w.org\/{rel}","templated":true}]}}