{"id":95994,"date":"2025-05-13T05:07:08","date_gmt":"2025-05-13T05:07:08","guid":{"rendered":"https:\/\/www.europesays.com\/fr\/95994\/"},"modified":"2025-05-13T05:07:08","modified_gmt":"2025-05-13T05:07:08","slug":"la-ville-sollicite-lavis-des-strasbourgeois-pour-ajuster-les-extinctions","status":"publish","type":"post","link":"https:\/\/www.europesays.com\/fr\/95994\/","title":{"rendered":"la Ville sollicite l\u2019avis des Strasbourgeois pour \u00ab\u00a0ajuster\u00a0\u00bb les extinctions"},"content":{"rendered":"<p>Fortement touch\u00e9e dans son budget par \u00ab\u00a0la hausse des co\u00fbts de l\u2019\u00e9nergie\u00a0\u00bb et tr\u00e8s consciente de \u00ab\u00a0la n\u00e9cessit\u00e9 d\u2019agir pour le changement climatique\u00a0\u00bb, la municipalit\u00e9 strasbourgeoise rappelle sur le site de la Ville qu\u2019elle a mis en place en 2023 plusieurs mesures visant \u00e0 r\u00e9duire sa consommation \u00e9nerg\u00e9tique. Depuis le d\u00e9but du mandat, il s\u2019agit d\u2019\u00e9teindre Strasbourg pour faire des \u00e9conomies, pr\u00e9server la faune et la flore locales et rendre le ciel nocturne aux habitants.<\/p>\n<p>100\u00a0% de lampadaires LED en 2030<\/p>\n<p>Un coup d\u2019acc\u00e9l\u00e9rateur a \u00e9t\u00e9 donn\u00e9 pour remplacer les lampadaires halog\u00e8nes par des \u00e9quipements LED, moins gourmands en \u00e9lectricit\u00e9. La moiti\u00e9 d\u2019entre eux sont \u00e9quip\u00e9s aujourd\u2019hui de cette technologie. L\u2019ambition est de viser l\u2019int\u00e9gralit\u00e9 \u00e0 l\u2019horizon 2030. Mais l\u2019action la plus spectaculaire \u2013 et controvers\u00e9e &#8211; de&#8230;<\/p>\n","protected":false},"excerpt":{"rendered":"Fortement touch\u00e9e dans son budget par \u00ab\u00a0la hausse des co\u00fbts de l\u2019\u00e9nergie\u00a0\u00bb et tr\u00e8s consciente de \u00ab\u00a0la n\u00e9cessit\u00e9&hellip;\n","protected":false},"author":2,"featured_media":95995,"comment_status":"","ping_status":"","sticky":false,"template":"","format":"standard","meta":{"footnotes":""},"categories":[2820],"tags":[1111,11,2389,2649,1984,2880,436,1777,674,107,1011,27,775,3035,12,316,1800,5140,25,640,2879],"class_list":{"0":"post-95994","1":"post","2":"type-post","3":"status-publish","4":"format-standard","5":"has-post-thumbnail","7":"category-strasbourg","8":"tag-actu","9":"tag-actualites","10":"tag-alsace","11":"tag-bas-rhin","12":"tag-conseil-municipal","13":"tag-edition-strasbourg","14":"tag-environnement","15":"tag-eu","16":"tag-europe","17":"tag-fil-info","18":"tag-fr","19":"tag-france","20":"tag-grand-est","21":"tag-la-matinale-strasbourg","22":"tag-news","23":"tag-politique","24":"tag-pollution","25":"tag-rechauffement-climatique","26":"tag-republique-francaise","27":"tag-strasbourg","28":"tag-strasbourg-ville"},"share_on_mastodon":{"url":"https:\/\/pubeurope.com\/@fr\/114498793880998989","error":""},"_links":{"self":[{"href":"https:\/\/www.europesays.com\/fr\/wp-json\/wp\/v2\/posts\/95994","targetHints":{"allow":["GET"]}}],"collection":[{"href":"https:\/\/www.europesays.com\/fr\/wp-json\/wp\/v2\/posts"}],"about":[{"href":"https:\/\/www.europesays.com\/fr\/wp-json\/wp\/v2\/types\/post"}],"author":[{"embeddable":true,"href":"https:\/\/www.europesays.com\/fr\/wp-json\/wp\/v2\/users\/2"}],"replies":[{"embeddable":true,"href":"https:\/\/www.europesays.com\/fr\/wp-json\/wp\/v2\/comments?post=95994"}],"version-history":[{"count":0,"href":"https:\/\/www.europesays.com\/fr\/wp-json\/wp\/v2\/posts\/95994\/revisions"}],"wp:featuredmedia":[{"embeddable":true,"href":"https:\/\/www.europesays.com\/fr\/wp-json\/wp\/v2\/media\/95995"}],"wp:attachment":[{"href":"https:\/\/www.europesays.com\/fr\/wp-json\/wp\/v2\/media?parent=95994"}],"wp:term":[{"taxonomy":"category","embeddable":true,"href":"https:\/\/www.europesays.com\/fr\/wp-json\/wp\/v2\/categories?post=95994"},{"taxonomy":"post_tag","embeddable":true,"href":"https:\/\/www.europesays.com\/fr\/wp-json\/wp\/v2\/tags?post=95994"}],"curies":[{"name":"wp","href":"https:\/\/api.w.org\/{rel}","templated":true}]}}