{"id":96000,"date":"2025-05-13T05:10:08","date_gmt":"2025-05-13T05:10:08","guid":{"rendered":"https:\/\/www.europesays.com\/fr\/96000\/"},"modified":"2025-05-13T05:10:08","modified_gmt":"2025-05-13T05:10:08","slug":"jard-sur-mer-le-bistrot-dedith-et-marcel-a-cartonne","status":"publish","type":"post","link":"https:\/\/www.europesays.com\/fr\/96000\/","title":{"rendered":"Jard-sur-Mer. Le bistrot d\u2019Edith et Marcel a cartonn\u00e9"},"content":{"rendered":"<p>L\u2019Association Jard Accueil a remis son atelier th\u00e9\u00e2tre en sc\u00e8ne, pour pr\u00e9senter Les br\u00e8ves de bistrot. Les deux repr\u00e9sentations, les 29\u00a0avril et 10\u00a0mai, se sont jou\u00e9es \u00e0 guichets ferm\u00e9s au cin\u00e9ma des Ormeaux. Une dizaine d\u2019acteurs et actrices amateurs ont men\u00e9 la danse chez Edith et Marcel, pour cancaner dans la bonne humeur avec \u00e9norm\u00e9ment d\u2019humour. \u00a0Je ne sais pas pourquoi, mais j\u2019ai le pressentiment que cette journ\u00e9e sera radieuse et pleine de rires\u00a0\u00bb, commence Edith, en s\u2019adressant \u00e0 son Coco. Puis les habitu\u00e9s du lieu d\u00e9filent.<\/p>\n<p>Entre B\u00e9bert qui va passer en coup de vent, les comm\u00e8res et leurs histoires, la patronne du salon de coiffure d\u2019\u00e0 c\u00f4t\u00e9, l\u2019intellectuelle prof de th\u00e9\u00e2tre avec son \u00e9l\u00e8ve, sans compter Edgar, toujours accoud\u00e9 au bar, et les fac\u00e9ties de la serveuse aux prises avec son ordinateur, tous les com\u00e9diens, \u00e0 la fois chanteurs et danseurs, ont assur\u00e9 leur r\u00f4le \u00e0 la perfection, encadr\u00e9s de leur metteur en sc\u00e8ne, G\u00e9rald.<\/p>\n<p>\u00a0Bravo et f\u00e9licitations aux participants qui n\u2019ont qu\u2019une ambition, faire rire en ces temps difficiles. Gr\u00e2ce au talent, \u00e0 la performance, \u00e0 la passion, \u00e0 la g\u00e9n\u00e9rosit\u00e9, la magie a op\u00e9r\u00e9. Les com\u00e9diens amateurs ont partag\u00e9 le plaisir de jouer devant un nombreux public\u00a0, a soulign\u00e9 le pr\u00e9sident de Jard Accueil, Jean-Claude Nachtergaele.<\/p>\n<p>\u00a0<\/p>\n","protected":false},"excerpt":{"rendered":"L\u2019Association Jard Accueil a remis son atelier th\u00e9\u00e2tre en sc\u00e8ne, pour pr\u00e9senter Les br\u00e8ves de bistrot. Les deux&hellip;\n","protected":false},"author":2,"featured_media":96001,"comment_status":"","ping_status":"","sticky":false,"template":"","format":"standard","meta":{"footnotes":""},"categories":[2818],"tags":[1111,11,19808,20936,20935,1777,674,1011,27,20934,19797,766,12,2636,25,6689,9693],"class_list":{"0":"post-96000","1":"post","2":"type-post","3":"status-publish","4":"format-standard","5":"has-post-thumbnail","7":"category-nantes","8":"tag-actu","9":"tag-actualites","10":"tag-bistrot","11":"tag-cartonne","12":"tag-edith","13":"tag-eu","14":"tag-europe","15":"tag-fr","16":"tag-france","17":"tag-jard-sur-mer","18":"tag-marcel","19":"tag-nantes","20":"tag-news","21":"tag-pays-de-la-loire","22":"tag-republique-francaise","23":"tag-roche","24":"tag-yon"},"share_on_mastodon":{"url":"https:\/\/pubeurope.com\/@fr\/114498805765946233","error":""},"_links":{"self":[{"href":"https:\/\/www.europesays.com\/fr\/wp-json\/wp\/v2\/posts\/96000","targetHints":{"allow":["GET"]}}],"collection":[{"href":"https:\/\/www.europesays.com\/fr\/wp-json\/wp\/v2\/posts"}],"about":[{"href":"https:\/\/www.europesays.com\/fr\/wp-json\/wp\/v2\/types\/post"}],"author":[{"embeddable":true,"href":"https:\/\/www.europesays.com\/fr\/wp-json\/wp\/v2\/users\/2"}],"replies":[{"embeddable":true,"href":"https:\/\/www.europesays.com\/fr\/wp-json\/wp\/v2\/comments?post=96000"}],"version-history":[{"count":0,"href":"https:\/\/www.europesays.com\/fr\/wp-json\/wp\/v2\/posts\/96000\/revisions"}],"wp:featuredmedia":[{"embeddable":true,"href":"https:\/\/www.europesays.com\/fr\/wp-json\/wp\/v2\/media\/96001"}],"wp:attachment":[{"href":"https:\/\/www.europesays.com\/fr\/wp-json\/wp\/v2\/media?parent=96000"}],"wp:term":[{"taxonomy":"category","embeddable":true,"href":"https:\/\/www.europesays.com\/fr\/wp-json\/wp\/v2\/categories?post=96000"},{"taxonomy":"post_tag","embeddable":true,"href":"https:\/\/www.europesays.com\/fr\/wp-json\/wp\/v2\/tags?post=96000"}],"curies":[{"name":"wp","href":"https:\/\/api.w.org\/{rel}","templated":true}]}}