{"id":960444,"date":"2026-05-27T16:18:18","date_gmt":"2026-05-27T16:18:18","guid":{"rendered":"https:\/\/www.europesays.com\/fr\/960444\/"},"modified":"2026-05-27T16:18:18","modified_gmt":"2026-05-27T16:18:18","slug":"dix-morts-en-six-mois-grenoble-et-sa-banlieue-vivent-des-guerres-de-territoires-exacerbees-actualites","status":"publish","type":"post","link":"https:\/\/www.europesays.com\/fr\/960444\/","title":{"rendered":"Dix morts en six mois: Grenoble et sa banlieue vivent des \u00ab\u00a0guerres de territoires exacerb\u00e9es\u00a0\u00bb : Actualit\u00e9s"},"content":{"rendered":"<p class=\"lead \">Dix hommes ont \u00e9t\u00e9 tu\u00e9s par balles sur la voie publique en six mois \u00e0 Grenoble et dans sa banlieue dans le cadre de \u00ab\u00a0guerres de territoires exacerb\u00e9es\u00a0\u00bb entre trafiquants de drogue, a d\u00e9plor\u00e9 mercredi le procureur Etienne Manteaux. <\/p>\n<p class=\"lead \">Si Grenoble a d\u00e9j\u00e0 v\u00e9cu des violences li\u00e9es au narcotrafic, \u00ab\u00a0un palier a \u00e9t\u00e9 franchi puisque les individus ne tirent plus aujourd&rsquo;hui pour impressionner mais tirent pour tuer\u00a0\u00bb, a constat\u00e9 le magistrat lors d&rsquo;une conf\u00e9rence de presse.<\/p>\n<p class=\"lead \">S&rsquo;exprimant au lendemain d&rsquo;une fusillade ayant fait un mort et quatre bless\u00e9s pr\u00e8s d&rsquo;un point de deal de Grenoble, le procureur a pr\u00e9cis\u00e9 que les faits avaient fait l&rsquo;objet d&rsquo;une \u00ab\u00a0forme de revendication\u00a0\u00bb. <\/p>\n<p class=\"lead \">Une vid\u00e9o montrant le passager d&rsquo;une voiture tirer par la fen\u00eatre avant, et film\u00e9 depuis le si\u00e8ge arri\u00e8re, a circul\u00e9 toute la journ\u00e9e sur les r\u00e9seaux sociaux.<\/p>\n<p class=\"lead \">Alors que d&rsquo;autres vid\u00e9os de ce type, certaines accompagn\u00e9es de messages mena\u00e7ants, ont \u00e9t\u00e9 mises en ligne ces derniers jours, Etienne Manteaux a relev\u00e9 une nouvelle \u00ab\u00a0habitude dramatique\u00a0\u00bb des auteurs d&rsquo;homicides consistant \u00e0 \u00ab\u00a0se filmer pour impressionner\u00a0\u00bb. <\/p>\n<p class=\"lead \">L&rsquo;homme d\u00e9c\u00e9d\u00e9 mardi soir, \u00e2g\u00e9 de 33 ans, pr\u00e9sentait 11 condamnations \u00e0 son casier judiciaire. Touch\u00e9 par deux balles au dos, il sera autopsi\u00e9 jeudi. <\/p>\n<p class=\"lead \">La fusillade a touch\u00e9 quatre autres hommes, tous dot\u00e9s de lourds casiers, pr\u00e9sentant \u00ab\u00a0des blessures qui auraient pu \u00eatre mortelles\u00a0\u00bb, et qui pour certains \u00ab\u00a0ont manifestement eu beaucoup de chance\u00a0\u00bb, a soulign\u00e9 le procureur.<\/p>\n<p class=\"lead \">Pour lui, ces faits \u00ab\u00a0apparaissent de fa\u00e7on \u00e9vidente comme une riposte\u00a0\u00bb \u00e0 des tirs mortels survenus dimanche dans la commune voisine d&rsquo;Echirolles, qui avaient entra\u00een\u00e9 la mort d&rsquo;un homme, un \u00ab\u00a0mineur de 16 ans\u00a0\u00bb, dont le corps a \u00e9t\u00e9 retrouv\u00e9 dans un v\u00e9hicule calcin\u00e9. <\/p>\n<p class=\"lead \">Les deux dossiers ont \u00e9t\u00e9 transmis \u00e0 la juridiction interr\u00e9gionale sp\u00e9cialis\u00e9e de Lyon.<\/p>\n<p class=\"lead \">\u00ab\u00a0C&rsquo;est un d\u00e9fi redoutable que nous posent aujourd&rsquo;hui les narcotrafiquants avec un recours aussi d\u00e9sinhib\u00e9 \u00e0 la violence et avec une organisation aussi difficile \u00e0 d\u00e9manteler\u00a0\u00bb, a soulign\u00e9 Etienne Manteaux, \u00e9voquant des donneurs d&rsquo;ordre \u00ab\u00a0potentiellement non r\u00e9sidents sur le territoire national et une capacit\u00e9, via les r\u00e9seaux sociaux, \u00e0 recruter des hommes de main\u00a0\u00bb. <\/p>\n<p class=\"lead \">\u00ab\u00a0Cela complexifie consid\u00e9rablement tant l&rsquo;\u00e9lucidation que le d\u00e9mant\u00e8lement de ces organisations criminelles quand elles sont aussi peu implant\u00e9es en local\u00a0\u00bb, a-t-il ajout\u00e9, pr\u00e9cisant avoir propos\u00e9 \u00e0 la maire \u00e9cologiste de Grenoble Laurence Ruffin de \u00ab\u00a0r\u00e9activer\u00a0\u00bb des groupes locaux de traitement des d\u00e9linquances. \u00ab\u00a0J&rsquo;ai senti une oreille attentive\u00a0\u00bb de sa part, a-t-il dit, \u00e9voquant une premi\u00e8re r\u00e9union en ce sens vendredi.<\/p>\n<p class=\"small font-weight-bold text-gray3 \"> publi\u00e9 le 27 mai \u00e0 18h15, AFP<\/p>\n<p>                             Partager<\/p>\n","protected":false},"excerpt":{"rendered":"Dix hommes ont \u00e9t\u00e9 tu\u00e9s par balles sur la voie publique en six mois \u00e0 Grenoble et dans&hellip;\n","protected":false},"author":2,"featured_media":960445,"comment_status":"","ping_status":"","sticky":false,"template":"","format":"standard","meta":{"footnotes":"","_share_on_mastodon":"0"},"categories":[9566],"tags":[1111,11,2430,3992,1769,1777,674,1011,27,2731,2683,12,25],"class_list":["post-960444","post","type-post","status-publish","format-standard","has-post-thumbnail","category-grenoble","tag-actu","tag-actualites","tag-auvergne-rhone-alpes","tag-drogues","tag-enqute","tag-eu","tag-europe","tag-fr","tag-france","tag-grenoble","tag-homicide","tag-news","tag-republique-francaise"],"share_on_mastodon":{"url":"https:\/\/pubeurope.com\/@fr\/116647448228287606","error":""},"_links":{"self":[{"href":"https:\/\/www.europesays.com\/fr\/wp-json\/wp\/v2\/posts\/960444","targetHints":{"allow":["GET"]}}],"collection":[{"href":"https:\/\/www.europesays.com\/fr\/wp-json\/wp\/v2\/posts"}],"about":[{"href":"https:\/\/www.europesays.com\/fr\/wp-json\/wp\/v2\/types\/post"}],"author":[{"embeddable":true,"href":"https:\/\/www.europesays.com\/fr\/wp-json\/wp\/v2\/users\/2"}],"replies":[{"embeddable":true,"href":"https:\/\/www.europesays.com\/fr\/wp-json\/wp\/v2\/comments?post=960444"}],"version-history":[{"count":0,"href":"https:\/\/www.europesays.com\/fr\/wp-json\/wp\/v2\/posts\/960444\/revisions"}],"wp:featuredmedia":[{"embeddable":true,"href":"https:\/\/www.europesays.com\/fr\/wp-json\/wp\/v2\/media\/960445"}],"wp:attachment":[{"href":"https:\/\/www.europesays.com\/fr\/wp-json\/wp\/v2\/media?parent=960444"}],"wp:term":[{"taxonomy":"category","embeddable":true,"href":"https:\/\/www.europesays.com\/fr\/wp-json\/wp\/v2\/categories?post=960444"},{"taxonomy":"post_tag","embeddable":true,"href":"https:\/\/www.europesays.com\/fr\/wp-json\/wp\/v2\/tags?post=960444"}],"curies":[{"name":"wp","href":"https:\/\/api.w.org\/{rel}","templated":true}]}}