{"id":961074,"date":"2026-05-27T23:07:18","date_gmt":"2026-05-27T23:07:18","guid":{"rendered":"https:\/\/www.europesays.com\/fr\/961074\/"},"modified":"2026-05-27T23:07:18","modified_gmt":"2026-05-27T23:07:18","slug":"escapades-autour-de-lyon-et-dans-la-region-le-hors-serie-du-magazine-lyon-capitale","status":"publish","type":"post","link":"https:\/\/www.europesays.com\/fr\/961074\/","title":{"rendered":"\u201cEscapades autour de Lyon et dans la r\u00e9gion\u201d, le hors-s\u00e9rie du magazine Lyon Capitale"},"content":{"rendered":"<p>\u00a0Vous pourrez notamment retrouver dans ce<strong> num\u00e9ro n\u00b0 hors-s\u00e9rie Escapades \u2013 \u00e9t\u00e9 2026 :<br \/><\/strong>\u00a08 itin\u00e9raires de Promenades et Randonn\u00e9es PR labellis\u00e9s <a href=\"https:\/\/auvergne-rhone-alpes.ffrandonnee.fr\/\" target=\"_blank\" rel=\"noopener nofollow\">FFRandonn\u00e9e &#8211; F\u00e9d\u00e9ration Fran\u00e7aise de la Randonn\u00e9e P\u00e9destre<\/a> r\u00e9partis sur toute la r\u00e9gion. <\/p>\n<p>Ces itin\u00e9raires PR Promenades et Randonn\u00e9es sont des boucles \u00e0 la journ\u00e9e de diff\u00e9rents niveaux de difficult\u00e9. <br \/>Ils permettront\u00a0 de d\u00e9couvrir : le Val de Sa\u00f4ne, l&rsquo;ouest du Vercors Dr\u00f4mois, le Parc naturel r\u00e9gional du Pilat, le Haut-Lignon, le massif de Belledonne, le plateau des Gli\u00e8res, le Jura, ou encore le Parc naturel r\u00e9gional des Baronnies Proven\u00e7ales! \u00a0<\/p>\n<p>Les propositions d\u00e9taillent\u00a0 les parcours accompagn\u00e9s de cartes.<\/p>\n<p>Le comit\u00e9 <a href=\"https:\/\/auvergne-rhone-alpes.ffrandonnee.fr\/\" target=\"_blank\" rel=\"noopener nofollow\">FFRandonn\u00e9e Auvergne-Rh\u00f4ne-Alpes<\/a> est partenaire du magazine.\u00a0<\/p>\n<p><strong><a href=\"https:\/\/www.lyoncapitale.fr\/produit\/hors-serie-escapades-ete-2026\" target=\"_blank\" rel=\"noopener nofollow\">Le n\u00b0 hors-s\u00e9rie Escapades \u2013 \u00e9t\u00e9 2026<\/a>. Escapades autour de Lyon et dans la r\u00e9gion.<\/strong><\/p>\n<p style=\"text-align: center;\"> <img loading=\"lazy\" decoding=\"async\" width=\"338\" height=\"433\" alt=\"\" src=\"https:\/\/www.europesays.com\/fr\/wp-content\/uploads\/2026\/05\/escapades-lyon-2026-bis-702x899.jpg\"\/> <\/p>\n<p><strong>Pour aller plus loin dans la r\u00e9gion :\u00a0<\/strong><\/p>\n<p>&gt;&gt; Retrouver les <a href=\"https:\/\/boutique.ffrandonnee.fr\/topoguides?region=auvergne-rhone-alpes\" target=\"_blank\" rel=\"noopener nofollow\">75 titres de Topoguides<\/a> pour d\u00e9couvrir la r\u00e9gion Auvergne-Rhone-Alpes \u00e0 pied.\u00a0<\/p>\n<p>&gt;&gt; Consulter la carte interactive propos\u00e9e par l\u2019application mobile <a href=\"https:\/\/auvergne-rhone-alpes.ffrandonnee.fr\/circuits-de-randonnee\/\" target=\"_blank\" rel=\"noopener nofollow\">MaRando\u00ae avec plus de 1500 circuits<\/a> disponibles.\u00a0<\/p>\n<p>&gt;&gt; Tenter l\u2019aventure de la Micro-aventure, avec <a href=\"https:\/\/auvergne-rhone-alpes.ffrandonnee.fr\/micro-aventures\/\" target=\"_blank\" rel=\"noopener nofollow\">37 id\u00e9es de randonn\u00e9es de 2 \u00e0 5 jours de marche<\/a> pour tous les niveaux.\u00a0<\/p>\n<p>&gt;&gt; <a href=\"https:\/\/www.ter.sncf.com\/auvergne-rhone-alpes\/une-gare-une-rando-page-d-accueil\" target=\"_blank\" rel=\"noopener nofollow\">Une gare TER, une rando<\/a> : des itin\u00e9raires p\u00e9destres directement accessible en train.\u00a0<\/p>\n","protected":false},"excerpt":{"rendered":"\u00a0Vous pourrez notamment retrouver dans ce num\u00e9ro n\u00b0 hors-s\u00e9rie Escapades \u2013 \u00e9t\u00e9 2026 :\u00a08 itin\u00e9raires de Promenades et&hellip;\n","protected":false},"author":2,"featured_media":961075,"comment_status":"","ping_status":"","sticky":false,"template":"","format":"standard","meta":{"footnotes":"","_share_on_mastodon":"0"},"categories":[1889],"tags":[1111,11,28225,2430,28226,28217,28218,1777,674,28216,28227,28228,1011,27,28211,28212,28215,28224,28219,2428,28222,12,28213,28221,28220,25,28214,28223],"class_list":["post-961074","post","type-post","status-publish","format-standard","has-post-thumbnail","category-lyon","tag-actu","tag-actualites","tag-animateur-de-randonnee","tag-auvergne-rhone-alpes","tag-balisage","tag-clubs-de-randonnee","tag-disciplines-de-randonnee","tag-eu","tag-europe","tag-federation-francaise-de-la-randonnee-pedestre","tag-ffrandonnee","tag-ffrp","tag-fr","tag-france","tag-gr","tag-grande-randonnee","tag-itineraires-de-randonnee","tag-itinerance","tag-longe-cote","tag-lyon","tag-marche-nordique","tag-news","tag-promenade-et-randonnee","tag-rando-challenge","tag-raquette-a-neige","tag-republique-francaise","tag-topoguide","tag-trek"],"share_on_mastodon":{"url":"https:\/\/pubeurope.com\/@fr\/116649057600441851","error":""},"_links":{"self":[{"href":"https:\/\/www.europesays.com\/fr\/wp-json\/wp\/v2\/posts\/961074","targetHints":{"allow":["GET"]}}],"collection":[{"href":"https:\/\/www.europesays.com\/fr\/wp-json\/wp\/v2\/posts"}],"about":[{"href":"https:\/\/www.europesays.com\/fr\/wp-json\/wp\/v2\/types\/post"}],"author":[{"embeddable":true,"href":"https:\/\/www.europesays.com\/fr\/wp-json\/wp\/v2\/users\/2"}],"replies":[{"embeddable":true,"href":"https:\/\/www.europesays.com\/fr\/wp-json\/wp\/v2\/comments?post=961074"}],"version-history":[{"count":0,"href":"https:\/\/www.europesays.com\/fr\/wp-json\/wp\/v2\/posts\/961074\/revisions"}],"wp:featuredmedia":[{"embeddable":true,"href":"https:\/\/www.europesays.com\/fr\/wp-json\/wp\/v2\/media\/961075"}],"wp:attachment":[{"href":"https:\/\/www.europesays.com\/fr\/wp-json\/wp\/v2\/media?parent=961074"}],"wp:term":[{"taxonomy":"category","embeddable":true,"href":"https:\/\/www.europesays.com\/fr\/wp-json\/wp\/v2\/categories?post=961074"},{"taxonomy":"post_tag","embeddable":true,"href":"https:\/\/www.europesays.com\/fr\/wp-json\/wp\/v2\/tags?post=961074"}],"curies":[{"name":"wp","href":"https:\/\/api.w.org\/{rel}","templated":true}]}}