{"id":96108,"date":"2025-05-13T06:12:07","date_gmt":"2025-05-13T06:12:07","guid":{"rendered":"https:\/\/www.europesays.com\/fr\/96108\/"},"modified":"2025-05-13T06:12:07","modified_gmt":"2025-05-13T06:12:07","slug":"faut-il-un-nouveau-palais-de-justice-a-rouen-la-reponse-de-normand-de-gerald-darmanin","status":"publish","type":"post","link":"https:\/\/www.europesays.com\/fr\/96108\/","title":{"rendered":"Faut-il un nouveau palais de justice \u00e0 Rouen ? La r\u00e9ponse de Normand de G\u00e9rald Darmanin"},"content":{"rendered":"<p>            Par<br \/>\n        <strong><br \/>\n            <a href=\"https:\/\/actu.fr\/auteur\/julien-bouteiller\" title=\"Consulter tous les articles de Julien Bouteiller\" rel=\"nofollow noopener\" target=\"_blank\">Julien Bouteiller<\/a><br \/>\n        <\/strong><\/p>\n<p>        Publi\u00e9 le<\/p>\n<p>            13 mai 2025 \u00e0 8h00        <\/p>\n<p>Cela fait des ann\u00e9es que la question <strong>du d\u00e9m\u00e9nagement du palais de justice de Rouen<\/strong> est sur la table. Un projet, en face de la prison Bonne Nouvelle, avait m\u00eame \u00e9t\u00e9 lanc\u00e9 puis enterr\u00e9 par Rachida Dati.<br \/>Mais l\u2019id\u00e9e n\u2019est pas morte, loin de l\u00e0. Et la venue de <a href=\"https:\/\/actu.fr\/tag\/gerald-darmanin\" rel=\"nofollow noopener\" target=\"_blank\">G\u00e9rald Darmanin<\/a>, ministre de la Justice, ce lundi 12\u00a0mai 2025, a \u00e9t\u00e9 l\u2019occasion de remettre une pi\u00e8ce dans la machine. <strong>Mais le Garde des Sceaux a opt\u00e9 pour une r\u00e9ponse de Normand\u2026<\/strong><\/p>\n<p>D\u00e9m\u00e9nager le palais de justice\u2009: un vieux d\u00e9bat \u00e0 Rouen<\/p>\n<p class=\" wall-content\">G\u00e9rald Darmanin s\u2019est d\u00e9plac\u00e9 \u00e0 Rouen pour \u00ab\u2009\u00e9couter les magistrats et voir comment on peut am\u00e9liorer les services publics de la justice\u2009\u00bb, explique-t-il. Et alors qu\u2019il venait annoncer <a href=\"https:\/\/actu.fr\/normandie\/rouen_76540\/bonne-nouvelle-pour-la-prison-de-rouen-gerald-darmanin-annonce-30-millions-d-euros-de-travaux_62624443.html\" rel=\"nofollow noopener\" target=\"_blank\">une enveloppe de 30\u00a0millions d\u2019euros<\/a> pour r\u00e9nover la v\u00e9tuste prison de Rouen, le ministre de la justice n\u2019a pas manqu\u00e9 d\u2019\u00e9voquer non plus l\u2019\u00e9pineuse question <strong>du palais de justice<\/strong>.<\/p>\n<p class=\" wall-content\">En effet, les magistrats, avocats et personnels qui y travaillent soulignent depuis des ann\u00e9es <strong>sa v\u00e9tust\u00e9 et sa trop petite taille<\/strong>. Au point que <a href=\"https:\/\/actu.fr\/normandie\/rouen_76540\/tribunal-de-rouen-faute-de-mieux-les-magistrats-contraints-de-louer-de-nouveaux-locaux_62352194.html\" rel=\"nofollow noopener\" target=\"_blank\">les services sont \u00e9clat\u00e9s en diff\u00e9rents locaux<\/a>. \u00ab\u2009Tout le monde perd son temps \u00e0 naviguer entre tous nos sites\u2009!\u2009\u00bb, regrettait d\u00e9j\u00e0 en 2021 la pr\u00e9sidente de la Cour d\u2019appel, Marie-Christine Leprince.<\/p>\n<p class=\" wall-content\">En 2024, c\u2019est le maire et pr\u00e9sident de la M\u00e9tropole, <strong>Nicolas Mayer-Rossignol<\/strong>, qui a remis sur la table l\u2019id\u00e9e <a href=\"https:\/\/actu.fr\/normandie\/rouen_76540\/nicolas-mayer-rossignol-veut-deplacer-le-palais-de-justice-sur-la-rive-gauche-de-rouen_61574945.html\" rel=\"nofollow noopener\" target=\"_blank\">de d\u00e9m\u00e9nager le palais de justice sur la rive gauche<\/a>. S\u2019il s\u2019est dit pr\u00eat \u00e0 contribuer financi\u00e8rement, il a rappel\u00e9 que la d\u00e9cision revient toutefois au minist\u00e8re.<\/p>\n<p>\u00ab\u2009Il nous faut 15 000m\u00b2\u00bb selon G\u00e9rald Darmanin<\/p>\n<p class=\" wall-content\">\u00c0 ce sujet, <strong>G\u00e9rald Darmanin s\u2019est montr\u00e9 vague<\/strong>. \u00ab\u2009Il ne s\u2019agit pas pour nous de d\u00e9m\u00e9nager l\u2019ensemble des services judiciaires du centre-ville de Rouen\u2009\u00bb, a-t-il d\u00e9clar\u00e9 lundi. \u00ab\u2009Mais \u00e9videmment, je pense que pour le tribunal judiciaire de Rouen, pour un meilleur accueil des usagers des services publics de la justice, mais aussi pour les magistrats, pour des questions de s\u00e9curit\u00e9 \u00e9galement, <strong>on peut tout \u00e0 fait \u00e9tudier [\u2026] une partie de ce d\u00e9m\u00e9nagement<\/strong>. Il nous faut 15 000m\u00b2.\u00bb<\/p>\n<p class=\" wall-content\">Nicolas Mayer-Rossignol a d\u00e9j\u00e0 pr\u00e9sent\u00e9 plusieurs parcelles au ministre de la justice\u2009: \u00ab\u2009Je le fais recontacter, d\u00e8s demain, par les services du minist\u00e8re\u2009\u00bb, avance ce dernier.<\/p>\n<p class=\" wall-content\">Ce n\u2019est donc pas vraiment la confirmation esp\u00e9r\u00e9e, mais le d\u00e9but d\u2019une r\u00e9flexion sur ce sujet pour le moins complexe, sur lequel il faudra mettre d\u2019accord de nombreux acteurs locaux.<\/p>\n<p class=\" wall-content\"><strong>avec Jessie Leclerc<\/strong><\/p>\n<p class=\" wall-content\">Suivez toute l\u2019actualit\u00e9 de vos villes et m\u00e9dias favoris en vous inscrivant \u00e0 <a href=\"https:\/\/moncompte.actu.fr\" title=\"D\u00e9couvez Mon Actu\" rel=\"nofollow noopener\" data-trk=\"{&quot;cta&quot;:{&quot;action&quot;:&quot;https:\\\/\\\/moncompte.actu.fr&quot;,&quot;category&quot;:&quot;mon compte&quot;,&quot;from&quot;:&quot;article footer&quot;,&quot;name&quot;:&quot;Mon actu&quot;,&quot;type&quot;:&quot;cta&quot;}}\" target=\"_blank\">Mon Actu<\/a>.<\/p>\n<ul class=\"ac-article-tag wall-content\">\n<li><a href=\"https:\/\/actu.fr\/tag\/gerald-darmanin\" data-trk=\"{&quot;cta&quot;:{&quot;action&quot;:&quot;G\\u00e9rald Darmanin&quot;,&quot;category&quot;:&quot;tag&quot;,&quot;from&quot;:&quot;article footer&quot;,&quot;name&quot;:&quot;G\\u00e9rald Darmanin&quot;,&quot;type&quot;:&quot;cta&quot;}}\" rel=\"nofollow noopener\" target=\"_blank\">#G\u00e9rald Darmanin<\/a><\/li>\n<li><a href=\"https:\/\/actu.fr\/tag\/justice\" data-trk=\"{&quot;cta&quot;:{&quot;action&quot;:&quot;Justice&quot;,&quot;category&quot;:&quot;tag&quot;,&quot;from&quot;:&quot;article footer&quot;,&quot;name&quot;:&quot;Justice&quot;,&quot;type&quot;:&quot;cta&quot;}}\" rel=\"nofollow noopener\" target=\"_blank\">#Justice<\/a><\/li>\n<\/ul>\n","protected":false},"excerpt":{"rendered":"Par Julien Bouteiller Publi\u00e9 le 13 mai 2025 \u00e0 8h00 Cela fait des ann\u00e9es que la question du&hellip;\n","protected":false},"author":2,"featured_media":96109,"comment_status":"","ping_status":"","sticky":false,"template":"","format":"standard","meta":{"footnotes":""},"categories":[9587],"tags":[1111,11,1777,674,1011,27,432,303,12,5161,25,9590,104],"class_list":{"0":"post-96108","1":"post","2":"type-post","3":"status-publish","4":"format-standard","5":"has-post-thumbnail","7":"category-rouen","8":"tag-actu","9":"tag-actualites","10":"tag-eu","11":"tag-europe","12":"tag-fr","13":"tag-france","14":"tag-gerald-darmanin","15":"tag-justice","16":"tag-news","17":"tag-normandie","18":"tag-republique-francaise","19":"tag-rouen","20":"tag-societe"},"share_on_mastodon":{"url":"https:\/\/pubeurope.com\/@fr\/114499049671570894","error":""},"_links":{"self":[{"href":"https:\/\/www.europesays.com\/fr\/wp-json\/wp\/v2\/posts\/96108","targetHints":{"allow":["GET"]}}],"collection":[{"href":"https:\/\/www.europesays.com\/fr\/wp-json\/wp\/v2\/posts"}],"about":[{"href":"https:\/\/www.europesays.com\/fr\/wp-json\/wp\/v2\/types\/post"}],"author":[{"embeddable":true,"href":"https:\/\/www.europesays.com\/fr\/wp-json\/wp\/v2\/users\/2"}],"replies":[{"embeddable":true,"href":"https:\/\/www.europesays.com\/fr\/wp-json\/wp\/v2\/comments?post=96108"}],"version-history":[{"count":0,"href":"https:\/\/www.europesays.com\/fr\/wp-json\/wp\/v2\/posts\/96108\/revisions"}],"wp:featuredmedia":[{"embeddable":true,"href":"https:\/\/www.europesays.com\/fr\/wp-json\/wp\/v2\/media\/96109"}],"wp:attachment":[{"href":"https:\/\/www.europesays.com\/fr\/wp-json\/wp\/v2\/media?parent=96108"}],"wp:term":[{"taxonomy":"category","embeddable":true,"href":"https:\/\/www.europesays.com\/fr\/wp-json\/wp\/v2\/categories?post=96108"},{"taxonomy":"post_tag","embeddable":true,"href":"https:\/\/www.europesays.com\/fr\/wp-json\/wp\/v2\/tags?post=96108"}],"curies":[{"name":"wp","href":"https:\/\/api.w.org\/{rel}","templated":true}]}}