{"id":96114,"date":"2025-05-13T06:15:10","date_gmt":"2025-05-13T06:15:10","guid":{"rendered":"https:\/\/www.europesays.com\/fr\/96114\/"},"modified":"2025-05-13T06:15:10","modified_gmt":"2025-05-13T06:15:10","slug":"dans-leur-commerce-a-rennes-ils-veulent-partager-leur-passion-pour-le-cafe-et-les-patisseries","status":"publish","type":"post","link":"https:\/\/www.europesays.com\/fr\/96114\/","title":{"rendered":"Dans leur commerce \u00e0 Rennes, ils veulent partager leur passion pour le caf\u00e9 et les p\u00e2tisseries"},"content":{"rendered":"<p>\u00a0Les liens familiaux qui nous unissent, l\u2019exp\u00e9rience acquise au fil des ans nous ont incit\u00e9s \u00e0 ouvrir un lieu pour partager notre passion pour le caf\u00e9 et les p\u00e2tisseries\u00a0, confient les trois associ\u00e9s. Nawal Benberghout, p\u00e2tissi\u00e8re, a fait ses armes chez Cyril Lignac, Mathieu Gingat, torr\u00e9facteur et barista, a travaill\u00e9 chez Tanat, \u00e9lu meilleur coffee shop d\u2019Europe en 2024 et 12e meilleure torr\u00e9faction du monde, et Romuald Gingat, barista, est charg\u00e9 de la pr\u00e9paration des caf\u00e9s de sp\u00e9cialit\u00e9.<\/p>\n<p><strong>Lire aussi\u00a0:<\/strong> <a href=\"https:\/\/rennes.maville.com\/actu\/actudet_-l-offre-de-cafes-et-de-salons-de-the-est-en-plein-boom-a-rennes-_7-6227587_actu.Htm\" rel=\"nofollow noopener\" target=\"_blank\">L\u2019offre de caf\u00e9s et de salons de th\u00e9 est en plein boom \u00e0 Rennes<\/a><\/p>\n<p>\u00ab\u00a0Des caf\u00e9s venus du monde entier\u00a0\u00bb<\/p>\n<p>\u00a0Nos caf\u00e9s sont sourc\u00e9s aupr\u00e8s de producteurs du monde entier. Notre ambition est de tirer les ar\u00f4mes les plus expressifs des grains s\u00e9lectionn\u00e9s.\u00a0 L\u2019extraction a aussi son mot \u00e0 dire. Ici, c\u2019est la m\u00e9thode manuelle et douce qui est privil\u00e9gi\u00e9e.<\/p>\n<p>Les amateurs de caf\u00e9 se r\u00e9galeront avec les cappuccinos, Americano, cold brew infus\u00e9s \u00e0 froid et les th\u00e9s. Pour accompagner le tout, Nawal Benberghout propose une vari\u00e9t\u00e9 de gourmandises\u00a0: tarte aux fruits de saison, cookies \u00e0 la farine de sarrasin, entremets \u00e0 la noisette\u2026<\/p>\n<p><strong>Nuage au carr\u00e9, <\/strong>4, rue du Capitaine-Dreyfus, ouvert du lundi au dimanche. Le vendredi, coupure de 12\u00a0h \u00e0 15\u00a0h. Contact\u00a0: @nuageaucarre.<\/p>\n<p>\u00a0<\/p>\n","protected":false},"excerpt":{"rendered":"\u00a0Les liens familiaux qui nous unissent, l\u2019exp\u00e9rience acquise au fil des ans nous ont incit\u00e9s \u00e0 ouvrir un&hellip;\n","protected":false},"author":2,"featured_media":96115,"comment_status":"","ping_status":"","sticky":false,"template":"","format":"standard","meta":{"footnotes":""},"categories":[2821],"tags":[1111,11,829,4586,215,1777,674,1011,27,12,20958,9580,20959,584,25],"class_list":{"0":"post-96114","1":"post","2":"type-post","3":"status-publish","4":"format-standard","5":"has-post-thumbnail","7":"category-rennes","8":"tag-actu","9":"tag-actualites","10":"tag-bretagne","11":"tag-cafe","12":"tag-commerce","13":"tag-eu","14":"tag-europe","15":"tag-fr","16":"tag-france","17":"tag-news","18":"tag-partager","19":"tag-passion","20":"tag-patisseries","21":"tag-rennes","22":"tag-republique-francaise"},"share_on_mastodon":{"url":"https:\/\/pubeurope.com\/@fr\/114499061360970572","error":""},"_links":{"self":[{"href":"https:\/\/www.europesays.com\/fr\/wp-json\/wp\/v2\/posts\/96114","targetHints":{"allow":["GET"]}}],"collection":[{"href":"https:\/\/www.europesays.com\/fr\/wp-json\/wp\/v2\/posts"}],"about":[{"href":"https:\/\/www.europesays.com\/fr\/wp-json\/wp\/v2\/types\/post"}],"author":[{"embeddable":true,"href":"https:\/\/www.europesays.com\/fr\/wp-json\/wp\/v2\/users\/2"}],"replies":[{"embeddable":true,"href":"https:\/\/www.europesays.com\/fr\/wp-json\/wp\/v2\/comments?post=96114"}],"version-history":[{"count":0,"href":"https:\/\/www.europesays.com\/fr\/wp-json\/wp\/v2\/posts\/96114\/revisions"}],"wp:featuredmedia":[{"embeddable":true,"href":"https:\/\/www.europesays.com\/fr\/wp-json\/wp\/v2\/media\/96115"}],"wp:attachment":[{"href":"https:\/\/www.europesays.com\/fr\/wp-json\/wp\/v2\/media?parent=96114"}],"wp:term":[{"taxonomy":"category","embeddable":true,"href":"https:\/\/www.europesays.com\/fr\/wp-json\/wp\/v2\/categories?post=96114"},{"taxonomy":"post_tag","embeddable":true,"href":"https:\/\/www.europesays.com\/fr\/wp-json\/wp\/v2\/tags?post=96114"}],"curies":[{"name":"wp","href":"https:\/\/api.w.org\/{rel}","templated":true}]}}