{"id":961141,"date":"2026-05-27T23:48:34","date_gmt":"2026-05-27T23:48:34","guid":{"rendered":"https:\/\/www.europesays.com\/fr\/961141\/"},"modified":"2026-05-27T23:48:34","modified_gmt":"2026-05-27T23:48:34","slug":"saint-etienne-nice-il-faut-que-nous-soyons-tres-solides-dans-nos-tetes-pour-aller-chercher-le-maintien-martele-claude-puel","status":"publish","type":"post","link":"https:\/\/www.europesays.com\/fr\/961141\/","title":{"rendered":"Saint-\u00c9tienne-Nice : \u00abIl faut que nous soyons tr\u00e8s solides dans nos t\u00eates pour aller chercher le maintien\u00bb, mart\u00e8le Claude Puel"},"content":{"rendered":"<p>\n    Apr\u00e8s le match nul entre l\u2019ASSE et l\u2019OGC Nice mardi soir en barrage aller d\u2019accession \u00e0 la Ligue 1, les deux entra\u00eeneurs ont livr\u00e9 leur analyse sur la rencontre.<\/p>\n<p class=\"fig-paragraph\">\u00ab\u00c7a laisse des opportunit\u00e9s d&rsquo;y croire pour les deux \u00e9quipes, tout est ouvert\u00bb, a d\u00e9clar\u00e9 l&rsquo;entra\u00eeneur de Nice, Claude Puel, apr\u00e8s\u00a0<a href=\"http:\/\/www.lefigaro.fr\/sports\/football\/ligue-1\/ligue-1-saint-etienne-et-nice-se-neutralisent-en-barrage-aller-20260526\" target=\"_blank\" data-fig-type=\"NewsFlash\" rel=\"noopener nofollow\" data-gtm-custom-categorie=\"navigation\" data-gtm-custom-action=\"crossclick\" data-gtm-custom-label=\"Contextuel\" data-gtm-event=\"customEventSPE\" data-fig-domain=\"LEFIGARO\">le r\u00e9sultat nul (0-0)<\/a>\u00a0entre les Aiglons et Saint-\u00c9tienne mardi au stade Geoffroy-Guichard en barrage aller d&rsquo;accession \u00e0 la Ligue 1.<\/p>\n<p class=\"fig-body-link\">\n            \u00c0 lire aussi<br \/>\n        <a class=\"fig-body-link__link\" href=\"http:\/\/www.lefigaro.fr\/sports\/football\/ligue-1\/saint-etienne-nice-bernauer-en-patron-une-purge-dans-le-chaudron-les-tops-et-flops-du-barrage-aller-20260526\" target=\"_blank\" data-fig-type=\"NewsFlash\" rel=\"noopener nofollow\" data-gtm-custom-categorie=\"navigation\" data-gtm-custom-action=\"crossclick\" data-gtm-custom-label=\"Contextuel\" data-gtm-event=\"customEventSPE\" data-fig-domain=\"LEFIGARO\"><br \/>\n                Saint-\u00c9tienne-Nice\u00a0: Chaudron en feu, match horrible, deux \u00e9quipes tr\u00e8s pauvres&#8230; Les tops et flops du barrage aller de Ligue 1\/Ligue 2<br \/>\n    <\/a>\n<\/p>\n<p class=\"fig-paragraph\">\u00abOn va retenir que nous avons obtenu un score de parit\u00e9 \u00e0 l&rsquo;ext\u00e9rieur dans un stade acquis \u00e0 la cause des St\u00e9phanois\u00bb, s&rsquo;est satisfait le technicien ni\u00e7ois. \u00abNous n&rsquo;avions pas nos supporters (interdits de d\u00e9placement, NDLR) que nous n&rsquo;aurons pas au retour non plus (le match de vendredi se jouera \u00e0 huis clos)\u00bb, a-t-il rappel\u00e9. \u00abIl faut que nous soyons tr\u00e8s solides dans nos t\u00eates pour aller chercher le maintien. Il faudra en faire plus, avoir plus d&rsquo;intensit\u00e9, \u00eatre plus juste avec le ballon pour faire mal \u00e0 l&rsquo;\u00e9quipe st\u00e9phanoise, quels que soient les joueurs align\u00e9s ou le syst\u00e8me\u00bb, a insist\u00e9 Puel. \u00abNous savons o\u00f9 doivent se situer nos progr\u00e8s et comment nous articuler pour le match retour face \u00e0 cet adversaire\u00bb, a-t-il poursuivi.<\/p>\n<p>                                            <a class=\"fig-a11y-skip\" href=\"#fig-a11y-skip-main-inarticle\" is=\"fig-a11y-skip\" data-trigger-mode=\"visible-once\"><br \/>\n    Passer la publicit\u00e9<br \/>\n<\/a>            <\/p>\n<p class=\"fig-paragraph\"><strong>\u00c0 VOIR AUSSI &#8211;<\/strong> Les buts de Lens-Nice en finale de Coupe de France le 22 mai dernier (3-1)<\/p>\n<p>                                            \u00abIl nous a manqu\u00e9 l\u2019\u00e9tincelle\u00bb<\/p>\n<p class=\"fig-paragraph\">Sur ce point, le discours de l&rsquo;entra\u00eeneur des Verts, Philippe Montanier, a \u00e9t\u00e9 le m\u00eame\u00a0: \u00abIl nous a manqu\u00e9 l&rsquo;\u00e9tincelle pour porter le danger chez l&rsquo;adversaire et un peu de justesse technique. Il en faudra plus au retour et \u00eatre plus concentr\u00e9 dans ce domaine\u00bb, a-t-il pr\u00e9venu. \u00abSatisfait du bloc \u00e9quipe et de l&rsquo;investissement\u00bb de ses joueurs, le coach st\u00e9phanois, arriv\u00e9 cet hiver, en a convenu: \u00abLa plus grande difficult\u00e9, est que nous n&rsquo;avons pas cr\u00e9\u00e9 grand-chose autour de la surface, comme notre adversaire d&rsquo;ailleurs. Mais on a vu que nous pouvions rivaliser avec ce bel effectif de Nice\u00bb, a-t-il dit.<\/p>\n<p class=\"fig-paragraph\">\u00abPour passer, il faudra marquer m\u00eame si \u00e0 0-0 tout est possible\u00bb, a-t-il dit en r\u00e9f\u00e9rence \u00e0 une \u00e9ventuelle s\u00e9ance de tirs au but, comme lors du barrage de Ligue 2 remport\u00e9 le 15 mai 7 tirs au but \u00e0 6 au bout d&rsquo;une irrespirable s\u00e9ance.<\/p>\n","protected":false},"excerpt":{"rendered":"Apr\u00e8s le match nul entre l\u2019ASSE et l\u2019OGC Nice mardi soir en barrage aller d\u2019accession \u00e0 la Ligue&hellip;\n","protected":false},"author":2,"featured_media":961142,"comment_status":"","ping_status":"","sticky":false,"template":"","format":"standard","meta":{"footnotes":"","_share_on_mastodon":"0"},"categories":[9653],"tags":[1111,11,461,2430,73688,1777,674,1011,27,12,2268,25,4001],"class_list":["post-961141","post","type-post","status-publish","format-standard","has-post-thumbnail","category-saint-etienne","tag-actu","tag-actualites","tag-asse","tag-auvergne-rhone-alpes","tag-claude-puel","tag-eu","tag-europe","tag-fr","tag-france","tag-news","tag-ogc-nice","tag-republique-francaise","tag-saint-etienne"],"share_on_mastodon":{"url":"https:\/\/pubeurope.com\/@fr\/116649217767004500","error":""},"_links":{"self":[{"href":"https:\/\/www.europesays.com\/fr\/wp-json\/wp\/v2\/posts\/961141","targetHints":{"allow":["GET"]}}],"collection":[{"href":"https:\/\/www.europesays.com\/fr\/wp-json\/wp\/v2\/posts"}],"about":[{"href":"https:\/\/www.europesays.com\/fr\/wp-json\/wp\/v2\/types\/post"}],"author":[{"embeddable":true,"href":"https:\/\/www.europesays.com\/fr\/wp-json\/wp\/v2\/users\/2"}],"replies":[{"embeddable":true,"href":"https:\/\/www.europesays.com\/fr\/wp-json\/wp\/v2\/comments?post=961141"}],"version-history":[{"count":0,"href":"https:\/\/www.europesays.com\/fr\/wp-json\/wp\/v2\/posts\/961141\/revisions"}],"wp:featuredmedia":[{"embeddable":true,"href":"https:\/\/www.europesays.com\/fr\/wp-json\/wp\/v2\/media\/961142"}],"wp:attachment":[{"href":"https:\/\/www.europesays.com\/fr\/wp-json\/wp\/v2\/media?parent=961141"}],"wp:term":[{"taxonomy":"category","embeddable":true,"href":"https:\/\/www.europesays.com\/fr\/wp-json\/wp\/v2\/categories?post=961141"},{"taxonomy":"post_tag","embeddable":true,"href":"https:\/\/www.europesays.com\/fr\/wp-json\/wp\/v2\/tags?post=961141"}],"curies":[{"name":"wp","href":"https:\/\/api.w.org\/{rel}","templated":true}]}}