{"id":96118,"date":"2025-05-13T06:17:12","date_gmt":"2025-05-13T06:17:12","guid":{"rendered":"https:\/\/www.europesays.com\/fr\/96118\/"},"modified":"2025-05-13T06:17:12","modified_gmt":"2025-05-13T06:17:12","slug":"breuschwickersheim-ateliers-chasse-au-tresor-a-velo-le-programme-de-la-4e-journee-ecocitoyenne","status":"publish","type":"post","link":"https:\/\/www.europesays.com\/fr\/96118\/","title":{"rendered":"Breuschwickersheim. Ateliers, chasse au tr\u00e9sor \u00e0 v\u00e9lo&#8230; Le programme de la 4e journ\u00e9e \u00e9cocitoyenne"},"content":{"rendered":"<p>Commencer un potager\u00a0? Le public pr\u00e9sent ce dimanche 18 mai \u00e0 Breuschwickersheim pourra acheter plants, graines, compost et conna\u00eetre les astuces indispensables pour jardiner au naturel. Pas de jardin sans butineuses\u00a0: Asapistra, l\u2019Association apicole de Strasbourg, pr\u00e9sentera sa ruche \u00e9ducative.<\/p>\n<p>Les visiteurs trouveront \u00e9galement une foule de conseils aupr\u00e8s d\u2019Alsace Nature, du Groupe d\u2019\u00e9tude et de protection des mammif\u00e8res d\u2019Alsace (Gepma), ou de l\u2019Agence du climat. \u00c0 travers des ateliers, Hop\u2019La transition sensibilisera aux enjeux environnementaux et ZDS \u00e0 \u00ab\u00a0l\u2019empreinte de l\u2019eau\u00a0\u00bb, pour d\u00e9couvrir l\u2019impact de nos consommations quotidiennes.<\/p>\n<p>La f\u00eate \u00e0 bicyclette<\/p>\n<p>Le v\u00e9lo sera \u00e0 l\u2019honneur toute la journ\u00e9e, avec un parcours de maniabilit\u00e9 (10\u00a0h \u00e0 13\u00a0h), un v\u00e9lo smoothie, un stand d\u2019information du <a href=\"https:\/\/www.dna.fr\/societe\/2025\/05\/12\/le-challenge-au-boulot-a-velo-revient-pour-une-seizieme-edition\" target=\"_blank\" rel=\"nofollow noopener\">Cadr67<\/a> (qui proposera le marquage des v\u00e9los) et un stand V\u00e9lhop pr\u00e9sentant les offres de location. Une chasse aux tr\u00e9sors \u00e0 v\u00e9lo sera lanc\u00e9e \u00e0 partir de 10\u00a0h, raison de plus pour rejoindre la f\u00eate \u00e0 bicyclette.<\/p>\n<p>Une foule d\u2019ateliers sont \u00e9galement programm\u00e9s, pour apprendre \u00e0 fabriquer ses propres cosm\u00e9tiques, bricoler avec ses enfants, cr\u00e9er des cartes \u00e0 semer, mitonner des pancakes \u00e0 base de chapelure\u2026<\/p>\n<p>Besoin d\u2019une pause\u00a0? Un stand de livres en libre-service attend les participants. Sans oublier les tartes flamb\u00e9es et la buvette assur\u00e9es par les sapeurs-pompiers, les g\u00e2teaux faits maison propos\u00e9s par les paroisses du village.<\/p>\n<p class=\"note\">Dimanche 18\u00a0mai de 10\u00a0h \u00e0 16\u00a0h \u00e0 l\u2019\u00e9cole \u00e9l\u00e9mentaire de Breuschwickersheim (rue Albert-Schweitzer). Entr\u00e9e gratuite. Les horaires d\u00e9taill\u00e9s et inscriptions (pour certains ateliers) sur le site de la commune\u00a0: https:\/\/breuschwickersheim.fr<\/p>\n","protected":false},"excerpt":{"rendered":"Commencer un potager\u00a0? Le public pr\u00e9sent ce dimanche 18 mai \u00e0 Breuschwickersheim pourra acheter plants, graines, compost et&hellip;\n","protected":false},"author":2,"featured_media":96119,"comment_status":"","ping_status":"","sticky":false,"template":"","format":"standard","meta":{"footnotes":""},"categories":[2820],"tags":[1111,11,20963,1687,2880,436,1777,674,3326,107,1011,27,775,3035,12,25,640,3089],"class_list":{"0":"post-96118","1":"post","2":"type-post","3":"status-publish","4":"format-standard","5":"has-post-thumbnail","7":"category-strasbourg","8":"tag-actu","9":"tag-actualites","10":"tag-breuschwickersheim","11":"tag-culture-loisirs","12":"tag-edition-strasbourg","13":"tag-environnement","14":"tag-eu","15":"tag-europe","16":"tag-fete-locale","17":"tag-fil-info","18":"tag-fr","19":"tag-france","20":"tag-grand-est","21":"tag-la-matinale-strasbourg","22":"tag-news","23":"tag-republique-francaise","24":"tag-strasbourg","25":"tag-strasbourg-sud"},"share_on_mastodon":{"url":"https:\/\/pubeurope.com\/@fr\/114499069205633422","error":""},"_links":{"self":[{"href":"https:\/\/www.europesays.com\/fr\/wp-json\/wp\/v2\/posts\/96118","targetHints":{"allow":["GET"]}}],"collection":[{"href":"https:\/\/www.europesays.com\/fr\/wp-json\/wp\/v2\/posts"}],"about":[{"href":"https:\/\/www.europesays.com\/fr\/wp-json\/wp\/v2\/types\/post"}],"author":[{"embeddable":true,"href":"https:\/\/www.europesays.com\/fr\/wp-json\/wp\/v2\/users\/2"}],"replies":[{"embeddable":true,"href":"https:\/\/www.europesays.com\/fr\/wp-json\/wp\/v2\/comments?post=96118"}],"version-history":[{"count":0,"href":"https:\/\/www.europesays.com\/fr\/wp-json\/wp\/v2\/posts\/96118\/revisions"}],"wp:featuredmedia":[{"embeddable":true,"href":"https:\/\/www.europesays.com\/fr\/wp-json\/wp\/v2\/media\/96119"}],"wp:attachment":[{"href":"https:\/\/www.europesays.com\/fr\/wp-json\/wp\/v2\/media?parent=96118"}],"wp:term":[{"taxonomy":"category","embeddable":true,"href":"https:\/\/www.europesays.com\/fr\/wp-json\/wp\/v2\/categories?post=96118"},{"taxonomy":"post_tag","embeddable":true,"href":"https:\/\/www.europesays.com\/fr\/wp-json\/wp\/v2\/tags?post=96118"}],"curies":[{"name":"wp","href":"https:\/\/api.w.org\/{rel}","templated":true}]}}