{"id":96126,"date":"2025-05-13T06:21:29","date_gmt":"2025-05-13T06:21:29","guid":{"rendered":"https:\/\/www.europesays.com\/fr\/96126\/"},"modified":"2025-05-13T06:21:29","modified_gmt":"2025-05-13T06:21:29","slug":"bouguenais-tu-dis-ouf-le-tramway-a-repris-son-service","status":"publish","type":"post","link":"https:\/\/www.europesays.com\/fr\/96126\/","title":{"rendered":"Bouguenais. Tu dis\u00a0: \u00ab\u00a0Ouf\u00a0! Le tramway a repris son service\u00a0\u00bb"},"content":{"rendered":"<p>La ligne 3 du tramway, partant de la Neustrie, a repris son service hier. Conform\u00e9ment aux pr\u00e9visions et \u00e0 la grande satisfaction des usagers. Apr\u00e8s trois mois d\u2019arr\u00eat total pour le changement des rails et des travaux cons\u00e9quents qui ont beaucoup perturb\u00e9 les activit\u00e9s des commer\u00e7ants et riverains, ne plus voir des engins et des pancartes de d\u00e9viation est un vrai soulagement.<\/p>\n<p>\u00a0Les travaux nous ont paru bien longs. Je le prends les mercredis et samedis, avec les enfants, pour aller \u00e0 des activit\u00e9s \u00e0 Rez\u00e9. C\u2019\u00e9tait compliqu\u00e9 avec le bus relais\u00a0, soupire une m\u00e8re de famille qui sort du supermarch\u00e9, courses en main. Un \u00e9tudiant se r\u00e9jouit du retour du tram\u00a0: \u00a0Le bus faisait de tels d\u00e9tours dans les lotissements qu\u2019il avait toujours du retard. Du coup, je ratais mes deux autres correspondances.\u00a0<\/p>\n<p>Chaque carrefour de la rue de la Chapelle (photo) a \u00e9t\u00e9 am\u00e9nag\u00e9 pour s\u00e9curiser la travers\u00e9e des pi\u00e9tons avec des feux tricolores. Selon certains automobilistes, la synchronisation avec le passage des tramways est peut-\u00eatre \u00e0 revoir car le feu repasse tr\u00e8s vite au rouge.<\/p>\n<p>Ces travaux, d\u00e9marr\u00e9s en f\u00e9vrier, sont financ\u00e9s par Nantes m\u00e9tropole, le budget se monte \u00e0 plus de dix millions d\u2019euros. Le chantier se poursuit au niveau de la Trocardi\u00e8re.<\/p>\n<p>\u00a0<\/p>\n","protected":false},"excerpt":{"rendered":"La ligne 3 du tramway, partant de la Neustrie, a repris son service hier. Conform\u00e9ment aux pr\u00e9visions et&hellip;\n","protected":false},"author":2,"featured_media":96127,"comment_status":"","ping_status":"","sticky":false,"template":"","format":"standard","meta":{"footnotes":""},"categories":[2818],"tags":[1111,11,5173,19735,1777,674,1011,27,766,12,2636,13253,25,3737,4109],"class_list":{"0":"post-96126","1":"post","2":"type-post","3":"status-publish","4":"format-standard","5":"has-post-thumbnail","7":"category-nantes","8":"tag-actu","9":"tag-actualites","10":"tag-bouguenais","11":"tag-dis","12":"tag-eu","13":"tag-europe","14":"tag-fr","15":"tag-france","16":"tag-nantes","17":"tag-news","18":"tag-pays-de-la-loire","19":"tag-repris","20":"tag-republique-francaise","21":"tag-service","22":"tag-tramway"},"share_on_mastodon":{"url":"https:\/\/pubeurope.com\/@fr\/114499084869030548","error":""},"_links":{"self":[{"href":"https:\/\/www.europesays.com\/fr\/wp-json\/wp\/v2\/posts\/96126","targetHints":{"allow":["GET"]}}],"collection":[{"href":"https:\/\/www.europesays.com\/fr\/wp-json\/wp\/v2\/posts"}],"about":[{"href":"https:\/\/www.europesays.com\/fr\/wp-json\/wp\/v2\/types\/post"}],"author":[{"embeddable":true,"href":"https:\/\/www.europesays.com\/fr\/wp-json\/wp\/v2\/users\/2"}],"replies":[{"embeddable":true,"href":"https:\/\/www.europesays.com\/fr\/wp-json\/wp\/v2\/comments?post=96126"}],"version-history":[{"count":0,"href":"https:\/\/www.europesays.com\/fr\/wp-json\/wp\/v2\/posts\/96126\/revisions"}],"wp:featuredmedia":[{"embeddable":true,"href":"https:\/\/www.europesays.com\/fr\/wp-json\/wp\/v2\/media\/96127"}],"wp:attachment":[{"href":"https:\/\/www.europesays.com\/fr\/wp-json\/wp\/v2\/media?parent=96126"}],"wp:term":[{"taxonomy":"category","embeddable":true,"href":"https:\/\/www.europesays.com\/fr\/wp-json\/wp\/v2\/categories?post=96126"},{"taxonomy":"post_tag","embeddable":true,"href":"https:\/\/www.europesays.com\/fr\/wp-json\/wp\/v2\/tags?post=96126"}],"curies":[{"name":"wp","href":"https:\/\/api.w.org\/{rel}","templated":true}]}}