{"id":961371,"date":"2026-05-28T02:16:36","date_gmt":"2026-05-28T02:16:36","guid":{"rendered":"https:\/\/www.europesays.com\/fr\/961371\/"},"modified":"2026-05-28T02:16:36","modified_gmt":"2026-05-28T02:16:36","slug":"ogc-nice-zero-tir-cadre-on-sexcuse-comment-a-t-on-pu-voir-la-purge-de-lannee-malgre-lambiance-magique","status":"publish","type":"post","link":"https:\/\/www.europesays.com\/fr\/961371\/","title":{"rendered":"OGC Nice\u00a0: \u00ab\u00a0Z\u00e9ro tir cadr\u00e9, on s\u2019excuse\u00a0\u00bb\u2026 Comment a-t-on pu voir la purge de l\u2019ann\u00e9e malgr\u00e9 l\u2019ambiance magique\u00a0?"},"content":{"rendered":"<p>Au stade Geoffroy-Guichard,<\/p>\n<p>A plusieurs reprises mardi soir, on s\u2019est pris au jeu du \u00ab\u00a0what if\u00a0\u00bb\u00a0: et si on avait transf\u00e9r\u00e9 la r\u00e9cente orgie offensive <a href=\"https:\/\/www.20minutes.fr\/sport\/football\/ligue_des_champions\/4220945-20260429-psg-bayern-munich-soiree-folle-clash-idees-similaires-seul-vainqueur-football\" class=\"c-link c-link--is-underlined\" rel=\"nofollow noopener\" target=\"_blank\">entre le PSG et le Bayern Munich (5-4)<\/a> au c\u0153ur du Chaudron st\u00e9phanois\u00a0? On ose \u00e0 peine imaginer l\u2019ambiance dans le Forez devant un tel spectacle, alors qu\u2019on est d\u00e9j\u00e0 rest\u00e9 scotch\u00e9s face \u00e0 la ferveur des 39.772 supporteurs pr\u00e9sents pour <a href=\"https:\/\/www.20minutes.fr\/sport\/football\/ligue-1\/4225466-20260526-direct-asse-ogc-nice-peuple-stephanois-reve-retour-ligue-1-devant-aiglons-sonnes-suivez-barrage-aller-20h15\" class=\"c-link c-link--is-underlined\" rel=\"nofollow noopener\" target=\"_blank\">l\u2019abominable barrage aller (0-0)<\/a> de Ligue 1-Ligue 2 entre l\u2019<a href=\"https:\/\/www.20minutes.fr\/sport\/asse\/\" class=\"c-link c-link--is-underlined\" rel=\"nofollow noopener\" target=\"_blank\">ASSE<\/a> et l\u2019<a href=\"https:\/\/www.20minutes.fr\/sport\/ogc_nice\/\" class=\"c-link c-link--is-underlined\" rel=\"nofollow noopener\" target=\"_blank\">OGC Nice<\/a>.<\/p>\n<p>Si on n\u2019\u00e9tait pas tenu de liver cette rencontre \u00e0 gros enjeu sur 20\u00a0Minutes, on aurait pass\u00e9 le plus clair de notre soir\u00e9e \u00e0 d\u00e9laisser la pelouse pour profiter au maximum des animations des deux kops de Saint\u00e9. Car m\u00eame si notre Ligue des talents ne nous g\u00e2te pas chaque semaine, on a cette fois eu droit au n\u00e9ant offensif absolu entre les formations des coachs old school que sont Claude Puel (64 ans) et <a href=\"https:\/\/www.20minutes.fr\/dossier\/philippe_montanier\" class=\"c-link c-link--is-underlined\" rel=\"nofollow noopener\" target=\"_blank\">Philippe Montanier<\/a> (61 ans).<\/p>\n<blockquote class=\"twitter-tweet\" align=\"center\" data-lang=\"fr_FR\">\n<p lang=\"fr\" dir=\"ltr\">Quelle ambiance \u00e0 Geoffroy Guichard avant le barrage aller entre Saint-\u00c9tienne et Nice !<\/p>\n<p>Le chaudron est bouillant \ud83d\udd25 <a href=\"https:\/\/t.co\/CxVW0mhYti\" rel=\"nofollow\">pic.twitter.com\/CxVW0mhYti<\/a><\/p>\n<p>\u2014 beIN SPORTS (@beinsports_FR) <a href=\"https:\/\/twitter.com\/beinsports_FR\/status\/2059355812485632072?ref_src=twsrc%5Etfw\" rel=\"nofollow noopener\" target=\"_blank\">May 26, 2026<\/a><\/p><\/blockquote>\n<p class=\"mb-m@xs text-l@xs\">En cliquant sur\u00ab J\u2019accepte \u00bb, vous acceptez le d\u00e9p\u00f4t de cookies par des services externes et aurez ainsi acc\u00e8s aux contenus de nos partenaires.<\/p>\n<p class=\"mb-xl@xs text-s@xs\">Plus d\u2019informations sur la page<a href=\"https:\/\/www.20minutes.fr\/gestion-cookies\" class=\"mx-xxs@xs color-ultramarine\" rel=\"nofollow noopener\" target=\"_blank\">Politique de gestion des cookies<\/a><\/p>\n<p>J\u2019accepteAucun tir cadr\u00e9 et un flippant record de xG<\/p>\n<p>Deux statistiques d\u00e9mentes r\u00e9sument ce sombre constat\u00a0: Z\u00c9RO TIR CADR\u00c9 pour les deux \u00e9quipes, et carr\u00e9ment un xG record cette saison (et m\u00eame depuis 2022-2023) en France (<a href=\"https:\/\/x.com\/OptaJean\/status\/2059380379027464707\" target=\"_blank\" class=\"c-link c-link--is-underlined\" rel=\"nofollow\">merci Opta<\/a>), avec 0.41 expected goal\u2026 en cumulant la prestation des Verts (0,11) et du Gym (0,3)\u00a0! C\u2019est dire \u00e0 quel point on n\u2019a pas entrevu l\u2019ombre d\u2019un but, ni m\u00eame d\u2019une occase s\u00e9rieuse, durant plus de 100 minutes de \u00ab\u00a0jeu\u00a0\u00bb.<\/p>\n<p>Alors messieurs, que pouvez-vous dire pour votre d\u00e9fense, et accessoirement pour inciter plus de trois fans irr\u00e9ductibles \u00e0 se brancher vendredi sur la manche retour (\u00e0 huis clos qui plus est)\u00a0? \u00ab\u00a0On voit que les deux \u00e9quipes sont tendues par l\u2019enjeu, par la pression, note le pr\u00e9sident des Aiglons Jean-Pierre Riv\u00e8re. Je n\u2019ai pas reconnu les joueurs, je les sens timor\u00e9s, en train de jouer vers l\u2019arri\u00e8re. Il y a un peu tout \u00e0 corriger, surtout la prise d\u2019initiatives.\u00a0\u00bb<\/p>\n<p>L\u2019OGC Nice se satisfait de peu et joue avec le feu<\/p>\n<p>Au bord du pr\u00e9cipice de la Ligue 2 apr\u00e8s une saison cauchemardesque, entre <a href=\"https:\/\/www.20minutes.fr\/sport\/football\/4190501-20251209-supporters-nicois-montent-cirque-ogc-nice-therapie-humour-contre-deprime-resultats-club\" class=\"c-link c-link--is-underlined\" rel=\"nofollow noopener\" target=\"_blank\">humiliations XXL dans toute l\u2019Europe<\/a>, <a href=\"https:\/\/www.20minutes.fr\/sport\/football\/4189145-20251202-ligue-1-florian-maurice-exfiltre-hagard-coups-situation-explosive-ogc-nice\" class=\"c-link c-link--is-underlined\" rel=\"nofollow noopener\" target=\"_blank\">soir\u00e9e ultra-agit\u00e9e au centre d\u2019entra\u00eenement<\/a> ayant entra\u00een\u00e9 les d\u00e9parts de Moffi, Boga et indirectement Haise, plus triste \u00e9pilogue dans l\u2019aventure en Coupe de France (<a href=\"https:\/\/www.20minutes.fr\/sport\/football\/coupe-de-france\/4224945-20260522-direct-lens-nice-sang-or-visent-premiere-coupe-france-gym-outsider-suivez-finale\" class=\"c-link c-link--is-underlined\" rel=\"nofollow noopener\" target=\"_blank\">1-3 en finale contre Lens<\/a>), l\u2019OGC Nice n\u2019a cess\u00e9 de baisser son curseur d\u2019exigence au fil des mois.<\/p>\n<p><img decoding=\"async\" alt=\"Le lat\u00e9ral ni\u00e7ois Melvin Bard, ici \u00e0 la lutte avec le Ghan\u00e9en de l'ASSE Augustine Boakye, se satisfait du nul poussif (0-0) ramen\u00e9 par le Gym lors du barrage aller.\" class=\"c-img\" loading=\"lazy\" fetchpriority=\"auto\" width=\"718\"  src=\"https:\/\/img.20mn.fr\/zjQG4OzkRVCUQpWmYcg4Pyk\/718x0\" \/>Le lat\u00e9ral ni\u00e7ois Melvin Bard, ici \u00e0 la lutte avec le Ghan\u00e9en de l&rsquo;ASSE Augustine Boakye, se satisfait du nul poussif (0-0) ramen\u00e9 par le Gym lors du barrage aller.\u2002-\u00a0J. Pachoud\/AFP<\/p>\n<p>\u00ab\u00a0C\u2019est un bon r\u00e9sultat vu le contexte, avec l\u2019ambiance hyper chaude mise par le public\u00a0\u00bb, a ainsi spontan\u00e9ment l\u00e2ch\u00e9 Morgan Sanson sur beIN SPORTS mardi. Melvin Bard a prolong\u00e9 cette \u00e9trange satisfaction en zone d\u2019interview, apr\u00e8s ce piteux nul contre une \u00e9quipe n\u2019ayant remport\u00e9 que 4 de ses 9 derniers matchs en <a href=\"https:\/\/www.20minutes.fr\/sport\/ligue_2\/\" class=\"c-link c-link--is-underlined\" rel=\"nofollow noopener\" target=\"_blank\">Ligue 2<\/a>\u00a0: \u00ab\u00a0Le plan \u00e9tait de venir gagner ici, ou au moins de ne pas perdre. \u00c7a a \u00e9t\u00e9 un match ferm\u00e9, c\u2019\u00e9tait compliqu\u00e9 pour nous dans les 30 derniers m\u00e8tres\u00a0\u00bb.<\/p>\n<p>\u00ab\u00a0L\u2019\u00e9quipe a fait un tr\u00e8s bon match\u00a0\u00bb, ah bon\u00a0?<\/p>\n<p>Surtout lorsque le ballon s\u2019en m\u00eale, et qu\u2019il faut s\u2019appuyer sur l\u2019habituel lat\u00e9ral Jonathan Clauss comme ailier droit, son pendant \u00e0 gauche \u00e9tant Tiago Gouveia, titulaire pour la premi\u00e8re fois depuis quatre mois. Dans ce marasme, le retour d\u2019Elye Wahi (suspendu pour le barrage aller) ne pourra pas faire de mal pour LE match le plus important de la saison ni\u00e7oise vendredi. M\u00eame le si mesur\u00e9 <a href=\"https:\/\/www.20minutes.fr\/dossier\/puel\" class=\"c-link c-link--is-underlined\" rel=\"nofollow noopener\" target=\"_blank\">Claude Puel<\/a> a l\u00e2ch\u00e9 en conf\u00e9rence de presse d\u2019apr\u00e8s match\u00a0: \u00ab\u00a0Techniquement, on a \u00e9t\u00e9 assez pauvres\u00a0\u00bb.<\/p>\n<p>Dans le camp d\u2019en face, on ne m\u00e9rite pas beaucoup plus la Ligue 1, au vu de ce match insipide propos\u00e9. C\u2019est comme si les co\u00e9quipiers de Lucas Stassin ne souhaitaient pas enfoncer davantage des Aiglons sonn\u00e9s par la d\u00e9ception de la <a href=\"https:\/\/www.20minutes.fr\/sport\/coupe-de-france\/\" class=\"c-link c-link--is-underlined\" rel=\"nofollow noopener\" target=\"_blank\">Coupe de France<\/a>. \u00ab\u00a0L\u2019\u00e9quipe a fait un tr\u00e8s bon match, estime pourtant de fa\u00e7on assez lunaire le d\u00e9fenseur central st\u00e9phanois Julien Le Cardinal. On a r\u00e9pondu pr\u00e9sent dans l\u2019intensit\u00e9 et dans l\u2019impact, c\u2019est \u00e7a le principal.\u00a0\u00bb Au diable le football, la justesse technique, les projections dans la surface adverse et la cr\u00e9ativit\u00e9 dans les petits espaces, apr\u00e8s tout\u2026<\/p>\n<p><img decoding=\"async\" alt=\"Les deux kops st\u00e9phanois ont anim\u00e9 le stade Geoffroy-Guichard avec une ferveur folle mardi.\" class=\"c-img\" loading=\"lazy\" fetchpriority=\"auto\" width=\"718\"  src=\"https:\/\/img.20mn.fr\/nTwhgEfkTX-R5D84DxLd4yk\/718x0\" \/>Les deux kops st\u00e9phanois ont anim\u00e9 le stade Geoffroy-Guichard avec une ferveur folle mardi.\u2002-\u00a0J. Pachoud\/AFPLes Verts en qu\u00eate de \u00ab\u00a0folie\u00a0\u00bb<\/p>\n<p>\u00ab\u00a0Il nous a manqu\u00e9 l\u2019\u00e9tincelle, une audace offensive sup\u00e9rieure pour amener plus de danger chez l\u2019adversaire, note tout de m\u00eame Philippe Montanier. Z\u00e9ro tir cadr\u00e9, on s\u2019excuse\u2026 Autour de la surface adverse, on n\u2019a pas r\u00e9ussi grand-chose, comme notre adversaire d\u2019ailleurs. Il faudra y parvenir au match retour, \u00e0 nous de nous l\u00e2cher un peu.\u00a0\u00bb Et m\u00eame beaucoup Philippe, sans quoi ce torrent de m\u00e9diocrit\u00e9 vu \u00e0 Geoffroy-Guichard pourrait encore s\u2019accentuer dans deux jours, et ce dans un \u00e9crin qui ne pourra cette fois pas faire office de cache-mis\u00e8re.<\/p>\n<p><a href=\"https:\/\/www.20minutes.fr\/sport\/ligue-1\/\" class=\"c-link c-btn c-btn--primary\" rel=\"nofollow noopener\" target=\"_blank\">Notre dossier sur la Ligue 1<\/a><\/p>\n<p>\u00ab\u00a0Forc\u00e9ment, ce ne sont pas les matchs qu\u2019on aime, a gliss\u00e9 sur beIN SPORTS, dans un sourire forc\u00e9, Lucas Stassin. Aujourd\u2019hui, mon travail \u00e9tait plus sur le plan d\u00e9fensif.\u00a0\u00bb Invisible sur le front de l\u2019attaque st\u00e9phanoise mardi, l\u2019attaquant belge illustre parfaitement la p\u00e9nible soir\u00e9e pour le football, dans son ensemble. \u00ab\u00a0Il nous a manqu\u00e9 plus de folie, il y a peut-\u00eatre eu de la retenue par rapport \u00e0 l\u2019enjeu, analyse le milieu des Verts Florian Tardieu. On va essayer de donner le spectacle que vous attendez tous vendredi.\u00a0\u00bb Car oui, pour m\u00e9riter de retrouver la Ligue 1, il est temps de se hisser au niveau des Magic Fans et des Green Angels.<\/p>\n<p><script async src=\"https:\/\/platform.twitter.com\/widgets.js\" charset=\"utf-8\"><\/script><\/p>\n","protected":false},"excerpt":{"rendered":"Au stade Geoffroy-Guichard, A plusieurs reprises mardi soir, on s\u2019est pris au jeu du \u00ab\u00a0what if\u00a0\u00bb\u00a0: et si&hellip;\n","protected":false},"author":2,"featured_media":961372,"comment_status":"","ping_status":"","sticky":false,"template":"","format":"standard","meta":{"footnotes":"","_share_on_mastodon":"0"},"categories":[9653],"tags":[1111,11,2898,1012,2430,73688,1777,674,63,1011,27,39827,66,3367,12,2401,2268,883,79913,882,25,2431,4001,517,133],"class_list":["post-961371","post","type-post","status-publish","format-standard","has-post-thumbnail","category-saint-etienne","tag-actu","tag-actualites","tag-alpes-maritimes","tag-as-saint-etienne-asse","tag-auvergne-rhone-alpes","tag-claude-puel","tag-eu","tag-europe","tag-football","tag-fr","tag-france","tag-lactualite-en-videos","tag-ligue-1","tag-loire","tag-news","tag-nice","tag-ogc-nice","tag-paca","tag-philippe-montanier","tag-provence-alpes-cote-dazur","tag-republique-francaise","tag-rhone-alpes","tag-saint-etienne","tag-sport","tag-video"],"share_on_mastodon":{"url":"https:\/\/pubeurope.com\/@fr\/116649800662488805","error":""},"_links":{"self":[{"href":"https:\/\/www.europesays.com\/fr\/wp-json\/wp\/v2\/posts\/961371","targetHints":{"allow":["GET"]}}],"collection":[{"href":"https:\/\/www.europesays.com\/fr\/wp-json\/wp\/v2\/posts"}],"about":[{"href":"https:\/\/www.europesays.com\/fr\/wp-json\/wp\/v2\/types\/post"}],"author":[{"embeddable":true,"href":"https:\/\/www.europesays.com\/fr\/wp-json\/wp\/v2\/users\/2"}],"replies":[{"embeddable":true,"href":"https:\/\/www.europesays.com\/fr\/wp-json\/wp\/v2\/comments?post=961371"}],"version-history":[{"count":0,"href":"https:\/\/www.europesays.com\/fr\/wp-json\/wp\/v2\/posts\/961371\/revisions"}],"wp:featuredmedia":[{"embeddable":true,"href":"https:\/\/www.europesays.com\/fr\/wp-json\/wp\/v2\/media\/961372"}],"wp:attachment":[{"href":"https:\/\/www.europesays.com\/fr\/wp-json\/wp\/v2\/media?parent=961371"}],"wp:term":[{"taxonomy":"category","embeddable":true,"href":"https:\/\/www.europesays.com\/fr\/wp-json\/wp\/v2\/categories?post=961371"},{"taxonomy":"post_tag","embeddable":true,"href":"https:\/\/www.europesays.com\/fr\/wp-json\/wp\/v2\/tags?post=961371"}],"curies":[{"name":"wp","href":"https:\/\/api.w.org\/{rel}","templated":true}]}}