{"id":96144,"date":"2025-05-13T06:30:19","date_gmt":"2025-05-13T06:30:19","guid":{"rendered":"https:\/\/www.europesays.com\/fr\/96144\/"},"modified":"2025-05-13T06:30:19","modified_gmt":"2025-05-13T06:30:19","slug":"un-catamaran-au-vieux-port-de-marseille-pour-sensibiliser-le-grand-public-au-climat-de-locean","status":"publish","type":"post","link":"https:\/\/www.europesays.com\/fr\/96144\/","title":{"rendered":"Un catamaran au Vieux-Port de Marseille pour sensibiliser le grand public au climat de l\u2019oc\u00e9an"},"content":{"rendered":"<p>Depuis lundi et jusqu\u2019\u00e0 vendredi, le catamaran z\u00e9ro \u00e9mission MODX70 est amarr\u00e9 au Vieux-Port de Marseille pour la premi\u00e8re escale de \u00ab\u202fL\u2019Odyss\u00e9e Oc\u00e9an et Climat\u202f\u00bb. Organis\u00e9e par la fondation Race For Water, cette campagne vise \u00e0 sensibiliser le grand public et les jeunes g\u00e9n\u00e9rations aux enjeux de la pr\u00e9servation de l\u2019oc\u00e9an, avec un focus particulier sur la posidonie, une plante marine essentielle pour la M\u00e9diterran\u00e9e.<\/p>\n<p class=\"\" data-start=\"678\" data-end=\"1420\">L\u2019un des points forts de cette escale est l&rsquo;atelier d\u20191h30 propos\u00e9 aux \u00e9l\u00e8ves, centr\u00e9 sur la posidonie, une plante marine cruciale pour l\u2019\u00e9quilibre de la M\u00e9diterran\u00e9e. Camille Rollin, coordinatrice de l\u2019exp\u00e9dition Race For Water, explique : \u00ab\u00a0On commence par pr\u00e9senter le travail de la fondation et la mission &lsquo;Posidonie&rsquo;, qui d\u00e9marre de Marseille ce week-end. L\u2019objectif est de faire le lien entre l\u2019oc\u00e9an et le climat, et pour \u00e7a, nous avons fait appel \u00e0 des partenaires locaux comme La Fresque Oc\u00e9ane et les Petits D\u00e9brouillards. Ces derniers proposent des jeux de cartes pour mieux comprendre l\u2019Oc\u00e9an-Climat et des exp\u00e9riences scientifiques pour illustrer des ph\u00e9nom\u00e8nes comme l\u2019acidification ou la captation du carbone par l\u2019oc\u00e9an.\u00a0\u00bb<\/p>\n<p class=\"\" data-start=\"1422\" data-end=\"1911\">Les enfants, motiv\u00e9s par les ateliers, sont invit\u00e9s \u00e0 s\u2019approprier ces connaissances et \u00e0 devenir des ambassadeurs de la pr\u00e9servation des oc\u00e9ans. Camille Rollin poursuit : \u00ab\u00a0L&rsquo;id\u00e9e, c\u2019est qu\u2019ils gardent cette petite flamme. Aujourd\u2019hui, ce sont des \u00e9l\u00e8ves de CM2, et leur enthousiasme montre qu\u2019ils sont pr\u00eats \u00e0 jouer un r\u00f4le dans la lutte contre le changement climatique. Il faut que cette prise de conscience dure dans le temps et que les enfants transmettent le message aux adultes.\u00a0\u00bb<\/p>\n<p class=\"\" data-start=\"1422\" data-end=\"1911\">\u00a0<\/p>\n<p class=\"\" data-start=\"1913\" data-end=\"2283\"><strong data-start=\"1913\" data-end=\"1945\">Un programme riche pour tous<\/strong><\/p>\n<p class=\"\" data-start=\"1913\" data-end=\"2283\"><br data-start=\"1945\" data-end=\"1948\"\/>Outre les ateliers scolaires, plusieurs \u00e9v\u00e9nements sont programm\u00e9s pour le grand public. Ce jeudi, une conf\u00e9rence gratuite sur la posidonie aura lieu \u00e0 l\u2019espace Bargemont, suivie de la projection du film Posidonia, qui raconte l\u2019aventure d\u2019une exploratrice nageant 400 km entre Marseille et Nice pour alerter sur le climat oc\u00e9anique.<\/p>\n<p class=\"\" data-start=\"2285\" data-end=\"2577\">Et pour aller plus loin, <a href=\"https:\/\/www.maritima.info\/actualites\/environnement\/marseille\/7013\/Raceforwater.org.fr\" target=\"_blank\" rel=\"noopener\">une conf\u00e9rence gratuite<\/a> (sur inscription) est pr\u00e9vue ce jeudi \u00e0 18h \u00e0 l\u2019espace Bargemont. Elle sera suivie de la projection du film Posidonia, qui retrace les 400 km \u00e0 la nage d\u2019une exploratrice entre Marseille et Nice pour alerter sur le climat oc\u00e9anique.<\/p>\n<p class=\"\" data-start=\"2285\" data-end=\"2577\">\u00a0<\/p>\n<p class=\"\" data-start=\"2285\" data-end=\"2577\">\n","protected":false},"excerpt":{"rendered":"Depuis lundi et jusqu\u2019\u00e0 vendredi, le catamaran z\u00e9ro \u00e9mission MODX70 est amarr\u00e9 au Vieux-Port de Marseille pour la&hellip;\n","protected":false},"author":2,"featured_media":96145,"comment_status":"","ping_status":"","sticky":false,"template":"","format":"standard","meta":{"footnotes":""},"categories":[2814],"tags":[1111,11,1129,1777,674,1011,27,884,12,12517,882,20964,25,6381],"class_list":{"0":"post-96144","1":"post","2":"type-post","3":"status-publish","4":"format-standard","5":"has-post-thumbnail","7":"category-marseille","8":"tag-actu","9":"tag-actualites","10":"tag-climat","11":"tag-eu","12":"tag-europe","13":"tag-fr","14":"tag-france","15":"tag-marseille","16":"tag-news","17":"tag-ocean","18":"tag-provence-alpes-cote-dazur","19":"tag-race-for-water","20":"tag-republique-francaise","21":"tag-ville-de-marseille"},"share_on_mastodon":{"url":"https:\/\/pubeurope.com\/@fr\/114499120274694647","error":""},"_links":{"self":[{"href":"https:\/\/www.europesays.com\/fr\/wp-json\/wp\/v2\/posts\/96144","targetHints":{"allow":["GET"]}}],"collection":[{"href":"https:\/\/www.europesays.com\/fr\/wp-json\/wp\/v2\/posts"}],"about":[{"href":"https:\/\/www.europesays.com\/fr\/wp-json\/wp\/v2\/types\/post"}],"author":[{"embeddable":true,"href":"https:\/\/www.europesays.com\/fr\/wp-json\/wp\/v2\/users\/2"}],"replies":[{"embeddable":true,"href":"https:\/\/www.europesays.com\/fr\/wp-json\/wp\/v2\/comments?post=96144"}],"version-history":[{"count":0,"href":"https:\/\/www.europesays.com\/fr\/wp-json\/wp\/v2\/posts\/96144\/revisions"}],"wp:featuredmedia":[{"embeddable":true,"href":"https:\/\/www.europesays.com\/fr\/wp-json\/wp\/v2\/media\/96145"}],"wp:attachment":[{"href":"https:\/\/www.europesays.com\/fr\/wp-json\/wp\/v2\/media?parent=96144"}],"wp:term":[{"taxonomy":"category","embeddable":true,"href":"https:\/\/www.europesays.com\/fr\/wp-json\/wp\/v2\/categories?post=96144"},{"taxonomy":"post_tag","embeddable":true,"href":"https:\/\/www.europesays.com\/fr\/wp-json\/wp\/v2\/tags?post=96144"}],"curies":[{"name":"wp","href":"https:\/\/api.w.org\/{rel}","templated":true}]}}