{"id":961624,"date":"2026-05-28T05:03:18","date_gmt":"2026-05-28T05:03:18","guid":{"rendered":"https:\/\/www.europesays.com\/fr\/961624\/"},"modified":"2026-05-28T05:03:18","modified_gmt":"2026-05-28T05:03:18","slug":"reze-ils-ont-realise-des-pieces-en-metal-du-mat-de-la-fraternite","status":"publish","type":"post","link":"https:\/\/www.europesays.com\/fr\/961624\/","title":{"rendered":"Rez\u00e9. Ils ont r\u00e9alis\u00e9 des pi\u00e8ces en m\u00e9tal du m\u00e2t de la Fraternit\u00e9"},"content":{"rendered":"<p>Mardi, les lyc\u00e9ens de terminale pro Technicien en chaudronnerie industrielle du lyc\u00e9e Louis-Jacques- Goussier de Rez\u00e9 se sont retrouv\u00e9s devant le m\u00e2t de la Fraternit\u00e9, sur l\u2019\u00eele de Nantes. Leur m\u00e2t, pourrait-on dire, puisqu\u2019ils ont r\u00e9alis\u00e9 les pi\u00e8ces m\u00e9talliques de l\u2019ouvrage.<\/p>\n<p>Xavier Priou, responsable de la fili\u00e8re, s\u2019\u00e9tait engag\u00e9 il y a trois\u00a0ans aux c\u00f4t\u00e9s des concepteurs\u00a0: \u00ab<strong>\u00a0Je me suis projet\u00e9, avec les savoir-faire et les comp\u00e9tences de mes \u00e9quipes, mais aussi pour les valeurs port\u00e9es contre la haine, le racisme<\/strong>.\u00a0\u00bb<\/p>\n<p>Les enseignants se sont investis, le passage de relais a \u00e9t\u00e9 assur\u00e9 d\u2019ann\u00e9e en ann\u00e9e, en s\u2019adaptant aux \u00e9volutions, aux contraintes techniques, esth\u00e9tiques. Sans oublier un lien permanent avec les autres corps de m\u00e9tiers ext\u00e9rieurs, menuisiers, \u00e9lectriciens.<\/p>\n<p>Un projet global dont les \u00e9l\u00e8ves sont fiers. \u00ab<strong>\u00a0Voir notre travail de bac pro expos\u00e9, sur 18\u00a0m de haut, c\u2019est valorisant, et impressionnant quand on se dit qu\u2019on a contribu\u00e9 au patrimoine nantais<\/strong>\u00a0\u00bb, souligne Ewen. <strong>\u00a0Une autre fiert\u00e9, c\u2019est le message port\u00e9 par le m\u00e2t, avec une lourde signification<\/strong>\u00a0 compl\u00e8te L\u00e9vi.<\/p>\n<p>\u00a0<strong>On a aussi r\u00e9alis\u00e9 le moule pour la gravure du socle, <\/strong>poursuit Shona. <strong>Tous les \u00eatres humains naissent libres et \u00e9gaux en dignit\u00e9 et en droits<\/strong>.\u00a0<\/p>\n<p>\u00a0<\/p>\n","protected":false},"excerpt":{"rendered":"Mardi, les lyc\u00e9ens de terminale pro Technicien en chaudronnerie industrielle du lyc\u00e9e Louis-Jacques- Goussier de Rez\u00e9 se sont&hellip;\n","protected":false},"author":2,"featured_media":961625,"comment_status":"","ping_status":"","sticky":false,"template":"","format":"standard","meta":{"footnotes":"","_share_on_mastodon":"0"},"categories":[2818],"tags":[1111,11,1777,674,1011,27,37064,31084,28629,766,12,2636,15080,21226,25,3740],"class_list":["post-961624","post","type-post","status-publish","format-standard","has-post-thumbnail","category-nantes","tag-actu","tag-actualites","tag-eu","tag-europe","tag-fr","tag-france","tag-fraternite","tag-mat","tag-metal","tag-nantes","tag-news","tag-pays-de-la-loire","tag-pieces","tag-realise","tag-republique-francaise","tag-reze"],"share_on_mastodon":{"url":"https:\/\/pubeurope.com\/@fr\/116650456187663127","error":""},"_links":{"self":[{"href":"https:\/\/www.europesays.com\/fr\/wp-json\/wp\/v2\/posts\/961624","targetHints":{"allow":["GET"]}}],"collection":[{"href":"https:\/\/www.europesays.com\/fr\/wp-json\/wp\/v2\/posts"}],"about":[{"href":"https:\/\/www.europesays.com\/fr\/wp-json\/wp\/v2\/types\/post"}],"author":[{"embeddable":true,"href":"https:\/\/www.europesays.com\/fr\/wp-json\/wp\/v2\/users\/2"}],"replies":[{"embeddable":true,"href":"https:\/\/www.europesays.com\/fr\/wp-json\/wp\/v2\/comments?post=961624"}],"version-history":[{"count":0,"href":"https:\/\/www.europesays.com\/fr\/wp-json\/wp\/v2\/posts\/961624\/revisions"}],"wp:featuredmedia":[{"embeddable":true,"href":"https:\/\/www.europesays.com\/fr\/wp-json\/wp\/v2\/media\/961625"}],"wp:attachment":[{"href":"https:\/\/www.europesays.com\/fr\/wp-json\/wp\/v2\/media?parent=961624"}],"wp:term":[{"taxonomy":"category","embeddable":true,"href":"https:\/\/www.europesays.com\/fr\/wp-json\/wp\/v2\/categories?post=961624"},{"taxonomy":"post_tag","embeddable":true,"href":"https:\/\/www.europesays.com\/fr\/wp-json\/wp\/v2\/tags?post=961624"}],"curies":[{"name":"wp","href":"https:\/\/api.w.org\/{rel}","templated":true}]}}