{"id":96168,"date":"2025-05-13T06:45:09","date_gmt":"2025-05-13T06:45:09","guid":{"rendered":"https:\/\/www.europesays.com\/fr\/96168\/"},"modified":"2025-05-13T06:45:09","modified_gmt":"2025-05-13T06:45:09","slug":"un-reseau-complotiste-et-extremiste-fait-lobjet-dune-vaste-operation-policiere","status":"publish","type":"post","link":"https:\/\/www.europesays.com\/fr\/96168\/","title":{"rendered":"un r\u00e9seau complotiste et extr\u00e9miste fait l\u2019objet d\u2019une vaste op\u00e9ration polici\u00e8re"},"content":{"rendered":"<p>L\u2019association \u00abRoyaume d\u2019Allemagne\u00bb compte environ 6000 partisans qui \u00abnient l\u2019existence de la R\u00e9publique f\u00e9d\u00e9rale d\u2019Allemagne et rejettent son syst\u00e8me juridique\u00bb, a expliqu\u00e9 le minist\u00e8re de l\u2019Int\u00e9rieur allemand.<\/p>\n<p class=\"fig-paragraph\">Les autorit\u00e9s allemandes ont annonc\u00e9 ce mardi des perquisitions contre un r\u00e9seau\u00a0<a href=\"http:\/\/www.lefigaro.fr\/international\/allemagne-le-proces-de-neuf-complotistes-des-citoyens-du-reich-debute-ce-lundi-20240429\" target=\"_blank\" data-fig-type=\"Article\" rel=\"noopener nofollow\" data-gtm-custom-categorie=\"navigation\" data-gtm-custom-action=\"crossclick\" data-gtm-custom-label=\"Contextuel\" data-gtm-event=\"customEventSPE\" data-fig-domain=\"LEFIGARO\">complotiste\u00a0<\/a>et extr\u00e9miste \u00e0 travers le pays et prononc\u00e9 la dissolution de \u00abla plus grande organisation\u00bb de cette mouvance accus\u00e9e \u00abd&rsquo;attaquer l&rsquo;ordre d\u00e9mocratique lib\u00e9ral\u00bb.<\/p>\n<p class=\"fig-paragraph\">Des perquisitions ont \u00e9t\u00e9 lanc\u00e9es dans sept r\u00e9gions du pays visant l&rsquo;association \u00abRoyaume d&rsquo;Allemagne\u00bb, a annonc\u00e9 le minist\u00e8re de l&rsquo;Int\u00e9rieur dans un communiqu\u00e9 \u00e0 propos de ce groupe comptant environ 6000 partisans qui \u00abnient l&rsquo;existence de la R\u00e9publique f\u00e9d\u00e9rale d&rsquo;Allemagne et rejettent son syst\u00e8me juridique\u00bb.<\/p>\n<p class=\"fig-paragraph\">Plus d\u2019informations \u00e0 venir&#8230;<\/p>\n","protected":false},"excerpt":{"rendered":"L\u2019association \u00abRoyaume d\u2019Allemagne\u00bb compte environ 6000 partisans qui \u00abnient l\u2019existence de la R\u00e9publique f\u00e9d\u00e9rale d\u2019Allemagne et rejettent son&hellip;\n","protected":false},"author":2,"featured_media":96169,"comment_status":"","ping_status":"","sticky":false,"template":"","format":"standard","meta":{"footnotes":""},"categories":[1587],"tags":[259,11,260,672,1804,8809,1805,1803,1777,674,1801,14,261,12,1476,262,1802],"class_list":{"0":"post-96168","1":"post","2":"type-post","3":"status-publish","4":"format-standard","5":"has-post-thumbnail","7":"category-allemagne","8":"tag-actualite-internationale","9":"tag-actualites","10":"tag-affaires-etrangeres","11":"tag-allemagne","12":"tag-bundesrepublik-deutschland","13":"tag-complotisme","14":"tag-de","15":"tag-deutschland","16":"tag-eu","17":"tag-europe","18":"tag-germany","19":"tag-international","20":"tag-ministere-des-affaires-etrangeres","21":"tag-news","22":"tag-operation","23":"tag-politique-etrangere","24":"tag-republique-federale-dallemagne"},"share_on_mastodon":{"url":"https:\/\/pubeurope.com\/@fr\/114499179348512579","error":""},"_links":{"self":[{"href":"https:\/\/www.europesays.com\/fr\/wp-json\/wp\/v2\/posts\/96168","targetHints":{"allow":["GET"]}}],"collection":[{"href":"https:\/\/www.europesays.com\/fr\/wp-json\/wp\/v2\/posts"}],"about":[{"href":"https:\/\/www.europesays.com\/fr\/wp-json\/wp\/v2\/types\/post"}],"author":[{"embeddable":true,"href":"https:\/\/www.europesays.com\/fr\/wp-json\/wp\/v2\/users\/2"}],"replies":[{"embeddable":true,"href":"https:\/\/www.europesays.com\/fr\/wp-json\/wp\/v2\/comments?post=96168"}],"version-history":[{"count":0,"href":"https:\/\/www.europesays.com\/fr\/wp-json\/wp\/v2\/posts\/96168\/revisions"}],"wp:featuredmedia":[{"embeddable":true,"href":"https:\/\/www.europesays.com\/fr\/wp-json\/wp\/v2\/media\/96169"}],"wp:attachment":[{"href":"https:\/\/www.europesays.com\/fr\/wp-json\/wp\/v2\/media?parent=96168"}],"wp:term":[{"taxonomy":"category","embeddable":true,"href":"https:\/\/www.europesays.com\/fr\/wp-json\/wp\/v2\/categories?post=96168"},{"taxonomy":"post_tag","embeddable":true,"href":"https:\/\/www.europesays.com\/fr\/wp-json\/wp\/v2\/tags?post=96168"}],"curies":[{"name":"wp","href":"https:\/\/api.w.org\/{rel}","templated":true}]}}