{"id":96219,"date":"2025-05-13T07:14:12","date_gmt":"2025-05-13T07:14:12","guid":{"rendered":"https:\/\/www.europesays.com\/fr\/96219\/"},"modified":"2025-05-13T07:14:12","modified_gmt":"2025-05-13T07:14:12","slug":"les-festivals-a-ne-pas-manquer-dans-la-loire","status":"publish","type":"post","link":"https:\/\/www.europesays.com\/fr\/96219\/","title":{"rendered":"Les festivals \u00e0 ne pas manquer dans la Loire"},"content":{"rendered":"<p class=\"is-style-chapo\">C\u2019est le retour des beaux jours et avec lui, le d\u00e9but des festivals. Le d\u00e9partement ne manque pas d\u2019une offre vari\u00e9e en la mati\u00e8re. If Saint-Etienne a list\u00e9 pour vous les festivals \u00e0 ne pas manquer en 2025 dans la Loire.<\/p>\n<p><img loading=\"lazy\" decoding=\"async\" width=\"1024\" height=\"576\" src=\"https:\/\/www.europesays.com\/fr\/wp-content\/uploads\/2025\/05\/DSC05729-1536x1026-1-1024x576.jpg\" alt=\"Foreztival \" class=\"wp-image-79030\"  \/>Lors de l\u2019\u00e9dition 2024 du Foreztival. \u00a9CVDG\/ If Saint-Etienne<\/p>\n<p>1 \u2013 Paroles et musiques<\/p>\n<p>C\u2019est une institution \u00e0 Saint-Etienne depuis 1992. Du 19 au 24 mai, le festival <a href=\"https:\/\/www.if-saint-etienne.fr\/culture-loisirs\/festival-paroles-et-musiques-tremplin-denergies\" target=\"_blank\" rel=\"noreferrer noopener nofollow\">Paroles et Musiques<\/a> est de retour au Z\u00e9nith, au Fil, \u00e0 La Com\u00e8te et \u00e0 L\u2019Usine. Comme chaque ann\u00e9e, le festival fera la part belle aux talents \u00e9mergents tout en proposant aussi des t\u00eates d\u2019affiche. Cette ann\u00e9e, vous pourrez notamment applaudir Sam Sauvage, Hoshi, J\u00e9r\u00e9my Fr\u00e9rot, ou encore Bagarre.<\/p>\n<p>2 \u2013 Foreztival<\/p>\n<p>C\u2019est le festival de tous les records dans la Loire. En effet lors de l\u2019\u00e9dition pr\u00e9c\u00e9dente, le <a href=\"https:\/\/www.if-saint-etienne.fr\/breves\/foreztival-la-programmation-setoffe-encore\" target=\"_blank\" rel=\"noreferrer noopener nofollow\">Foreztival<\/a> avait battu son record de fr\u00e9quentation avec pas moins de 45 000 festivaliers. Cette ann\u00e9e, du 1er au 3 ao\u00fbt \u00e0 Trelins, les organisateurs vous proposent une programmation \u00e9clectique avec la Dub Inc, Ms Solaar, Sofiane Pamart, Ultra Vomit ou encore Carbonne.<\/p>\n<p>3 \u2013 Lat\u00e9ral Festival<\/p>\n<p>C\u2019est le petit nouveau de cette ann\u00e9e 2025. L\u2019association FZL, en charge du Foreztival, lance le <a href=\"https:\/\/www.fzlprod.com\/evenement\/lateral-festival\/\" target=\"_blank\" rel=\"noreferrer noopener nofollow\">Lat\u00e9ral Festival<\/a> \u00e0 Saint-Etienne. Un \u00e9v\u00e9nement d\u00e9di\u00e9 aux musiques techno, house et dub, organis\u00e9 en partenariat avec le label st\u00e9phanois Poto Feu Records. Samedi 14 juin, sous les tribunes du stage Geoffroy Guichard, venez danser dans un cadre exceptionnel sur Octane One Live, Mezigue ou encore Atili.<\/p>\n<p>4 \u2013 Positive Education<\/p>\n<p>Le <a href=\"https:\/\/www.if-saint-etienne.fr\/culture-loisirs\/positive-education-5-raisons-den-etre\" target=\"_blank\" rel=\"noreferrer noopener nofollow\">Positive Education<\/a> est un festival bien install\u00e9 \u00e0 Saint-Etienne et qui a plus que contribu\u00e9 \u00e0 inscrire la ville de Saint-Etienne sur la carte de France et d\u2019Europe des musiques \u00e9lectroniques. Depuis 2025, au mois de novembre, le festival propose une programmation originale et pointue. Pour l\u2019heure, pas de date ni de site communiqu\u00e9. En 2024, 15 000 festivaliers \u00e9taient venus voir Overmono, Oklou ou encore Funk Assault.<\/p>\n<p>5 \u2013 La Rue des Artistes<\/p>\n<p>Du 13 au 15 juin, dans le parc Nelson Mandela de Saint-Chamond, le festival <a href=\"https:\/\/laruedesartistes.fr\/billetterie\/\" target=\"_blank\" rel=\"noreferrer noopener nofollow\">La Rue des Artistes<\/a> est de retour pour une 28\u00e8me \u00e9dition. Organis\u00e9 par l\u2019association Atout Monde, il m\u00eale le th\u00e9\u00e2tre de rue, les arts plastiques, ou encore la musique. Au programme cette ann\u00e9e, Oxmo Puccino, HK, Malaka ou encore Alee &amp; Mourad Musset (de la Rue Ketanou).<\/p>\n","protected":false},"excerpt":{"rendered":"C\u2019est le retour des beaux jours et avec lui, le d\u00e9but des festivals. Le d\u00e9partement ne manque pas&hellip;\n","protected":false},"author":2,"featured_media":96220,"comment_status":"","ping_status":"","sticky":false,"template":"","format":"standard","meta":{"footnotes":""},"categories":[9653],"tags":[1111,11,2430,1777,674,849,20967,20968,1011,27,12,20969,20970,14430,25,4001],"class_list":{"0":"post-96219","1":"post","2":"type-post","3":"status-publish","4":"format-standard","5":"has-post-thumbnail","7":"category-saint-etienne","8":"tag-actu","9":"tag-actualites","10":"tag-auvergne-rhone-alpes","11":"tag-eu","12":"tag-europe","13":"tag-festival","14":"tag-festival-positive-education-saint-etienne","15":"tag-foreztival-2025","16":"tag-fr","17":"tag-france","18":"tag-news","19":"tag-paroles-et-musiques","20":"tag-positive-education","21":"tag-recreatif","22":"tag-republique-francaise","23":"tag-saint-etienne"},"share_on_mastodon":{"url":"https:\/\/pubeurope.com\/@fr\/114499293240922072","error":""},"_links":{"self":[{"href":"https:\/\/www.europesays.com\/fr\/wp-json\/wp\/v2\/posts\/96219","targetHints":{"allow":["GET"]}}],"collection":[{"href":"https:\/\/www.europesays.com\/fr\/wp-json\/wp\/v2\/posts"}],"about":[{"href":"https:\/\/www.europesays.com\/fr\/wp-json\/wp\/v2\/types\/post"}],"author":[{"embeddable":true,"href":"https:\/\/www.europesays.com\/fr\/wp-json\/wp\/v2\/users\/2"}],"replies":[{"embeddable":true,"href":"https:\/\/www.europesays.com\/fr\/wp-json\/wp\/v2\/comments?post=96219"}],"version-history":[{"count":0,"href":"https:\/\/www.europesays.com\/fr\/wp-json\/wp\/v2\/posts\/96219\/revisions"}],"wp:featuredmedia":[{"embeddable":true,"href":"https:\/\/www.europesays.com\/fr\/wp-json\/wp\/v2\/media\/96220"}],"wp:attachment":[{"href":"https:\/\/www.europesays.com\/fr\/wp-json\/wp\/v2\/media?parent=96219"}],"wp:term":[{"taxonomy":"category","embeddable":true,"href":"https:\/\/www.europesays.com\/fr\/wp-json\/wp\/v2\/categories?post=96219"},{"taxonomy":"post_tag","embeddable":true,"href":"https:\/\/www.europesays.com\/fr\/wp-json\/wp\/v2\/tags?post=96219"}],"curies":[{"name":"wp","href":"https:\/\/api.w.org\/{rel}","templated":true}]}}