{"id":96221,"date":"2025-05-13T07:15:08","date_gmt":"2025-05-13T07:15:08","guid":{"rendered":"https:\/\/www.europesays.com\/fr\/96221\/"},"modified":"2025-05-13T07:15:08","modified_gmt":"2025-05-13T07:15:08","slug":"la-boulangerie-de-saint-etienne-du-bois-change-de-proprietaires-et-devient-la-baguetterie","status":"publish","type":"post","link":"https:\/\/www.europesays.com\/fr\/96221\/","title":{"rendered":"La boulangerie de Saint-Etienne-du-Bois change de propri\u00e9taires et devient La Baguetterie"},"content":{"rendered":"<p>            Par<br \/>\n        <strong><br \/>\n            <a href=\"https:\/\/actu.fr\/auteur\/journaliste-cv\" title=\"Consulter tous les articles de R\u00e9daction Challans\" target=\"_blank\" rel=\"noopener\">R\u00e9daction Challans<\/a><br \/>\n        <\/strong><\/p>\n<p>        Publi\u00e9 le<\/p>\n<p>            13 mai 2025 \u00e0 9h06        <\/p>\n<p>\u00c0 <a href=\"https:\/\/actu.fr\/pays-de-la-loire\/saint-etienne-du-bois_85210\" target=\"_blank\" rel=\"noopener\">Saint-Etienne du Bois<\/a>, en <a href=\"https:\/\/actu.fr\/pays-de-la-loire\/vendee_85\" target=\"_blank\" rel=\"noopener\">Vend\u00e9e<\/a>, J\u00e9r\u00f4me et B\u00e9atrice Cr\u00e9pin ont laiss\u00e9 la boulangerie situ\u00e9e place des Anciens Combattants apr\u00e8s trente ans derri\u00e8re le fournil. Le commerce est repris depuis le 29\u00a0avril par Alexandre Richard, 29\u00a0ans et Nora Lanselle-Guillemont, 31\u00a0ans.<\/p>\n<p>Une baguette tradition en sp\u00e9cialit\u00e9<\/p>\n<p class=\" wall-content\">Leur enseigne ? \u00ab La Baguetterie. Avec en sp\u00e9cialit\u00e9 notre baguette tradition la Parisse. \u00bb Un pain n\u00e9 dans la Manche des mains du meilleur ouvrier de France Ga\u00ebtan Paris. Ce dernier a r\u00e9alis\u00e9 plusieurs produits sp\u00e9cifiques que le couple qui lance sa premi\u00e8re affaire propose \u00e9galement.<\/p>\n<p class=\" wall-content\">\u00ab Du pain au ma\u00efs, des petits choux garnis \u00e0 plusieurs saveurs, le Terre de Mars, qui est un g\u00e2teau de voyage au chocolat\u2026 \u00bb La boulangerie-p\u00e2tisserie mettra aussi du snacking en rayon.<\/p>\n<p>Fermeture le mercredi<\/p>\n<p class=\" wall-content\">Elle sera ferm\u00e9e le mercredi. \u00ab Pour le moment, nous ouvrons les autres jours de 7\u00a0heures \u00e0 19\u00a0heures et le dimanche uniquement en matin\u00e9e, le temps de trouver le bon moment pour faire une coupure. \u00bb<\/p>\n<p class=\" wall-content\">Suivez toute l\u2019actualit\u00e9 de vos villes et m\u00e9dias favoris en vous inscrivant \u00e0 <a href=\"https:\/\/moncompte.actu.fr\" title=\"D\u00e9couvez Mon Actu\" rel=\"nofollow noopener\" data-trk=\"{&quot;cta&quot;:{&quot;action&quot;:&quot;https:\\\/\\\/moncompte.actu.fr&quot;,&quot;category&quot;:&quot;mon compte&quot;,&quot;from&quot;:&quot;article footer&quot;,&quot;name&quot;:&quot;Mon actu&quot;,&quot;type&quot;:&quot;cta&quot;}}\" target=\"_blank\">Mon Actu<\/a>.<\/p>\n<ul class=\"ac-article-tag wall-content\">\n<li><a href=\"https:\/\/actu.fr\/tag\/commerce\" data-trk=\"{&quot;cta&quot;:{&quot;action&quot;:&quot;Commerce&quot;,&quot;category&quot;:&quot;tag&quot;,&quot;from&quot;:&quot;article footer&quot;,&quot;name&quot;:&quot;Commerce&quot;,&quot;type&quot;:&quot;cta&quot;}}\" target=\"_blank\" rel=\"noopener\">#Commerce<\/a><\/li>\n<li><a href=\"https:\/\/actu.fr\/tag\/nord-ouest-vendee\" data-trk=\"{&quot;cta&quot;:{&quot;action&quot;:&quot;Nord-Ouest Vend\\u00e9e&quot;,&quot;category&quot;:&quot;tag&quot;,&quot;from&quot;:&quot;article footer&quot;,&quot;name&quot;:&quot;Nord-Ouest Vend\\u00e9e&quot;,&quot;type&quot;:&quot;cta&quot;}}\" target=\"_blank\" rel=\"noopener\">#Nord-Ouest Vend\u00e9e<\/a><\/li>\n<\/ul>\n","protected":false},"excerpt":{"rendered":"Par R\u00e9daction Challans Publi\u00e9 le 13 mai 2025 \u00e0 9h06 \u00c0 Saint-Etienne du Bois, en Vend\u00e9e, J\u00e9r\u00f4me et&hellip;\n","protected":false},"author":2,"featured_media":96222,"comment_status":"","ping_status":"","sticky":false,"template":"","format":"standard","meta":{"footnotes":""},"categories":[9653],"tags":[1111,11,2430,215,1777,674,1011,27,12,20971,25,4001,104],"class_list":{"0":"post-96221","1":"post","2":"type-post","3":"status-publish","4":"format-standard","5":"has-post-thumbnail","7":"category-saint-etienne","8":"tag-actu","9":"tag-actualites","10":"tag-auvergne-rhone-alpes","11":"tag-commerce","12":"tag-eu","13":"tag-europe","14":"tag-fr","15":"tag-france","16":"tag-news","17":"tag-nord-ouest-vendee","18":"tag-republique-francaise","19":"tag-saint-etienne","20":"tag-societe"},"share_on_mastodon":{"url":"","error":""},"_links":{"self":[{"href":"https:\/\/www.europesays.com\/fr\/wp-json\/wp\/v2\/posts\/96221","targetHints":{"allow":["GET"]}}],"collection":[{"href":"https:\/\/www.europesays.com\/fr\/wp-json\/wp\/v2\/posts"}],"about":[{"href":"https:\/\/www.europesays.com\/fr\/wp-json\/wp\/v2\/types\/post"}],"author":[{"embeddable":true,"href":"https:\/\/www.europesays.com\/fr\/wp-json\/wp\/v2\/users\/2"}],"replies":[{"embeddable":true,"href":"https:\/\/www.europesays.com\/fr\/wp-json\/wp\/v2\/comments?post=96221"}],"version-history":[{"count":0,"href":"https:\/\/www.europesays.com\/fr\/wp-json\/wp\/v2\/posts\/96221\/revisions"}],"wp:featuredmedia":[{"embeddable":true,"href":"https:\/\/www.europesays.com\/fr\/wp-json\/wp\/v2\/media\/96222"}],"wp:attachment":[{"href":"https:\/\/www.europesays.com\/fr\/wp-json\/wp\/v2\/media?parent=96221"}],"wp:term":[{"taxonomy":"category","embeddable":true,"href":"https:\/\/www.europesays.com\/fr\/wp-json\/wp\/v2\/categories?post=96221"},{"taxonomy":"post_tag","embeddable":true,"href":"https:\/\/www.europesays.com\/fr\/wp-json\/wp\/v2\/tags?post=96221"}],"curies":[{"name":"wp","href":"https:\/\/api.w.org\/{rel}","templated":true}]}}