{"id":96226,"date":"2025-05-13T07:18:13","date_gmt":"2025-05-13T07:18:13","guid":{"rendered":"https:\/\/www.europesays.com\/fr\/96226\/"},"modified":"2025-05-13T07:18:13","modified_gmt":"2025-05-13T07:18:13","slug":"justrose-a-affiche-complet-le-week-end-dernier-a-sanary-et-une-femme-a-perdu-les-eaux-lors-du-festival","status":"publish","type":"post","link":"https:\/\/www.europesays.com\/fr\/96226\/","title":{"rendered":"Just\u2019Ros\u00e9 a affich\u00e9 complet le week-end dernier \u00e0 Sanary et une femme a perdu les eaux lors du festival"},"content":{"rendered":"<p>La jauge de 20.000 billets pour Just\u2019Ros\u00e9, \u00e9tablie \u00ab\u00a0pour des raisons de s\u00e9curit\u00e9 et pour conserver le caract\u00e8re qualitatif de l\u2019\u00e9v\u00e9nement\u00a0\u00bb, a \u00e9t\u00e9 atteinte. La pr\u00e9sidente de l\u2019association Just\u2019Sanary, qui avec la Ville a organis\u00e9 le festival de vendredi \u00e0 dimanche dernier sur le port, est donc plus que satisfaite. \u00ab\u00a0Et on estime le nombre d\u2019accompagnants (ceux qui n\u2019ont pas pris part aux d\u00e9gustations) \u00e0 environ 30.000.\u00a0\u00bb Quelque 550 kits enfants ont par ailleurs trouv\u00e9 preneurs.<\/p>\n<p>Il n\u2019y a \u00ab\u00a0pas eu de d\u00e9bordements\u00a0\u00bb, confie encore Caroline Camus, qui \u00e9tait en contact r\u00e9gulier avec les pompiers et les policiers pr\u00e9sents. \u00ab\u00a0Le seul fait notable, c\u2019est une femme qui a perdu les eaux pendant le festival. Mais elle a \u00e9t\u00e9 bien prise en charge et a accouch\u00e9 un peu plus tard dans la journ\u00e9e. C\u2019\u00e9tait le premier b\u00e9b\u00e9 Just\u2019Ros\u00e9!\u00a0\u00bb<\/p>\n<p>Pr\u00e9sence polici\u00e8re renforc\u00e9e<\/p>\n<p>Le commissaire de Sanary confirme: \u00ab\u00a0Il n\u2019y a pas eu de plainte, de bagarre, ni de vol \u00e0 la tire.\u00a0\u00bb Il faut dire que des moyens avaient \u00e9t\u00e9 mis en place: \u00ab\u00a0On a eu des renforts de la compagnie d\u2019intervention de Toulon, quelques r\u00e9servistes aussi&#8230; Chaque jour, une vingtaine de policiers nationaux \u00e9tait d\u00e9ploy\u00e9e sur le dispositif. La police municipale a \u00e9t\u00e9 elle aussi tr\u00e8s visible&#8230; Et gr\u00e2ce au CSU (Centre de supervision urbaine), elle avait une couverture quasi int\u00e9grale et en direct du p\u00e9rim\u00e8tre du festival. Ce qui nous a permis d\u2019anticiper et d\u2019\u00e9viter les probl\u00e8mes: \u00e0 la moindre situation un peu anim\u00e9e, on intervenait sur le coup pour faire baisser la pression imm\u00e9diatement&#8230;\u00a0\u00bb Il salue au passage \u00ab\u00a0le bel engagement de tous\u00a0\u00bb qui a permis la r\u00e9ussite pleine et enti\u00e8re de la manifestation.<\/p>\n","protected":false},"excerpt":{"rendered":"La jauge de 20.000 billets pour Just\u2019Ros\u00e9, \u00e9tablie \u00ab\u00a0pour des raisons de s\u00e9curit\u00e9 et pour conserver le caract\u00e8re&hellip;\n","protected":false},"author":2,"featured_media":96227,"comment_status":"","ping_status":"","sticky":false,"template":"","format":"standard","meta":{"footnotes":""},"categories":[9619],"tags":[1111,11,1777,674,7186,1011,27,12,882,25,2310],"class_list":{"0":"post-96226","1":"post","2":"type-post","3":"status-publish","4":"format-standard","5":"has-post-thumbnail","7":"category-toulon","8":"tag-actu","9":"tag-actualites","10":"tag-eu","11":"tag-europe","12":"tag-festivites","13":"tag-fr","14":"tag-france","15":"tag-news","16":"tag-provence-alpes-cote-dazur","17":"tag-republique-francaise","18":"tag-toulon"},"share_on_mastodon":{"url":"https:\/\/pubeurope.com\/@fr\/114499308961435041","error":""},"_links":{"self":[{"href":"https:\/\/www.europesays.com\/fr\/wp-json\/wp\/v2\/posts\/96226","targetHints":{"allow":["GET"]}}],"collection":[{"href":"https:\/\/www.europesays.com\/fr\/wp-json\/wp\/v2\/posts"}],"about":[{"href":"https:\/\/www.europesays.com\/fr\/wp-json\/wp\/v2\/types\/post"}],"author":[{"embeddable":true,"href":"https:\/\/www.europesays.com\/fr\/wp-json\/wp\/v2\/users\/2"}],"replies":[{"embeddable":true,"href":"https:\/\/www.europesays.com\/fr\/wp-json\/wp\/v2\/comments?post=96226"}],"version-history":[{"count":0,"href":"https:\/\/www.europesays.com\/fr\/wp-json\/wp\/v2\/posts\/96226\/revisions"}],"wp:featuredmedia":[{"embeddable":true,"href":"https:\/\/www.europesays.com\/fr\/wp-json\/wp\/v2\/media\/96227"}],"wp:attachment":[{"href":"https:\/\/www.europesays.com\/fr\/wp-json\/wp\/v2\/media?parent=96226"}],"wp:term":[{"taxonomy":"category","embeddable":true,"href":"https:\/\/www.europesays.com\/fr\/wp-json\/wp\/v2\/categories?post=96226"},{"taxonomy":"post_tag","embeddable":true,"href":"https:\/\/www.europesays.com\/fr\/wp-json\/wp\/v2\/tags?post=96226"}],"curies":[{"name":"wp","href":"https:\/\/api.w.org\/{rel}","templated":true}]}}